{"id":587734,"date":"2023-06-21T00:03:50","date_gmt":"2023-06-21T06:03:50","guid":{"rendered":"https:\/\/www.diarioimagen.net\/?p=587734"},"modified":"2023-06-20T23:28:18","modified_gmt":"2023-06-21T05:28:18","slug":"1-de-julio-otro-acarreo-mas","status":"publish","type":"post","link":"https:\/\/www.diarioimagen.net\/?p=587734","title":{"rendered":"1 de julio, otro acarreo m\u00e1s"},"content":{"rendered":"<h2>Espacio Electoral<\/h2>\n<h5>Eleazar Flores<\/h5>\n<p>&nbsp;<\/p>\n<p><strong>Y LOS QUE FALTAN-.<\/strong> Con un pretexto m\u00e1s como es la celebraci\u00f3n del QUINTO ANIVERSARIO triunfante de la cuarta transformaci\u00f3n, el presidente Andr\u00e9s Manuel L\u00f3pez Obrador\u00a0 ha anunciado la en\u00e9sima concentraci\u00f3n en el z\u00f3calo capitalino en cuyo discurso violar\u00e1 la ley.<\/p>\n<p>Y no ser\u00e1 por festejar la conmemoraci\u00f3n del triunfo electoral del 2 de julio de 2018, lo que ser\u00eda normal, sino porque aprovechar\u00e1 la concentraci\u00f3n de sus huestes\u00a0 para invocarlas a continuar APOYANDO LA TRANSFORMACI\u00d3N.<\/p>\n<p>Este \u00faltimo pronunciamiento ser\u00e1 el que induzca al mandatario a la violaci\u00f3n de la ley, pues eso significar\u00e1 que \u00fanicamente esa l\u00ednea ideol\u00f3gica tendr\u00e1 el respaldo presidencial para continuar con sus pol\u00edticas de trabajo, e indirectamente descalificar a todas las otras corrientes diferentes, a las que seguramente les agregar\u00e1 los calificativos de conservadores, neoliberales y dem\u00e1s.<\/p>\n<p>Muy diferente ser\u00eda y sin objeci\u00f3n alguna, que el jefe del comando guinda convocara a toda la poblaci\u00f3n, en la que caben pensantes de la m\u00e1s amplia pluralidad, a sumarse al trabajo fecundo y creador desde la trinchera que el destino les haya ubicado, sin m\u00e1s ambici\u00f3n que aportar trabajo y creatividad que influyan en el avance nacional, punto.<\/p>\n<p><strong>\u00bfY EL COSTO?-.<\/strong> Por costumbre inercial casi pasa desapercibido algo que deber\u00eda estar en el centro de la preocupaci\u00f3n, m\u00e1xime que se est\u00e1 viviendo en un gobierno en el que pomposamente se presume que est\u00e1 prohibido mentir, robar y todo lo dem\u00e1s, aun cuando por otros caminos ajenos a los contenidos de las ma\u00f1aneras, la poblaci\u00f3n tenga OTROS DATOS acerca de inseguridad, asesinatos, agresiones a miembros del Poder Judicial y dem\u00e1s.<\/p>\n<p>Ese ALGO DESAPERCIBIDO es el gasto que significa para el partido-gobierno, concentrar cincuenta mil o m\u00e1s simpatizantes, provenientes no s\u00f3lo de \u201cchilangopolis\u201d, tambi\u00e9n de municipios mexiquenses conurbados plenamente identificados, dado que a esos simpatizantes se les ofrece transporte, alimentos, bebidas no alcoh\u00f3licas, hay que aclararlo, y hasta posible \u201cbono\u201d.<\/p>\n<p>De las concentraciones de los \u00faltimos a\u00f1os solamente dos fueron de la sociedad civil totalmente espont\u00e1neas, la de \u201cEL IFE NO SE TOCA\u201d y la otra en defensa de los ministros y jueces del PODER JUDICIAL, blanco preferido del creador de la Cuarta Transformaci\u00f3n en las \u00faltimas fechas, agresi\u00f3n que ha bajado a otros niveles de gobierno como el caso del mandatario veracruzano Cuitl\u00e1huac Garc\u00eda, apoyado irrestrictamente por el presidente.<\/p>\n<p>Si a esos GASTOS DE CONCENTRACI\u00d3N se sumaran las de las \u201cCORCHOLATAS\u201d las cifras ser\u00edan en millones, pero ni se preocupe ya que el tema de las personas DEFENSORAS DEL VOTO, que las semanas los convierten en candidatos-as, no suman a gastos del INE, m\u00e1xime que ahora el \u00e1rbitro electoral est\u00e1 totalmente DESCAFEINADO y mudo ante violaciones diarias de la ley.<\/p>\n<p><em><a href=\"mailto:elefa44@gmail.com\" target=\"_blank\" rel=\"noopener noreferrer\">elefa44@gmail.com<\/a><\/em><\/p>\n","protected":false},"excerpt":{"rendered":"<p><span style=\"color: #005497;\"><strong>Eleazar Flores<\/strong><\/span><\/p>\n","protected":false},"author":3,"featured_media":0,"comment_status":"open","ping_status":"open","sticky":false,"template":"","format":"standard","meta":{"_monsterinsights_skip_tracking":false,"_monsterinsights_sitenote_active":false,"_monsterinsights_sitenote_note":"","_monsterinsights_sitenote_category":0,"footnotes":""},"categories":[81743],"tags":[81744,81776,43674],"class_list":["post-587734","post","type-post","status-publish","format-standard","hentry","category-eleazar-flores","tag-eleazar-flores","tag-espacio-electoral","tag-opinion"],"_links":{"self":[{"href":"https:\/\/www.diarioimagen.net\/index.php?rest_route=\/wp\/v2\/posts\/587734","targetHints":{"allow":["GET"]}}],"collection":[{"href":"https:\/\/www.diarioimagen.net\/index.php?rest_route=\/wp\/v2\/posts"}],"about":[{"href":"https:\/\/www.diarioimagen.net\/index.php?rest_route=\/wp\/v2\/types\/post"}],"author":[{"embeddable":true,"href":"https:\/\/www.diarioimagen.net\/index.php?rest_route=\/wp\/v2\/users\/3"}],"replies":[{"embeddable":true,"href":"https:\/\/www.diarioimagen.net\/index.php?rest_route=%2Fwp%2Fv2%2Fcomments&post=587734"}],"version-history":[{"count":0,"href":"https:\/\/www.diarioimagen.net\/index.php?rest_route=\/wp\/v2\/posts\/587734\/revisions"}],"wp:attachment":[{"href":"https:\/\/www.diarioimagen.net\/index.php?rest_route=%2Fwp%2Fv2%2Fmedia&parent=587734"}],"wp:term":[{"taxonomy":"category","embeddable":true,"href":"https:\/\/www.diarioimagen.net\/index.php?rest_route=%2Fwp%2Fv2%2Fcategories&post=587734"},{"taxonomy":"post_tag","embeddable":true,"href":"https:\/\/www.diarioimagen.net\/index.php?rest_route=%2Fwp%2Fv2%2Ftags&post=587734"}],"curies":[{"name":"wp","href":"https:\/\/api.w.org\/{rel}","templated":true}]}}