{"id":587755,"date":"2023-06-21T00:05:57","date_gmt":"2023-06-21T06:05:57","guid":{"rendered":"https:\/\/www.diarioimagen.net\/?p=587755"},"modified":"2023-06-22T01:00:41","modified_gmt":"2023-06-22T07:00:41","slug":"desolador-panorama-economico","status":"publish","type":"post","link":"https:\/\/www.diarioimagen.net\/?p=587755","title":{"rendered":"Desolador panorama ec\u00f3nomico"},"content":{"rendered":"<h2>Perfil de M\u00e9xico<\/h2>\n<h5>Armando R\u00edos Ruiz<\/h5>\n<p>&nbsp;<\/p>\n<p>Dicen los psic\u00f3logos que el Presidente de M\u00e9xico es una persona que entre otros males, padece el de la insensibilidad ante el dolor de sus semejantes. Si este diagn\u00f3stico lo aceptamos como cierto, entonces podemos colegir que el supuesto amor a los pobres no es m\u00e1s que un teatro concebido hace muchos a\u00f1os. Es decir, eligi\u00f3 a este sector de la poblaci\u00f3n como arma para llegar al poder. Son los que m\u00e1s abundan y los que menos exigen por sobrevivir acosados por la ignorancia, en zonas inaccesibles y por ello, f\u00e1cilmente enga\u00f1ados.<\/p>\n<p>Invent\u00f3 el slogan \u201cPrimero los pobres\u201d para mantenerlos de su lado y lo ha logrado. Conjuntamente con las d\u00e1divas bimestrales que en esta clase lo\u00a0 hacen ver como el salvador o como un dios. He escuchado decirlo directamente de ancianos humildes que muestran un agradecimiento inmenso a este se\u00f1or: \u00a1Qu\u00e9 hombre tan bueno! \u00a1Seguramente se ir\u00e1 derechito al cielo\u201d! As\u00ed me lo han expresado y no existe forma de desenga\u00f1arlos.<\/p>\n<p>Pero esas d\u00e1divas no han logrado m\u00e1s que el agradecimiento descrito. En la realidad, durante los dos primeros a\u00f1os de gobierno aparecieron casi cuatro millones de pobres, m\u00e1s 2.1 millones en situaci\u00f3n de pobreza extrema, que hoy militan bajo las banderas de la miseria. De acuerdo con datos del Consejo Nacional de Evaluaci\u00f3n de la Pol\u00edtica de Desarrollo Social (Coneval).<\/p>\n<p>Otros datos dicen que M\u00e9xico avanz\u00f3 23 posiciones en el \u00edndice de miseria 2022 y de la posici\u00f3n 91 pas\u00f3 a la 114 (de 157) en la lista de los pa\u00edses m\u00e1s miserables del mundo, que mide factores econ\u00f3micos como la inflaci\u00f3n, desempleo y crecimiento del PIB.<\/p>\n<p>Dicho ranking fue elaborado por Steve H. Hanke, profesor de econom\u00eda aplicada en The Johns Hopkins University en Baltimore, Estados Unidos. Conocido por su trabajo como reformador de las monedas focales en pa\u00edses de mercados emergentes y por muchos otros temas relacionados con la econom\u00eda.<\/p>\n<p>Una nota period\u00edstica de la semana pasada, asegura que \u201cen M\u00e9xico hay 34 millones de personas con salario debajo del umbral de pobreza, y que no ha podido\u00a0 superarlo. Esto es, a una familia de cuatro integrantes no le alcanza para dos canastas b\u00e1sicas y le cuesta mucho trabajo sobrevivir.<\/p>\n<p>Rogelio Hermosillo, coordinador de Acci\u00f3n Ciudadana Frente a la Pobreza, en entrevista con un diario de circulaci\u00f3n nacional, manifest\u00f3 que el Instituto Nacional de Estad\u00edstica y Geograf\u00eda (Inegi), se\u00f1ala que existen siete millones de desocupados listos para trabajar. Desencantados y sin inter\u00e9s de emplearse. Los salarios son tan bajos, que no les alcanzar\u00eda ni para el transporte.<\/p>\n<p>Entre los casi 60 millones ocupados, 34 millones trabajan con un salario insuficiente o lo que es lo mismo, con menos de ocho mil pesos, para superar el umbral de pobreza. Hermosillo afirma que el reporte del Observatorio de Trabajo Digno (OTD) revela que los nuevos datos de la actividad laboral, al primer trimestre de este a\u00f1o, muestran fallas estructurales.<\/p>\n<p>En contraste con los deseos del Primer Mandatario, que ha recomendado la pobreza como el mejor medio, no de supervivencia, porque sonar\u00eda descabellado, pero seguramente para estar bien con Dios, Hermosillo dice que quien trabaja no debe ser pobre. Pero que crezca el n\u00famero de \u00e9stos no es buena noticia.<\/p>\n<p>La realidad es que M\u00e9xico ha cambiado para mal, sustancial y notoriamente en todos los rubros, desde que gobierna Morena. Todos tienen su importancia. Desde la econom\u00eda hasta la seguridad. Sin dejar de lado la prohibici\u00f3n del suministro de medicinas, que ha enviado al pante\u00f3n a miles y miles de mexicanos y que mantiene al borde de la muerte a los enfermos graves.<\/p>\n<p>Sin dejar de lado la destrucci\u00f3n de instituciones que solucionaban problemas ingentes, s\u00f3lo por el prurito de aniquilamiento\u00a0 porque estorban a sus planes dictatoriales o simplemente de sucesi\u00f3n. Incluidas las que advert\u00edan de las erogaciones del gobierno, porque de alguna forma tiene que blindarlas para que los mexicanos no sepamos c\u00f3mo y en qu\u00e9 derrocha nuestro dinero.<\/p>\n<p><a href=\"mailto:ariosruiz@gmail.com\" target=\"_blank\" rel=\"noopener noreferrer\"><em>ariosruiz@gmail.com<\/em><\/a><\/p>\n","protected":false},"excerpt":{"rendered":"<p><span style=\"color: #005497;\"><strong>Armando R\u00edos Ruiz<\/strong><\/span><\/p>\n","protected":false},"author":3,"featured_media":0,"comment_status":"open","ping_status":"open","sticky":false,"template":"","format":"standard","meta":{"_monsterinsights_skip_tracking":false,"_monsterinsights_sitenote_active":false,"_monsterinsights_sitenote_note":"","_monsterinsights_sitenote_category":0,"footnotes":""},"categories":[88405],"tags":[88407,43674,91193],"class_list":["post-587755","post","type-post","status-publish","format-standard","hentry","category-armando-rios-ruiz","tag-armando-rios-ruiz","tag-opinion","tag-perfil-de-mexico"],"_links":{"self":[{"href":"https:\/\/www.diarioimagen.net\/index.php?rest_route=\/wp\/v2\/posts\/587755","targetHints":{"allow":["GET"]}}],"collection":[{"href":"https:\/\/www.diarioimagen.net\/index.php?rest_route=\/wp\/v2\/posts"}],"about":[{"href":"https:\/\/www.diarioimagen.net\/index.php?rest_route=\/wp\/v2\/types\/post"}],"author":[{"embeddable":true,"href":"https:\/\/www.diarioimagen.net\/index.php?rest_route=\/wp\/v2\/users\/3"}],"replies":[{"embeddable":true,"href":"https:\/\/www.diarioimagen.net\/index.php?rest_route=%2Fwp%2Fv2%2Fcomments&post=587755"}],"version-history":[{"count":0,"href":"https:\/\/www.diarioimagen.net\/index.php?rest_route=\/wp\/v2\/posts\/587755\/revisions"}],"wp:attachment":[{"href":"https:\/\/www.diarioimagen.net\/index.php?rest_route=%2Fwp%2Fv2%2Fmedia&parent=587755"}],"wp:term":[{"taxonomy":"category","embeddable":true,"href":"https:\/\/www.diarioimagen.net\/index.php?rest_route=%2Fwp%2Fv2%2Fcategories&post=587755"},{"taxonomy":"post_tag","embeddable":true,"href":"https:\/\/www.diarioimagen.net\/index.php?rest_route=%2Fwp%2Fv2%2Ftags&post=587755"}],"curies":[{"name":"wp","href":"https:\/\/api.w.org\/{rel}","templated":true}]}}