{"id":587757,"date":"2023-06-21T00:06:44","date_gmt":"2023-06-21T06:06:44","guid":{"rendered":"https:\/\/www.diarioimagen.net\/?p=587757"},"modified":"2023-06-21T01:04:11","modified_gmt":"2023-06-21T07:04:11","slug":"la-diferencia-entre-continuidad-y-continuismo","status":"publish","type":"post","link":"https:\/\/www.diarioimagen.net\/?p=587757","title":{"rendered":"La diferencia entre continuidad y continuismo"},"content":{"rendered":"<h2>Los Pozos de Carlos Pozos<\/h2>\n<h5>Carlos Pozos<br \/>\n[ <em>Lord Mol\u00e9cula<\/em> ]<\/h5>\n<p>&nbsp;<\/p>\n<p>La derecha no existe, al menos no como pensamiento pol\u00edtico, y ahora que las cosas son m\u00e1s claras y muchos podemos ver que lo que tiene la llamada derecha son intereses, y esa fuerza lo \u00fanico que desea es que lleguen al poder funcionarios p\u00fablicos corruptos que le permitan infiltrarse en la toma de decisiones y vuelvan a privilegiar a sus representantes en una camarilla de unos cuantos.<\/p>\n<p>El hecho de que hasta ahora el <strong>PAN<\/strong> no tiene una <strong>\u201ctaparrosca\u201d<\/strong> \u2014un candidato o candidata a la Presidencia de la Rep\u00fablica de peso\u2014 es muestra no s\u00f3lo de una crisis interna de dicho partido, sino tambi\u00e9n de su impotencia ideol\u00f3gica.<\/p>\n<p>Desde el sexenio de <strong>Miguel De la Madrid Hurtado<\/strong> se registr\u00f3 una transici\u00f3n hacia las pol\u00edticas neoliberales, que se implantaron de lleno en el sexenio de <strong>Carlos Salinas de Gortari<\/strong>. A manera de s\u00edntesis se puede decir que el neoliberalismo se signific\u00f3 por el desmantelamiento sostenido de la presencia del sector p\u00fablico y la dram\u00e1tica reducci\u00f3n del sector social; la apertura comercial indiscriminada; la desregulaci\u00f3n en todos los frentes; la supresi\u00f3n o reducci\u00f3n de los derechos y conquistas laborales; la eliminaci\u00f3n de los subsidios generales y su reemplazo por sistemas clientelares focalizados en los sectores m\u00e1s depauperados y la abdicaci\u00f3n de potestades del gobierno en diversas instancias internacionales, entre otras cosas.<\/p>\n<p>Durante los \u00faltimos 36 a\u00f1os se dio la destrucci\u00f3n del contrato social construido por gobiernos posrevolucionarios, que se vieron incapaces de reemplazarlo por un nuevo <strong>pacto social<\/strong>. Las administraciones anteriores a la 4T no pudieron convocar al Constituyente para una nueva constituci\u00f3n pol\u00edtica, que es el documento en el que se plasma el pacto social; pero recurrieron en cambio a reformas que alteraron \u2014en mucho y para mal\u2014 el esp\u00edritu de la Carta Magna de 1917.<\/p>\n<p>Ahora que la izquierda mexicana busca (con <strong>Ad\u00e1n Augusto L\u00f3pez<\/strong>, <strong>Claudia Sheinbaum Pardo<\/strong>, <strong>Marcelo Ebrad Casaubon<\/strong>, <strong>Ricardo Monreal<\/strong> y <strong>Gerardo Fern\u00e1ndez Noro\u00f1a<\/strong>) qui\u00e9n ser\u00e1 el que tome la estafeta que le d\u00e9 el Presidente de M\u00e9xico, <strong>Andr\u00e9s Manuel L\u00f3pez Obrador<\/strong>, para que se siga con la <strong>transformaci\u00f3n con continuidad<\/strong>, conviene aclarar la diferencia entre continuidad y continuismo.<\/p>\n<p>Dice el diccionario de la Real Academia de la Lengua Espa\u00f1ola que <strong>continuidad<\/strong> <strong>es<\/strong>: La uni\u00f3n natural que tienen entre s\u00ed las partes del continuo; la cualidad o condici\u00f3n de las funciones o transformaciones continuas.<\/p>\n<p>El <strong>PAN<\/strong> y los otros partidos conservadores buscan que se agudice la marginaci\u00f3n, la pobreza y la desigualdad y, por ende, tener tasas mediocres de crecimiento econ\u00f3mico. Buscan que el norte y centro del pa\u00eds crezcan a tasas de 4 por ciento, mientras que en el sureste se registran \u00edndices negativos de crecimiento.<\/p>\n<p>Conforme al citado diccionario de la Lengua Espa\u00f1ola, eso es <strong>continuismo<\/strong>, es decir: la forma en que el poder de un pol\u00edtico, de un r\u00e9gimen, de un sistema, etc., se prolonga en el tiempo sin se\u00f1ales de cambio o renovaci\u00f3n.<\/p>\n<p>El Presidente de M\u00e9xico, <strong>Andr\u00e9s Manuel L\u00f3pez Obrador<\/strong>, ya ha anunciado el inter\u00e9s de enviar una iniciativa de reforma para llamar al Constituyente, a fin de que se pueda redactar una nueva Constituci\u00f3n mexicana a partir de 2024.<\/p>\n<p>Es urgente construir un nuevo pacto social capaz de contener y renovar el desbarajuste al que fue conducido el pa\u00eds, porque los distintos sectores de la sociedad mexicana necesitan de objetivos nacionales distintos a los que instauraron las administraciones neoliberales; una Constituci\u00f3n Pol\u00edtica que marque una nueva ruta, con un nuevo conjunto de reglas expl\u00edcitas e impl\u00edcitas de convivencia, pero siempre en favor de todos los mexicanos.<\/p>\n<p>En la elecci\u00f3n del 1 de julio del a\u00f1o 2018, el pueblo de M\u00e9xico determin\u00f3 un cambio de rumbo en la vida p\u00fablica y en las instituciones. De nosotros depender\u00e1 el que elijamos en 2024, entre continuidad y continuismo.<\/p>\n<p>S\u00f3lo me permito recordarles que la <strong>lealtad<\/strong> es un valor que no se cuestiona, porque la <strong>traici\u00f3n<\/strong> no es un tema que s\u00f3lo le competa a la patria\u2026 Amigos, hasta aqu\u00ed con Los Pozos de Carlos Pozos. Si desean que le haga su pregunta al Presidente de M\u00e9xico en la conferencia de prensa \u201cma\u00f1anera\u201d, por favor h\u00e1ganmela llegar al correo: <em>lordmolecularedacci\u00f3n@gmail.com<\/em>; v\u00eda Twitter a: <em>@lordmoleculaoficial<\/em>, o bien, visiten nuestro portal <em>https:\/\/www.lordmoleculaoficial.com\/<\/em> as\u00ed como tambi\u00e9n pueden ver mi Canal <em>Lord Mol\u00e9cula Oficial<\/em>.<\/p>\n","protected":false},"excerpt":{"rendered":"<p><span style=\"color: #005497;\"><strong>Carlos Pozos<\/strong><\/span><\/p>\n","protected":false},"author":3,"featured_media":0,"comment_status":"open","ping_status":"open","sticky":false,"template":"","format":"standard","meta":{"_monsterinsights_skip_tracking":false,"_monsterinsights_sitenote_active":false,"_monsterinsights_sitenote_note":"","_monsterinsights_sitenote_category":0,"footnotes":""},"categories":[97814],"tags":[97816,97815,43674],"class_list":["post-587757","post","type-post","status-publish","format-standard","hentry","category-carlos-pozos","tag-carlos-pozos","tag-los-pozos-de-carlos-pozos","tag-opinion"],"_links":{"self":[{"href":"https:\/\/www.diarioimagen.net\/index.php?rest_route=\/wp\/v2\/posts\/587757","targetHints":{"allow":["GET"]}}],"collection":[{"href":"https:\/\/www.diarioimagen.net\/index.php?rest_route=\/wp\/v2\/posts"}],"about":[{"href":"https:\/\/www.diarioimagen.net\/index.php?rest_route=\/wp\/v2\/types\/post"}],"author":[{"embeddable":true,"href":"https:\/\/www.diarioimagen.net\/index.php?rest_route=\/wp\/v2\/users\/3"}],"replies":[{"embeddable":true,"href":"https:\/\/www.diarioimagen.net\/index.php?rest_route=%2Fwp%2Fv2%2Fcomments&post=587757"}],"version-history":[{"count":0,"href":"https:\/\/www.diarioimagen.net\/index.php?rest_route=\/wp\/v2\/posts\/587757\/revisions"}],"wp:attachment":[{"href":"https:\/\/www.diarioimagen.net\/index.php?rest_route=%2Fwp%2Fv2%2Fmedia&parent=587757"}],"wp:term":[{"taxonomy":"category","embeddable":true,"href":"https:\/\/www.diarioimagen.net\/index.php?rest_route=%2Fwp%2Fv2%2Fcategories&post=587757"},{"taxonomy":"post_tag","embeddable":true,"href":"https:\/\/www.diarioimagen.net\/index.php?rest_route=%2Fwp%2Fv2%2Ftags&post=587757"}],"curies":[{"name":"wp","href":"https:\/\/api.w.org\/{rel}","templated":true}]}}