{"id":587826,"date":"2023-06-22T00:01:46","date_gmt":"2023-06-22T06:01:46","guid":{"rendered":"https:\/\/www.diarioimagen.net\/?p=587826"},"modified":"2023-06-27T23:12:05","modified_gmt":"2023-06-28T05:12:05","slug":"en-mexico-hay-al-menos-379-mil-desplazados-por-violencia-denuncian-organizaciones-civiles","status":"publish","type":"post","link":"https:\/\/www.diarioimagen.net\/?p=587826","title":{"rendered":"En M\u00e9xico hay al menos 379 mil desplazados por violencia, denuncian organizaciones civiles"},"content":{"rendered":"<p><strong>\u00a0<\/strong><\/p>\n<h3 style=\"text-align: center;\">El crimen organizado los echa de sus hogares<\/h3>\n<p>&nbsp;<\/p>\n<ul>\n<li><em><strong>Una iniciativa de ley para atender a esta poblaci\u00f3n lleva tres a\u00f1os congelada en el Senado<\/strong><\/em><\/li>\n<\/ul>\n<p>&nbsp;<\/p>\n<div id=\"attachment_587914\" style=\"width: 470px\" class=\"wp-caption aligncenter\"><a href=\"https:\/\/www.diarioimagen.net\/?attachment_id=587914\" rel=\"attachment wp-att-587914\"><img loading=\"lazy\" decoding=\"async\" aria-describedby=\"caption-attachment-587914\" class=\"size-full wp-image-587914\" src=\"https:\/\/www.diarioimagen.net\/wp-content\/uploads\/2023\/06\/DESPLAZADOS.jpg\" alt=\"\" width=\"460\" height=\"270\" \/><\/a><p id=\"caption-attachment-587914\" class=\"wp-caption-text\">Al corte de 2021, en M\u00e9xico hay 379 mil desplazados en el pa\u00eds, que han dejado sus hogares por presi\u00f3n del crimen organizado, por proyectos mineros y por efectos clim\u00e1ticos.<\/p><\/div>\n<p>&nbsp;<\/p>\n<p>De acuerdo con organizaciones civiles, en M\u00e9xico, cada 24 horas hasta 38 personas dejan sus hogares por presi\u00f3n del crimen organizado, por proyectos mineros y por efectos clim\u00e1ticos, llegando a un total de al menos 379 mil desplazados en el pa\u00eds al corte de 2021.<\/p>\n<p>Seg\u00fan Serapaz, estas cifras, que fueron documentadas por el Observatorio de Desplazamiento Interno, dan cuenta de \u201cuna crisis humanitaria\u201d en M\u00e9xico; pa\u00eds que ocupa el primer lugar de naciones que, sin estar oficialmente en guerra, suman m\u00e1s v\u00edctimas de desplazamiento en el mundo.<\/p>\n<p>Todo lo anterior no ha sido suficiente para que los legisladores del Senado de la Rep\u00fablica aprueben el proyecto de Ley General en Materia de Desplazamiento Forzado, misma que s\u00ed recibi\u00f3 luz verde por todos los grupos parlamentarios en la C\u00e1mara de Diputados desde el 19 de septiembre de 2020, d\u00eda en el que se turn\u00f3 al Senado. Desde entonces, hace ya pr\u00e1cticamente tres a\u00f1os, el proyecto ha permanecido en la congeladora, a pesar de la gravedad de la situaci\u00f3n que enfrentan cientos de miles de mexicanos.<\/p>\n<p>Entre otros puntos, la iniciativa proyecta que la Comisi\u00f3n Mexicana de Ayuda al Refugiado (Comar) se haga cargo de las personas que se ven obligadas a abandonar su lugar de residencia a causa de acciones violentas, y adem\u00e1s el reconocimiento de quienes huyen como v\u00edctimas de desplazamiento a las que el Estado debe atender con ayuda humanitaria, acceso a vivienda digna, trabajo, y educaci\u00f3n para los ni\u00f1os.<\/p>\n<p>Pero nada de eso est\u00e1 sucediendo, denunci\u00f3 Le\u00f3n Alberto P\u00e9rez, integrante de Serapaz y del Colectivo de Personas V\u00edctimas de Desplazamiento Forzado, que asegur\u00f3 que las comisiones en el Senado de Gobernaci\u00f3n, Hacienda y de Estudios Legislativos, son las que \u201cest\u00e1n frenando la iniciativa\u201d.<\/p>\n<p>\u201cNo sabemos ni entendemos por qu\u00e9 no se aprueba. Para ellos, la excusa es que no hay presupuesto suficiente para atender una crisis humanitaria. Pero para nosotros eso no tiene sentido, porque el presupuesto lo aprueba la C\u00e1mara de Diputados, y ah\u00ed ya se aprob\u00f3 esta iniciativa de Ley porque ya la revisaron y ya dijeron que s\u00ed podr\u00eda haber un presupuesto suficiente para operarla\u201d, expuso el activista, que consider\u00f3 que el motivo por el que no avanza la ley puede ser de falta de voluntad pol\u00edtica.<\/p>\n<p style=\"text-align: center;\"><strong>\u201cNo interesan los desplazados\u201d<\/strong><\/p>\n<p>\u00a0Por su parte, Teodomira Rosales, directora del Centro Regional de Defensa de Derechos Humanos Jos\u00e9 Mar\u00eda Morelos, con sede en Chilapa de \u00c1lvarez, en Guerrero, se\u00f1al\u00f3: \u201cEste gobierno va de salida y pues est\u00e1 claro que ya no le interesa este tema, ni hacer acuerdos con las v\u00edctimas ni los colectivos, pero nosotros seguiremos luchando para que las v\u00edctimas tengan un lugar digno para vivir y para morir, y para que los ni\u00f1os tengan acceso a la educaci\u00f3n y a las becas\u201d.<\/p>\n<p>Adem\u00e1s, denunci\u00f3 que debido a que miles de personas tienen que huir de sus lugares de residencia \u201csolo con lo puesto\u201d, \u00e9stas tampoco pueden acceder a las becas y apoyos gubernamentales porque no tienen documentos.<\/p>\n<p>La activista y desplazada Teodomira Rosales, no obstante, no se mostr\u00f3 optimista de que esta ley o protocolo federal vaya a ver la luz antes de que termine este sexenio el pr\u00f3ximo a\u00f1o. Este martes se realiz\u00f3 un foro en la C\u00e1mara de Diputados sobre los retos del desplazamiento forzado interno. Durante su intervenci\u00f3n, la senadora N\u00e9stora Salgado dijo que este \u201ces un tema principalmente de recursos\u201d.<\/p>\n<p>\u201cS\u00ed hay intenci\u00f3n pol\u00edtica, pero es un tema de presupuesto. Y necesitamos que esto se mire desde abajo, desde los pueblos, y no desde los escritorios\u201d, se\u00f1al\u00f3 la legisladora, que pidi\u00f3 p\u00fablicamente una reuni\u00f3n con la Secretar\u00eda de Gobernaci\u00f3n, al frente de la cual ahora est\u00e1 Luisa Mar\u00eda Alcalde, la Secretar\u00eda de Hacienda federal, los legisladores, junto con los activistas y las v\u00edctimas.<\/p>\n","protected":false},"excerpt":{"rendered":"<p>De acuerdo con organizaciones civiles, en M\u00e9xico, cada 24 horas hasta 38 personas dejan sus hogares por presi\u00f3n del crimen organizado, por proyectos mineros y por efectos clim\u00e1ticos, llegando a un total de al menos 379 mil desplazados en el pa\u00eds al corte de 2021.<\/p>\n","protected":false},"author":3,"featured_media":587914,"comment_status":"open","ping_status":"open","sticky":false,"template":"","format":"standard","meta":{"_monsterinsights_skip_tracking":false,"_monsterinsights_sitenote_active":false,"_monsterinsights_sitenote_note":"","_monsterinsights_sitenote_category":0,"footnotes":""},"categories":[7],"tags":[32824,455,43673,88752],"class_list":["post-587826","post","type-post","status-publish","format-standard","has-post-thumbnail","hentry","category-seguridad","tag-civiles","tag-denuncia","tag-nacional","tag-organizaciones"],"_links":{"self":[{"href":"https:\/\/www.diarioimagen.net\/index.php?rest_route=\/wp\/v2\/posts\/587826","targetHints":{"allow":["GET"]}}],"collection":[{"href":"https:\/\/www.diarioimagen.net\/index.php?rest_route=\/wp\/v2\/posts"}],"about":[{"href":"https:\/\/www.diarioimagen.net\/index.php?rest_route=\/wp\/v2\/types\/post"}],"author":[{"embeddable":true,"href":"https:\/\/www.diarioimagen.net\/index.php?rest_route=\/wp\/v2\/users\/3"}],"replies":[{"embeddable":true,"href":"https:\/\/www.diarioimagen.net\/index.php?rest_route=%2Fwp%2Fv2%2Fcomments&post=587826"}],"version-history":[{"count":0,"href":"https:\/\/www.diarioimagen.net\/index.php?rest_route=\/wp\/v2\/posts\/587826\/revisions"}],"wp:featuredmedia":[{"embeddable":true,"href":"https:\/\/www.diarioimagen.net\/index.php?rest_route=\/wp\/v2\/media\/587914"}],"wp:attachment":[{"href":"https:\/\/www.diarioimagen.net\/index.php?rest_route=%2Fwp%2Fv2%2Fmedia&parent=587826"}],"wp:term":[{"taxonomy":"category","embeddable":true,"href":"https:\/\/www.diarioimagen.net\/index.php?rest_route=%2Fwp%2Fv2%2Fcategories&post=587826"},{"taxonomy":"post_tag","embeddable":true,"href":"https:\/\/www.diarioimagen.net\/index.php?rest_route=%2Fwp%2Fv2%2Ftags&post=587826"}],"curies":[{"name":"wp","href":"https:\/\/api.w.org\/{rel}","templated":true}]}}