{"id":587880,"date":"2023-06-22T00:13:42","date_gmt":"2023-06-22T06:13:42","guid":{"rendered":"https:\/\/www.diarioimagen.net\/?p=587880"},"modified":"2023-06-22T01:00:35","modified_gmt":"2023-06-22T07:00:35","slug":"disparos-y-no-de-salva","status":"publish","type":"post","link":"https:\/\/www.diarioimagen.net\/?p=587880","title":{"rendered":"Disparos y no de salva"},"content":{"rendered":"<h2>Se comenta s\u00f3lo con\u2026<\/h2>\n<h5>Carlos Ramos Padilla*<\/h5>\n<p>&nbsp;<\/p>\n<p>No es la primera ocasi\u00f3n que se se\u00f1ala o acusa sin fundamento, pero que, ah\u00ed s\u00ed, no entra en la secci\u00f3n de \u201cQui\u00e9n es Qui\u00e9n en las Mentiras\u201d. Primero ocurri\u00f3 con Silviano Aureoles, a quien ret\u00f3 para demostrar que el crimen organizado participa en jornadas electorales y pol\u00edticas. Lo dej\u00f3 afuera de Palacio Nacional y no le permiti\u00f3 expresarse. Recientemente con la senadora X\u00f3chitl G\u00e1lvez, a quien acus\u00f3 de querer desaparecer los programas sociales y de auxilio a grupos vulnerables, cosa absolutamente falsa, y le neg\u00f3 dos derechos elementales a G\u00e1lvez: Derecho de admisi\u00f3n y derecho de r\u00e9plica.<\/p>\n<p>La confrontaci\u00f3n ha sido tambi\u00e9n con Elba Esther Gordillo y con Rosario Robles, sin permitir intercambio de datos. Ahora le toc\u00f3 a Roberto Madrazo. El Presidente, descansando en un art\u00edculo del peri\u00f3dico espa\u00f1ol <em>El Pa\u00eds<\/em> (al que por cierto ha atacado), acus\u00f3 al ex gobernador de Tabasco de haber recibido el apoyo del abogado Juan Ram\u00f3n Collado para adquirir lujosos departamentos en Miami y reclam\u00f3 a la prensa mexicana de no divulgar el acontecimiento. El aludido, Roberto Madrazo, respondi\u00f3 de inmediato a AMLO en redes sociales y escribi\u00f3: \u201cSe\u00f1or Presidente <em>@lopezobrador_<\/em>, deje de mentir. En primer lugar, yo no tengo ninguna propiedad en #EstadosUnidos. Una vez m\u00e1s lo invito a que lo investigue y lo corrobore, para que deje de difamar y de calumniar a sus cr\u00edticos y opositores. En segundo lugar, lo invito a que lea la nota completa de <em>@el_pais<\/em>, y se percate de que en dicha nota yo mismo aclar\u00e9 el origen de esas propiedades, que como le dije, NO son m\u00edas. En tercer lugar, lo invito a que corrobore que yo no soy due\u00f1o ni socio de <em>@latinus_us<\/em>, ni tampoco tengo una relaci\u00f3n econ\u00f3mica con dicha plataforma\u201d.<\/p>\n<p>Y m\u00e1s adelante le recuerda: \u201cSu sexenio pasar\u00e1 a la historia como el m\u00e1s violento. El desabasto de medicamentos lo provoc\u00f3 usted mismo, al desmantelar el sistema de compra de medicamentos sin tener ninguna prueba de corrupci\u00f3n. Usted es el \u00fanico responsable de que 45 millones de recetas no hayan sido surtidas, de que el <em>#INSABI<\/em> haya dejado de dar atenci\u00f3n m\u00e9dica a 15 millones de mexicanos y de que el <em>#Fonsabi<\/em> haya dejado de pagar enfermedades catastr\u00f3ficas como el VIH; c\u00e1ncer de mama, infantil y cervicouterino.<\/p>\n<p>\u201cFuncionarios de su gobierno, del m\u00e1s alto nivel, son los protagonistas de esc\u00e1ndalos de corrupci\u00f3n, como Manuel Bartlett, Julio Scherer, Ignacio Ovalle, Irma Er\u00e9ndira Sandoval y Alejandro Esquer. Y ni qu\u00e9 decir de sus familiares P\u00edo, Mart\u00edn y Felipa, de la <em>#CasaGris<\/em> de su hijo Jos\u00e9 Ram\u00f3n y de los negocios de su hijo <em>#Andy<\/em>\u201d y le rubrica, \u201cmejor oc\u00fapese de lo suyo y deje de culpar y difamar a otros\u201d. Por supuesto no hubo respuesta.<\/p>\n<p>Estos son disparos de precisi\u00f3n y no de salva. El desprestigio intencional tambi\u00e9n es parte de una estrategia de desgaste que por d\u00e9cadas le ha funcionado a la izquierda contestataria. Sin embargo, considerar que el Presidente no est\u00e1 bien informado y bajo esas condiciones ataca o, peor a\u00fan, que ejerza el poder absoluto para distorsionar o manipular representa un acto m\u00e1s que grotesco muy riesgoso. Las afrentas son directas, pero niega la posibilidad de r\u00e9plicas o aclaraciones.<\/p>\n<p><a href=\"https:\/\/twitter.com\/cramospadilla?ref_src=twsrc%5Egoogle%7Ctwcamp%5Eserp%7Ctwgr%5Eauthor\" target=\"_blank\" rel=\"noopener\"><em>@cramospadilla<\/em><\/a><\/p>\n<blockquote><p><em>* Conductor del programa <strong>Va en serio<\/strong>, Mexiquense TV Canal 34.2, IZZI Canal 135 y Mexiquense Radio.<\/em><\/p><\/blockquote>\n","protected":false},"excerpt":{"rendered":"<p><span style=\"color: #005497;\"><strong>Carlos Ramos Padilla<\/strong><\/span><\/p>\n","protected":false},"author":3,"featured_media":0,"comment_status":"open","ping_status":"open","sticky":false,"template":"","format":"standard","meta":{"_monsterinsights_skip_tracking":false,"_monsterinsights_sitenote_active":false,"_monsterinsights_sitenote_note":"","_monsterinsights_sitenote_category":0,"footnotes":""},"categories":[97109],"tags":[97108,43674,97107],"class_list":["post-587880","post","type-post","status-publish","format-standard","hentry","category-carlos-ramos-padilla","tag-carlos-ramos-padilla","tag-opinion","tag-se-comenta-solo-con"],"_links":{"self":[{"href":"https:\/\/www.diarioimagen.net\/index.php?rest_route=\/wp\/v2\/posts\/587880","targetHints":{"allow":["GET"]}}],"collection":[{"href":"https:\/\/www.diarioimagen.net\/index.php?rest_route=\/wp\/v2\/posts"}],"about":[{"href":"https:\/\/www.diarioimagen.net\/index.php?rest_route=\/wp\/v2\/types\/post"}],"author":[{"embeddable":true,"href":"https:\/\/www.diarioimagen.net\/index.php?rest_route=\/wp\/v2\/users\/3"}],"replies":[{"embeddable":true,"href":"https:\/\/www.diarioimagen.net\/index.php?rest_route=%2Fwp%2Fv2%2Fcomments&post=587880"}],"version-history":[{"count":0,"href":"https:\/\/www.diarioimagen.net\/index.php?rest_route=\/wp\/v2\/posts\/587880\/revisions"}],"wp:attachment":[{"href":"https:\/\/www.diarioimagen.net\/index.php?rest_route=%2Fwp%2Fv2%2Fmedia&parent=587880"}],"wp:term":[{"taxonomy":"category","embeddable":true,"href":"https:\/\/www.diarioimagen.net\/index.php?rest_route=%2Fwp%2Fv2%2Fcategories&post=587880"},{"taxonomy":"post_tag","embeddable":true,"href":"https:\/\/www.diarioimagen.net\/index.php?rest_route=%2Fwp%2Fv2%2Ftags&post=587880"}],"curies":[{"name":"wp","href":"https:\/\/api.w.org\/{rel}","templated":true}]}}