{"id":587887,"date":"2023-06-22T00:03:16","date_gmt":"2023-06-22T06:03:16","guid":{"rendered":"https:\/\/www.diarioimagen.net\/?p=587887"},"modified":"2023-06-22T01:15:27","modified_gmt":"2023-06-22T07:15:27","slug":"nino-canun-pionero-acarreo-y-mas","status":"publish","type":"post","link":"https:\/\/www.diarioimagen.net\/?p=587887","title":{"rendered":"Nino Can\u00fan, pionero. Acarreo y m\u00e1s"},"content":{"rendered":"<h2>Espacio Electoral<\/h2>\n<h5>Eleazar Flores<\/h5>\n<p>&nbsp;<\/p>\n<p><strong>HIZO HISTORIA-.<\/strong> En mis \u201cbreves\u201d tiempos de \u201ccantinero\u201d tuve la oportunidad de tratar al din\u00e1mico e inquieto Nino Can\u00fan, poco conocido mientras trabaj\u00f3 en Imevisi\u00f3n y en el Canal Once, pero alcanz\u00f3 fama y rebas\u00f3, tanto auditorios como horarios en Televisa y en la radio con los programas \u201cY usted qu\u00e9 opina\u201d y \u201cAgu\u00e1ntame el Corte\u201d.<\/p>\n<p>Conoci\u00f3 y disfrut\u00f3 de fama y atenciones, de los pol\u00edticos principalmente, pero tambi\u00e9n de ingratitudes tan pronto dej\u00f3 la empresa y sus noticieros l\u00edderes. Va un ejemplo ilustrativo.<\/p>\n<p>Cuando estuvo en la CIMA de la fama medi\u00e1tica, en una ocasi\u00f3n me invit\u00f3 a su casa en Ciudad Sat\u00e9lite y sin presumir, pues sab\u00eda de la FALSEDAD AMISTOSA DE LOS POL\u00cdTICOS, pas\u00e9 a su casa y cruzamos el estacionamiento al que no pudo meter su veh\u00edculo, pues estaba lleno de regalos navide\u00f1os. Eran tiempos en que Nino lideraba audiencias en radio y televisi\u00f3n.<\/p>\n<p>Un a\u00f1o despu\u00e9s, sin noticieros estelares ni audiencias, Nino Can\u00fan conoci\u00f3 la SIMA y confirm\u00e9 lo de la falsedad amistosa de los pol\u00edticos, el estacionamiento de su casa estaba vac\u00edo de regalos. \u201cas\u00ed es esto compadre, te lo dije y no me extra\u00f1a nada\u201d, remat\u00f3.<\/p>\n<p>Recuper\u00f3 mucho cuando retorn\u00f3 a sus noticieros en RADIO CENTRO, donde casualmente tambi\u00e9n reinici\u00f3 exitosamente su carrera Jacobo Zabludovsky, luego de un buen tiempo de su renuncia a Televisa cuando supo que su hijo Abraham no lo suceder\u00eda en 24 HORAS.<\/p>\n<p>Nino Can\u00fan fue el \u201cinventor\u201d de los programas LARGOS, de seis o m\u00e1s horas y con\u00a0 un auditorio fiel a su estilo.<\/p>\n<p>Me recuerda al inolvidable don Paco Huerta, con su noticiero de PERIODISMO CIVIL, seg\u00fan el propio Paco lo dec\u00eda al inicio de sus noticieros en Radio F\u00f3rmula, donde daba voz preferentemente al auditorio, compuesto por amas de casa, campesinos y obreros, pero tambi\u00e9n a algunos funcionarios, en much\u00edsimo menor tiempo, s\u00f3lo para aclarar, no m\u00e1s.<\/p>\n<p><strong>ACARREO DEL 1 DE JULIO-.<\/strong> De plano, el comandante guinda y sus seguidores creen que el pueblo les cree todo, pues eso de pedir a sus simpatizantes a que el d\u00eda de la concentraci\u00f3n en el Z\u00f3calo de la capital del pa\u00eds no echen porras a las \u201ccorcholatas\u201d se ve dif\u00edcil. Posiblemente quiere que las porras solamente sean para \u00e9l. Es como pedir a los invitados a misa que NO RECEN en la iglesia.<\/p>\n<p>Confirmado lo de gobierno faccioso, el mandatario s\u00f3lo convoca a mandatarios morenos, que si bien ya son mayor\u00eda, no cubren la totalidad del territorio nacional.<\/p>\n<p>Y ante toda esta transgresi\u00f3n al marco electoral vigente, el INEficiente \u00e1rbitro electoral se va a caracterizar por su silencio, como ha sucedido en el \u00faltimo mes, al tiempo.<\/p>\n<p><em><a href=\"mailto:elefa44@gmail.com\" target=\"_blank\" rel=\"noopener noreferrer\">elefa44@gmail.com<\/a><\/em><\/p>\n","protected":false},"excerpt":{"rendered":"<p><span style=\"color: #005497;\"><strong>Eleazar Flores<\/strong><\/span><\/p>\n","protected":false},"author":3,"featured_media":0,"comment_status":"open","ping_status":"open","sticky":false,"template":"","format":"standard","meta":{"_monsterinsights_skip_tracking":false,"_monsterinsights_sitenote_active":false,"_monsterinsights_sitenote_note":"","_monsterinsights_sitenote_category":0,"footnotes":""},"categories":[81743],"tags":[81744,81776,43674],"class_list":["post-587887","post","type-post","status-publish","format-standard","hentry","category-eleazar-flores","tag-eleazar-flores","tag-espacio-electoral","tag-opinion"],"_links":{"self":[{"href":"https:\/\/www.diarioimagen.net\/index.php?rest_route=\/wp\/v2\/posts\/587887","targetHints":{"allow":["GET"]}}],"collection":[{"href":"https:\/\/www.diarioimagen.net\/index.php?rest_route=\/wp\/v2\/posts"}],"about":[{"href":"https:\/\/www.diarioimagen.net\/index.php?rest_route=\/wp\/v2\/types\/post"}],"author":[{"embeddable":true,"href":"https:\/\/www.diarioimagen.net\/index.php?rest_route=\/wp\/v2\/users\/3"}],"replies":[{"embeddable":true,"href":"https:\/\/www.diarioimagen.net\/index.php?rest_route=%2Fwp%2Fv2%2Fcomments&post=587887"}],"version-history":[{"count":0,"href":"https:\/\/www.diarioimagen.net\/index.php?rest_route=\/wp\/v2\/posts\/587887\/revisions"}],"wp:attachment":[{"href":"https:\/\/www.diarioimagen.net\/index.php?rest_route=%2Fwp%2Fv2%2Fmedia&parent=587887"}],"wp:term":[{"taxonomy":"category","embeddable":true,"href":"https:\/\/www.diarioimagen.net\/index.php?rest_route=%2Fwp%2Fv2%2Fcategories&post=587887"},{"taxonomy":"post_tag","embeddable":true,"href":"https:\/\/www.diarioimagen.net\/index.php?rest_route=%2Fwp%2Fv2%2Ftags&post=587887"}],"curies":[{"name":"wp","href":"https:\/\/api.w.org\/{rel}","templated":true}]}}