{"id":587900,"date":"2023-06-22T00:10:35","date_gmt":"2023-06-22T06:10:35","guid":{"rendered":"https:\/\/www.diarioimagen.net\/?p=587900"},"modified":"2023-06-22T01:30:20","modified_gmt":"2023-06-22T07:30:20","slug":"habra-sorpresas","status":"publish","type":"post","link":"https:\/\/www.diarioimagen.net\/?p=587900","title":{"rendered":"\u00bfHabr\u00e1 sorpresas?"},"content":{"rendered":"<h2>De frente y de perfil<\/h2>\n<h5>Ram\u00f3n Zurita Sahag\u00fan<\/h5>\n<p>&nbsp;<\/p>\n<p>Tarde, pero sin sue\u00f1o es una frase com\u00fan en el medio period\u00edstico, aplicada ahora a la oposici\u00f3n a la 4T. La duda ahora es si la oposici\u00f3n tendr\u00e1 tiempo para remontar la creciente ventaja que les lleva Morena y sus aliados en la carrera presidencial.<\/p>\n<p>Los tiempos se acortan y mientras las \u201ccorcholatas\u201d circulan activamente por todo el pa\u00eds, buscando las simpat\u00edas del electorado para encabezar las encuestas que habr\u00e1n de definir al candidato o candidata presidencial, la alianza Va por M\u00e9xico presentar\u00e1, apenas, el lunes 26 su formato para definir los lineamientos de los que surgir\u00e1 su candidato.<\/p>\n<p>Se habla de diversos m\u00e9todos, donde el mill\u00f3n de firmas pedidas por el PAN no ser\u00e1 necesario y se optar\u00e1 por encuestas y, tal vez, unas primarias que definan qui\u00e9nes de la larga lista de prospectos son considerados como tales.<\/p>\n<p>Y es que ante la falta de aspirantes con blasones suficientes para encarar a quien resulte beneficiado por la 4T, surgen visos de inflar a un par de prospectos que ni el mismo PAN considera dentro de sus principales prospectos. Se trata de las senadoras X\u00f3chitl G\u00e1lvez, a la que se promueve en diversos medios de comunicaci\u00f3n y tratan de insertarla dentro de los aspirantes mejor posicionados y de la tambi\u00e9n senadora Lilly T\u00e9llez, quien sale de los par\u00e1metros de un partido conservador.<\/p>\n<p>El creciente rumor de que la candidatura de Morena y aliados ya est\u00e1 pactada a favor de Claudia Sheinbaum provoca que dentro de la oposici\u00f3n se formen corrientes que impulsan la posibilidad de ser encabezados por otra mujer.<\/p>\n<p>Resaltan lo ocurrido hace menos de un mes en el Estado de M\u00e9xico, donde Delfina G\u00f3mez y Alejandra Del Moral se enfrentaron en las urnas, en unos comicios en que solamente existieron dos candidatas y ambas mujeres, lo que garantizaba el ascenso, por vez primera, a una mujer como gobernadora de esa entidad.<\/p>\n<p>En la elecci\u00f3n presidencial podr\u00eda pasar lo mismo y hasta ampliarlo a tres, si es que el candidato que piensa Dante Delgado decide no participar con su partido, entonces voltear\u00eda a ver a la senadora Patricia Mercado, quien ya fue candidata de un partido similar a MC, el de Alianza Democr\u00e1tica.<\/p>\n<p>Se ve dif\u00edcil que Movimiento Ciudadano se una a la alianza de Va por M\u00e9xico y el due\u00f1o de la franquicia ya anunci\u00f3 que festejar\u00e1 su cumplea\u00f1os con candidato presidencial que tambi\u00e9n puede ser \u00e9l, como festejo de su cumplea\u00f1os el cinco de diciembre.<\/p>\n<p>Por lo pronto, el lunes se conocer\u00e1n los m\u00e9todos de selecci\u00f3n de candidato o candidata de la alianza opositora y ah\u00ed mismo disminuir\u00e1 el n\u00famero de aspirantes, ya que personajes como Miguel \u00c1ngel Mancera, Ildefonso Guajardo, Alejandro Murat y otros m\u00e1s no continuar\u00e1n en la brega presidencial.<\/p>\n<p>Alejandro Moreno, Marko Cort\u00e9s y Jes\u00fas Zambrano est\u00e1n de acuerdo en que la alianza prosiga y habr\u00e1 entendimiento para lanzar a una sola figura en candidatura presidencial.<\/p>\n<p style=\"text-align: center;\"><strong>******<\/strong><\/p>\n<p>\u00bfQu\u00e9 pas\u00f3 con Jos\u00e9 \u00c1ngel Gurr\u00eda? Fue visto con inter\u00e9s como prospecto presidencial, aunque a \u00faltimas fechas baj\u00f3 el ritmo y es posible sea uno de los que ya no contin\u00faen en busca de la candidatura presidencial de la alianza opositora. Otro m\u00e1s, Mauricio Vila, gobernador de Yucat\u00e1n, quiere el dulce peladito y en la boca y condiciona su participaci\u00f3n si no tiene que dejar el gobierno estatal\u2026 Fuga de priistas en Sinaloa, donde la dirigente estatal Paola G\u00e1rate recibe un duro rev\u00e9s apenas unos d\u00edas despu\u00e9s de asumir la presidencia del partido. Jes\u00fas \u201cChuy\u201d Vald\u00e9s fue uno de los tricolores renunciantes.<\/p>\n<p><a href=\"mailto:ramonzurita44@hotmail.com\" target=\"_blank\" rel=\"noopener noreferrer\"><em>ramonzurita44@hotmail.com<\/em><\/a><\/p>\n","protected":false},"excerpt":{"rendered":"<p><span style=\"color: #005497;\"><strong>Ram\u00f3n Zurita Sahag\u00fan<\/strong><\/span><\/p>\n","protected":false},"author":3,"featured_media":0,"comment_status":"open","ping_status":"open","sticky":false,"template":"","format":"standard","meta":{"_monsterinsights_skip_tracking":false,"_monsterinsights_sitenote_active":false,"_monsterinsights_sitenote_note":"","_monsterinsights_sitenote_category":0,"footnotes":""},"categories":[234],"tags":[304,43674,43687],"class_list":["post-587900","post","type-post","status-publish","format-standard","hentry","category-ramon-zurita-sahagun","tag-de-frente-y-de-perfil","tag-opinion","tag-ramon-zurita-sahagun"],"_links":{"self":[{"href":"https:\/\/www.diarioimagen.net\/index.php?rest_route=\/wp\/v2\/posts\/587900","targetHints":{"allow":["GET"]}}],"collection":[{"href":"https:\/\/www.diarioimagen.net\/index.php?rest_route=\/wp\/v2\/posts"}],"about":[{"href":"https:\/\/www.diarioimagen.net\/index.php?rest_route=\/wp\/v2\/types\/post"}],"author":[{"embeddable":true,"href":"https:\/\/www.diarioimagen.net\/index.php?rest_route=\/wp\/v2\/users\/3"}],"replies":[{"embeddable":true,"href":"https:\/\/www.diarioimagen.net\/index.php?rest_route=%2Fwp%2Fv2%2Fcomments&post=587900"}],"version-history":[{"count":0,"href":"https:\/\/www.diarioimagen.net\/index.php?rest_route=\/wp\/v2\/posts\/587900\/revisions"}],"wp:attachment":[{"href":"https:\/\/www.diarioimagen.net\/index.php?rest_route=%2Fwp%2Fv2%2Fmedia&parent=587900"}],"wp:term":[{"taxonomy":"category","embeddable":true,"href":"https:\/\/www.diarioimagen.net\/index.php?rest_route=%2Fwp%2Fv2%2Fcategories&post=587900"},{"taxonomy":"post_tag","embeddable":true,"href":"https:\/\/www.diarioimagen.net\/index.php?rest_route=%2Fwp%2Fv2%2Ftags&post=587900"}],"curies":[{"name":"wp","href":"https:\/\/api.w.org\/{rel}","templated":true}]}}