{"id":588057,"date":"2023-06-23T00:02:57","date_gmt":"2023-06-23T06:02:57","guid":{"rendered":"https:\/\/www.diarioimagen.net\/?p=588057"},"modified":"2023-06-23T05:03:54","modified_gmt":"2023-06-23T11:03:54","slug":"elecciones-en-2024-seran-con-reglas-establecidas-no-con-ocurrencias-de-amlo","status":"publish","type":"post","link":"https:\/\/www.diarioimagen.net\/?p=588057","title":{"rendered":"Elecciones en 2024 ser\u00e1n con reglas establecidas, no con ocurrencias de AMLO"},"content":{"rendered":"<h2>La Retaguardia<\/h2>\n<h5>Adriana Moreno Cordero<\/h5>\n<p>&nbsp;<\/p>\n<ul>\n<li><strong><em>Evelyn Parra apoya campa\u00f1a de Claudia Sheinbaum<\/em><\/strong><\/li>\n<\/ul>\n<p>&nbsp;<\/p>\n<p>Con una muy buena noticia, podr\u00eda decirse que excelente, cierra la presente semana y es que las trascendentales elecciones de 2024, se llevar\u00e1n a cabo bajo las reglas electorales debidamente establecidas y no como quer\u00eda esta errada y llamada Cuarta Transformaci\u00f3n, es decir, con las ocurrencias que el presidente <strong>Andr\u00e9s Manuel L\u00f3pez Obrador<\/strong> plante\u00f3 en su tristemente famosa reforma electoral.<\/p>\n<p>En la Suprema Corte de Justicia de la Naci\u00f3n, tal y como lo ten\u00eda previsto hasta el tabasque\u00f1o, la segunda parte de este desafortunado \u201cplan B\u201d de la citada reforma electoral, se ech\u00f3 para abajo y solamente tuvo el apoyo de las ministras, una \u201cpirata\u201d y otra \u201cpati\u00f1a\u201d, <strong>Yasm\u00edn Esquivel<\/strong> y <strong>Loretta Ortiz<\/strong>, respectivamente, que en m\u00faltiples ocasiones han demostrado ser tan serviles como disciplinadas a Palacio Nacional. La \u201cministra cachirula\u201d argument\u00f3 que consideraba \u201cque las posibles deficiencias no tienen un potencial invalidante\u201d. No pues s\u00ed, no cabe duda que la se\u00f1ora Esquivel de Riob\u00f3o, gusta de hacer el rid\u00edculo .<\/p>\n<p>Por su parte, el ministro <strong>Arturo Zald\u00edvar<\/strong>, tuvo a bien \u201camarrarse el dedo\u201d y, con toda anticipaci\u00f3n, anunci\u00f3 que votar\u00eda en contra, con lo que -al parecer- termin\u00f3 de romper lanzas o distanciarse de Palacio Nacional, proceso que empez\u00f3 justo cuando dej\u00f3 de ser el ministro-presidente de la SCJN.<\/p>\n<p>Hace unos d\u00edas, el mism\u00edsimo L\u00f3pez Obrador se quej\u00f3 amargamente en su gustad\u00edsimo \u201cstand-up\u201d ma\u00f1anero de que dos ministros que \u00e9l llev\u00f3 al m\u00e1ximo tribunal de la Naci\u00f3n lo hab\u00edan traicionado y eso era totalmente decepcionante para \u00e9l. Concretamente se refer\u00eda a la ministra <strong>Margarita R\u00edos Farjat<\/strong> y al ministro <strong>Juan Luis Gonz\u00e1lez Alc\u00e1ntara Carranc\u00e1<\/strong>.<\/p>\n<p>No hay que soslayar que precisamente el ministro Gonz\u00e1lez Alc\u00e1ntara, hace algunos meses, present\u00f3 un proyecto para anular la adhesi\u00f3n de la Guardia Nacional al Ej\u00e9rcito, otra de las ocurrencias planteadas por el inquilino de Palacio Nacional y con ello, el ministro se gan\u00f3 la animadversi\u00f3n del presidente L\u00f3pez Obrador, que tuvo la primera decepci\u00f3n respecto a quienes ayud\u00f3 a llegar a la Suprema Corte y que supone que con obediencia, le ten\u00edan que pagar el favor.<\/p>\n<p>Las faltas de respeto que ha tenido el de Tepetit\u00e1n hacia la divisi\u00f3n de Poderes es tan grosera como evidente y ayer, de nueva cuenta, se volvi\u00f3 a quejar de una totalmente inexistente intromisi\u00f3n de la Corte en el Poder Legislativo. Ahora s\u00ed que como se dice popularmente, lo que es inventar para hacer pl\u00e1tica.<\/p>\n<p>Lo cierto, en cambio, es que si la segunda parte del \u201cplan B\u201d se invalid\u00f3, fue gracias ni m\u00e1s ni menos que a L\u00f3pez Obrador, quien en \u00faltima instancia, es el gran culpable. Si hubiera aceptado, como un dem\u00f3crata, la resoluci\u00f3n de la SCJN desde que invalid\u00f3 la primera parte de este plan, dir\u00edase que se limit\u00f3 a dejarse llevar por su odio y fue por la revancha.<\/p>\n<p>Desde luego, igualmente, los diputados morenistas y r\u00e9moras que los acompa\u00f1an aprobaron muy mal dicha reforma, sobre las rodillas, v\u00eda \u201cfast-track\u201d porque esa fue la enf\u00e1tica instrucci\u00f3n proveniente de Palacio Nacional, de tal suerte, que todo lo hicieron mal, empezando porque la deliberaci\u00f3n estuvo totalmente ausente. O sea, no se guardaron ni las formas ni el fondo y en eso, los legisladores del oficialismo son expertos. Bueno, el morenismo en general. \u00bfQu\u00e9 acaso no estamos en campa\u00f1as de parte del partido en el poder, que no son campa\u00f1as y con candidatos que no lo son?<\/p>\n<p>Y qu\u00e9 pena, porque ahora \u201ccorcholatas\u201d y \u201ccorcholatos\u201d en sus recorridos por diferentes partes del pa\u00eds, se dedicaron a descalificar la decisi\u00f3n tomada por la Suprema Corte. En lo que es una ignorancia sobre el tema, la fracci\u00f3n parlamentaria de Morena en la C\u00e1mara de Diputados, que encabeza Ignacio Mier, se hicieron una sola voz para se\u00f1alar que los ministros violaron la Constituci\u00f3n y el diputado Mier decret\u00f3:<\/p>\n<p>\u201cEl d\u00eda de hoy inicia el\u00a0<strong>\u201cplan C\u201d\u00a0<\/strong>para convertir a M\u00e9xico en un pa\u00eds verdaderamente democr\u00e1tico. Para que el soberano sea el pueblo y no las mafias electorales ni la partidocracia. \u00a1En sus marcas, listos, fuera!\u201d.<\/p>\n<p>\u00a1Vaya!, ahora no se le ocurri\u00f3 al aspirante a ser candidato de Morena al gobierno de Puebla, que desde ahorita las tiene perdidas todas, por cierto, aquello del \u201cpared\u00f3n virtual\u201d cuando se ech\u00f3 por tierra la reforma el\u00e9ctrica, o alguna barrabasada de ese tipo.<\/p>\n<p>Y por cierto, un importante mensaje sobre esta derrota a la segunda parte del \u201cplan B\u201d es que, desde ahorita, el Presidente debe de poner \u201csus barbas a remojar\u201d, porque ese \u201cplan C\u201d que consiste en que Morena obtenga la mayor\u00eda absoluta en el Congreso de la Uni\u00f3n, nada m\u00e1s no va a prosperar. Se reitera, que tome en cuenta el tabasque\u00f1o que el voto de la decepci\u00f3n, es decir, que aquellos que votaron en 2018 por \u00e9l y se decepcionaron por su err\u00e1tico y soberbio actuar, no le volver\u00e1n a dar su sufragio.<\/p>\n<p style=\"text-align: center;\"><strong>Municiones<\/strong><\/p>\n<p>*** El senador con licencia, <strong>Ricardo Monreal<\/strong>, aclar\u00f3 que \u201ctodo mundo piensa que el presidente L\u00f3pez Obrador me convenci\u00f3 o que me ofreci\u00f3 alguna posici\u00f3n que no pude rechazar y no es as\u00ed, lo \u00fanico que agradec\u00ed al partido es que me hubieran incluido (en la carrera presidencial morenista)\u201d.<\/p>\n<p>*** Y el que est\u00e1 perdiendo el piso es <strong>Marcelo Ebrard<\/strong>, mejor conocido ahora como \u201cel respond\u00f3n\u201d, que por redes como el Tik-Tok, dijo que ayer fue \u201cel d\u00eda del vocho\u201d, teniendo como fondo la conocida canci\u00f3n de Selena \u201cLa carcacha\u201d. El ex canciller est\u00e1 pues en el puro \u201cchacoteo\u201d, pero le apuesta a que obtendr\u00e1 golpes medi\u00e1ticos importantes, pero est\u00e1 demostrado que eso ya se le volvi\u00f3 un arma de dos filos.<\/p>\n<p>*** Ante la evidente falta de apoyo de la alcaldesa en Venustiano Carranza, <strong>Evelyn Parra \u00c1lvarez<\/strong>, para colocar un arco techo en la Escuela Primaria Celerino Cano Palacios, ubicada en la colonia Jard\u00edn Balbuena, con el argumento preferido de los morenistas de no hay recursos, padres de familia bloquearon la avenida Fray Servando Teresa de Mier. El problema es que los alumnos de dicho plantel han sufrido desvanecimientos durante el recreo o en alguna ceremonia debido a las altas temperaturas, pero eso s\u00ed, la alcaldesa Evelyn Parra se dedica apoyar a la \u201ccorcholata\u201d Claudia Sheinbaum. \u00a1Qu\u00e9 tal!<\/p>\n<p>*** Con seis votos a favor y cero en contra, ayer, la Comisi\u00f3n de Desarrollo e Infraestructura Urbana del Congreso de la Ciudad de M\u00e9xico, que preside el perredista V\u00edctor Hugo Lobo desech\u00f3 6 iniciativas para el cambio de uso de suelo presentadas por inmobiliarias que pretend\u00edan hacer construcciones en diversos puntos de la capital de la Rep\u00fablica. Entre los veredictos, destac\u00f3 el caso del inmueble donde se encuentra La Hacienda de los Morales, donde la inmobiliaria San Eduardo, pretend\u00eda construir un hotel e incrementar el n\u00famero de niveles de cinco a seis.<\/p>\n<p><u><a href=\"mailto:morcora@gmail.com\" target=\"_blank\" rel=\"noopener noreferrer\"><em>morcora@gmail.com<\/em><\/a><\/u><\/p>\n","protected":false},"excerpt":{"rendered":"<p><span style=\"color: #005497;\"><strong>Adriana Moreno Cordero<\/strong><\/span><\/p>\n","protected":false},"author":3,"featured_media":0,"comment_status":"open","ping_status":"open","sticky":false,"template":"","format":"standard","meta":{"_monsterinsights_skip_tracking":false,"_monsterinsights_sitenote_active":false,"_monsterinsights_sitenote_note":"","_monsterinsights_sitenote_category":0,"footnotes":""},"categories":[69370],"tags":[69369,69368,43674],"class_list":["post-588057","post","type-post","status-publish","format-standard","hentry","category-adriana-moreno-cordero","tag-adriana-moreno-cordero","tag-la-retaguardia","tag-opinion"],"_links":{"self":[{"href":"https:\/\/www.diarioimagen.net\/index.php?rest_route=\/wp\/v2\/posts\/588057","targetHints":{"allow":["GET"]}}],"collection":[{"href":"https:\/\/www.diarioimagen.net\/index.php?rest_route=\/wp\/v2\/posts"}],"about":[{"href":"https:\/\/www.diarioimagen.net\/index.php?rest_route=\/wp\/v2\/types\/post"}],"author":[{"embeddable":true,"href":"https:\/\/www.diarioimagen.net\/index.php?rest_route=\/wp\/v2\/users\/3"}],"replies":[{"embeddable":true,"href":"https:\/\/www.diarioimagen.net\/index.php?rest_route=%2Fwp%2Fv2%2Fcomments&post=588057"}],"version-history":[{"count":0,"href":"https:\/\/www.diarioimagen.net\/index.php?rest_route=\/wp\/v2\/posts\/588057\/revisions"}],"wp:attachment":[{"href":"https:\/\/www.diarioimagen.net\/index.php?rest_route=%2Fwp%2Fv2%2Fmedia&parent=588057"}],"wp:term":[{"taxonomy":"category","embeddable":true,"href":"https:\/\/www.diarioimagen.net\/index.php?rest_route=%2Fwp%2Fv2%2Fcategories&post=588057"},{"taxonomy":"post_tag","embeddable":true,"href":"https:\/\/www.diarioimagen.net\/index.php?rest_route=%2Fwp%2Fv2%2Ftags&post=588057"}],"curies":[{"name":"wp","href":"https:\/\/api.w.org\/{rel}","templated":true}]}}