{"id":588059,"date":"2023-06-23T00:04:56","date_gmt":"2023-06-23T06:04:56","guid":{"rendered":"https:\/\/www.diarioimagen.net\/?p=588059"},"modified":"2023-06-23T05:06:24","modified_gmt":"2023-06-23T11:06:24","slug":"nada-de-politiquerias-amlo","status":"publish","type":"post","link":"https:\/\/www.diarioimagen.net\/?p=588059","title":{"rendered":"Nada de politiquer\u00edas: AMLO"},"content":{"rendered":"<h2>Desde el portal<\/h2>\n<h5>\u00c1ngel Soriano<\/h5>\n<p>&nbsp;<\/p>\n<p>El presidente Andr\u00e9s Manuel L\u00f3pez Obrador dijo que durante la celebraci\u00f3n del triunfo de la IV-T el 1 de julio pr\u00f3ximo, en la Plaza de la Constituci\u00f3n, ha pedido a sus simpatizantes no llevar porras ni inclinarse a favor o en contra de los aspirantes a la coordinaci\u00f3n de los comit\u00e9s de la Cuarta Transformaci\u00f3n, \u201cnada de politiquer\u00edas\u201d porque es una celebraci\u00f3n del pueblo de M\u00e9xico.<\/p>\n<p>Sin duda que ante la crisis de liderazgo y falta de imaginaci\u00f3n de algunos de los precandidatos -sobre todo en la oposici\u00f3n-, busquen atraer los reflectores durante el magno evento en el Z\u00f3calo, y como ocurre siempre, los aspirantes a los puestos de elecci\u00f3n popular se refugian a la sombra del m\u00e1ximo dirigente, tanto para presumir su cercan\u00eda, como para \u201capantallar\u201d a sus simpatizantes.<\/p>\n<p>No se trata de una lucha por los cargos p\u00fablicos, sino de profundizar la transformaci\u00f3n del pueblo de M\u00e9xico desterrando uno de los principales problemas del pa\u00eds que es la corrupci\u00f3n, limpiando las instituciones y transform\u00e1ndolas para que funcionen m\u00e1s y mejor, pero de ninguna manera para acceder a los puestos para utilizar el erario como bot\u00edn.<\/p>\n<p>Todos est\u00e1n invitados, dijo el Presidente, a condici\u00f3n de que no haya divisi\u00f3n ni favoritismo a favor de uno u otro candidato, ni para que el z\u00f3calo sea escenario de desencuentros entre seguidores de los precandidatos, por lo que, por ahora, los aspirantes a la coordinaci\u00f3n de los comit\u00e9s quedar\u00e1n en la orfandad y no capitalizar\u00e1n una reuni\u00f3n tumultuosa para beneficio electoral propio.<\/p>\n<p style=\"text-align: center;\"><strong>Turbulencias<\/strong><\/p>\n<p>Pese a la alerta emitida por la Cenace y los reportes de apagones en diversas regiones del pa\u00eds por la falta de energ\u00eda el\u00e9ctrica, as\u00ed como por los muertos a causa de los golpes de calor, el presidente Andr\u00e9s Manuel L\u00f3pez Obrador afirma que esta situaci\u00f3n no es generalizada y que se trata de informaci\u00f3n de \u201crutina\u201d del organismo regulador de energ\u00eda, porque hay reservas suficientes para satisfacer la demanda de energ\u00eda el\u00e9ctrica. Se trata de una campa\u00f1a en contra de la CFE de parte de los grupos empresariales que buscaban desaparecerla para controlar el mercado nacional, afirma el mandatario\u2026 Los aspirantes a gobernadores de Puebla, Alejandro Armenta Mier -primo de Nacho Mier, coordinador de Morena en San L\u00e1zaro-, presidente de la Mesa Directiva del Senado, ofreci\u00f3 una comida de bienvenida a su correligionario Eduardo Ram\u00edrez Aguilar, aspirante a ocupar el Palacio de Gobierno de Tuxtla Guti\u00e9rrez,\u00a0 como presidente de la Jucopo y coordinador de Morena en el Senado, y ambos personajes l\u00edderes del Senado de ninguna manera ocultaron sus aspiraciones: est\u00e1n prestos para ser los coordinadores de la IV-T en sus respectivas entidades. Los antojitos poblanos ofrecidos en la C\u00e1mara alta fue motivo de reconocimiento al liderazgo de Ricardo Monreal y de reconocimiento tambi\u00e9n a los comunicadores por su labor en la sede legislativa\u2026 La SCJN concluy\u00f3 su labor de sepultar el \u201cplan B\u201d de la reforma electoral y continuar\u00e1, desde luego, el enfrentamiento entre poderes Ejecutivo y Judicial, cuesti\u00f3n nunca vista en la vida contempor\u00e1nea del pa\u00eds. El Poder Judicial -con pruebas documentales-, se ha convertido en un aut\u00e9ntico poder corruptor con el pretexto de la autonom\u00eda y la independencia entre poderes, para proteger a delincuentes y obtener m\u00e1ximos beneficios en la oferta directa de la impartici\u00f3n de \u201cjusticia\u201d en el pa\u00eds\u2026 Ahora acusan a la gobernadora Lorena Cu\u00e9llar, de Tlaxcala, de sabotear la campa\u00f1a de la ex jefa de Gobierno de la CDMX, Claudia Sheinbaum Pardo, debido a que no reuni\u00f3 a los simpatizantes que le ofrecieron durante su paso por la entidad. Hubo espacios que quedaron vac\u00edos y tuvieron que retirarse sillas para que no se vieran los enormes huecos, lo que evidenci\u00f3 falta de poder de convocatoria y diferencias entre los organizadores.<\/p>\n<p><u><a href=\"mailto:asorianocarrasco@yahoo.com\" target=\"_blank\" rel=\"noopener noreferrer\"><em>asorianocarrasco@yahoo.com<\/em><\/a><br \/>\n<em><a href=\"https:\/\/revistabrecha.com\" target=\"_blank\" rel=\"noopener noreferrer\">www.revistabrecha.com<\/a><br \/>\n<\/em><\/u><em>facebook oficial <a href=\"https:\/\/es-la.facebook.com\/RevistaBrecha.Oficial\" target=\"_blank\" rel=\"noopener\">@BrechaRevista<\/a><\/em><\/p>\n","protected":false},"excerpt":{"rendered":"<p><span style=\"color: #005497;\"><strong>\u00c1ngel Soriano<\/strong><\/span><\/p>\n","protected":false},"author":3,"featured_media":0,"comment_status":"open","ping_status":"open","sticky":false,"template":"","format":"standard","meta":{"_monsterinsights_skip_tracking":false,"_monsterinsights_sitenote_active":false,"_monsterinsights_sitenote_note":"","_monsterinsights_sitenote_category":0,"footnotes":""},"categories":[135],"tags":[85,86,43674],"class_list":["post-588059","post","type-post","status-publish","format-standard","hentry","category-angel-soriano-opinion","tag-angel-soriano","tag-desde-el-portal","tag-opinion"],"_links":{"self":[{"href":"https:\/\/www.diarioimagen.net\/index.php?rest_route=\/wp\/v2\/posts\/588059","targetHints":{"allow":["GET"]}}],"collection":[{"href":"https:\/\/www.diarioimagen.net\/index.php?rest_route=\/wp\/v2\/posts"}],"about":[{"href":"https:\/\/www.diarioimagen.net\/index.php?rest_route=\/wp\/v2\/types\/post"}],"author":[{"embeddable":true,"href":"https:\/\/www.diarioimagen.net\/index.php?rest_route=\/wp\/v2\/users\/3"}],"replies":[{"embeddable":true,"href":"https:\/\/www.diarioimagen.net\/index.php?rest_route=%2Fwp%2Fv2%2Fcomments&post=588059"}],"version-history":[{"count":0,"href":"https:\/\/www.diarioimagen.net\/index.php?rest_route=\/wp\/v2\/posts\/588059\/revisions"}],"wp:attachment":[{"href":"https:\/\/www.diarioimagen.net\/index.php?rest_route=%2Fwp%2Fv2%2Fmedia&parent=588059"}],"wp:term":[{"taxonomy":"category","embeddable":true,"href":"https:\/\/www.diarioimagen.net\/index.php?rest_route=%2Fwp%2Fv2%2Fcategories&post=588059"},{"taxonomy":"post_tag","embeddable":true,"href":"https:\/\/www.diarioimagen.net\/index.php?rest_route=%2Fwp%2Fv2%2Ftags&post=588059"}],"curies":[{"name":"wp","href":"https:\/\/api.w.org\/{rel}","templated":true}]}}