{"id":588081,"date":"2023-06-23T00:12:11","date_gmt":"2023-06-23T06:12:11","guid":{"rendered":"https:\/\/www.diarioimagen.net\/?p=588081"},"modified":"2023-06-23T05:17:52","modified_gmt":"2023-06-23T11:17:52","slug":"anulados-sus-planes-a-y-b-amlo-aplica-el-c-e-impone-su-voluntad-electoral","status":"publish","type":"post","link":"https:\/\/www.diarioimagen.net\/?p=588081","title":{"rendered":"Anulados sus planes \u201cA\u201d y \u201cB\u201d, AMLO aplica el \u201cC\u201d e impone su voluntad electoral"},"content":{"rendered":"<h2>Tras la puerta del poder<\/h2>\n<h5>Roberto Vizca\u00edno<\/h5>\n<p>&nbsp;<\/p>\n<p>Culmina hoy la primera semana de una campa\u00f1a electoral abierta de 6 aspirantes presidenciales de Morena y aliados, que se empalm\u00f3 en su cierre con la anulaci\u00f3n por parte de 9 ministros contra 2 de la Suprema Corte del llamado \u201cplan B\u201d electoral del presidente <strong>Andr\u00e9s Manuel L\u00f3pez Obrador<\/strong>.<\/p>\n<p>Previamente y bajo la ira manifiesta del mandatario, la oposici\u00f3n le anul\u00f3 en San L\u00e1zaro su \u201cplan A\u201d, al no tener Morena y aliados las dos terceras partes requeridas por una reforma constitucional, con que buscaba disminuir de 11 a 7 los consejeros del INE; acortar el n\u00famero de magistrados del Tribunal Electoral, y disminuir al menos en un 30 por ciento la plantilla de diputados federales y de senadores, adem\u00e1s de recortar sustancialmente presupuestos y centrales en todo el sistema electoral de M\u00e9xico.<\/p>\n<p>Fue entonces que envi\u00f3 su \u201cplan B\u201d al Congreso en busca de lograr los mismos objetivos que el \u201cplan A\u201d, pero a trav\u00e9s de la aprobaci\u00f3n atrabancada de leyes secundarias, con obvias y graves violaciones a los procedimientos legislativos establecidos en los art\u00edculos 71 y 72 de la Constituci\u00f3n.<\/p>\n<p>Con 9 nueve contra 2 votos, la Corte elimin\u00f3 ayer por violaciones graves de procedimiento en su aprobaci\u00f3n, las reformas a las leyes General de Instituciones y Procedimientos Electorales y General de Partidos Pol\u00edticos, as\u00ed como una nueva Ley del Sistema de Medios de Impugnaci\u00f3n en Materia Electoral contenidas en el \u201cplan B\u201d.<\/p>\n<p>Con la sentencia de ayer recobran vigencia las leyes electorales de la reforma de 2014.<\/p>\n<p>Y el art\u00edculo 105 de la Constituci\u00f3n impide promulgar o publicar reformas en materia electoral durante los comicios de junio de 2024.<\/p>\n<p>En total, el llamado \u201cplan B\u201d aprobado a machete y sin consideraciones a las minor\u00edas y a los procedimientos constitucionales, reform\u00f3 m\u00e1s de 510 art\u00edculos y de al menos 6 grandes leyes en s\u00f3lo 4 horas, resumi\u00f3 el ministro <strong>Javier Laynez<\/strong>.<\/p>\n<p>\u201cEs claro y evidente que se viol\u00f3 el principio de deliberaci\u00f3n democr\u00e1tica\u201d, indic\u00f3.<\/p>\n<p><strong>Juan Luis Gonz\u00e1lez Alc\u00e1ntara<\/strong> calific\u00f3 esta acci\u00f3n como \u201cun vicio de gran gravedad\u201d que viol\u00f3 el sistema bicameral de aprobaci\u00f3n de leyes.<\/p>\n<p>Otro problema, ya detectado al resolver la primera parte del \u201cplan B\u201d, fue que el dictamen en el Senado no fue aprobado en comisiones con la mayor\u00eda que requiere su reglamento.<\/p>\n<p>Las ministras <strong>Yasm\u00edn Esquivel<\/strong> y <strong>Loretta Ortiz<\/strong> fueron las \u00fanicas que defendieron de nuevo la actuaci\u00f3n de diputados y senadores de Morena y sus aliados, se quejaron de que los ministros no entraron al fondo de las reformas, y exigieron \u201cdeferencia\u201d hacia los \u00f3rganos legislativos y respeto a su autonom\u00eda.<\/p>\n<p><strong>Luis Mar\u00eda Aguilar<\/strong> revir\u00f3:<\/p>\n<p>\u201cNo respetar las reglas de procedimiento legislativo es una deslealtad Constitucional y un desd\u00e9n a las minor\u00edas, que representan a un sector importante del pueblo\u201d, afirm\u00f3.<\/p>\n<p>\u201cSi lo que se hizo no es ley, no tengo porque estudiar el fondo\u2026 No se puede ser deferente con nadie, si lo que se viola es la Constituci\u00f3n\u201d, respondi\u00f3, a su vez, <strong>Alberto P\u00e9rez Dayan<\/strong>\u201d.<\/p>\n<p>La presidenta de la Corte <strong>Norma Pi\u00f1a<\/strong> apoy\u00f3 totalmente el proyecto de anulaci\u00f3n del \u201cplan B2 presentado por <strong>Javier Laynez Potisek<\/strong> y votado a favor por <strong>Alberto P\u00e9rez Day\u00e1n, Juan Luis Gonz\u00e1lez Alc\u00e1ntara Carranc\u00e1, Ana Margarita R\u00edos Farjat, Luis Mar\u00eda Aguilar Morales, Jorge Mario Pardo Rebolledo y por Alfredo Guti\u00e9rrez Ortiz Mena<\/strong>. Con evidente malestar y algunos gestos al final se sum\u00f3 <strong>Arturo Zald\u00edvar <\/strong>a la mayor\u00eda.<\/p>\n<p>La ministra <strong>Pi\u00f1a <\/strong>exigi\u00f3 congruencia y record\u00f3 que, en agosto de 2022, la Corte invalid\u00f3 por unanimidad una reforma de 2017 a la Ley Federal de Telecomunicaciones, por vicios de procedimiento similares a los del \u201cplan B\u201d que en esa ocasi\u00f3n fue votado igual a favor por la ministra <strong>Ortiz<\/strong>.<\/p>\n<p style=\"text-align: center;\"><strong>Sin planes \u201cA\u201d ni \u201cB\u201d, AMLO aplica el \u201cC\u201d<\/strong><\/p>\n<p>Sin posibilidades de promover ya otra reforma electoral, el presidente <strong>Andr\u00e9s Manuel L\u00f3pez Obrador<\/strong> sigue adelante con su \u201cplan C\u201d que es el de correr su proceso de sucesi\u00f3n con 4 militantes de Morena cercanos a \u00e9l y con uno del PT y otro del Verde, bajo sus propios tiempos, agenda y formato.<\/p>\n<p>Bajo el supuesto de que los 6 contendientes \u2014<strong>Claudia Sheinbaum, Marcelo Ebrard, Ad\u00e1n Augusto L\u00f3pez, Ricardo Monreal, Gerardo Fern\u00e1ndez Noro\u00f1a y Manuel Velasco<\/strong>\u2014 van por el encargo interno en Morena de Coordinador de la Defensa Nacional de la Transformaci\u00f3n, todos ellos han recibido 5 millones de pesos para que hagan campa\u00f1a durante 2 meses y d\u00edas para que a finales de agosto se realicen encuestas que dir\u00e1n qui\u00e9n de ellos ocupar\u00e1 esa tarea que en verdad ser\u00e1 la del candidato o candidata a la Presidencia de la Rep\u00fablica.<\/p>\n<p>\u00bfEsto viola la norma electoral? S\u00ed. Pero como se supone que la campa\u00f1a es por un cargo interno, <strong>AMLO<\/strong> y los suyos aseguran que no hay nada que perseguir ni sancionar.<\/p>\n<p>Y en estos momentos no se ve que el INE o el Tribunal electoral tengan la fuerza para enfrentar esta artima\u00f1a ideada por el presidente <strong>L\u00f3pez Obrador y su partido<\/strong>.<\/p>\n<p>Es obvio que <strong>AMLO<\/strong> ir\u00eda a situaciones impensadas e imprevistas hasta hoy para defender y sacar adelante este su proceso de sucesi\u00f3n.<\/p>\n<p>Si antes asalt\u00f3 y tom\u00f3 pozos petroleros o secuestr\u00f3 durante semanas el Paseo de La Reforma o cancel\u00f3 el proyecto del Aeropuerto Internacional de la Ciudad de M\u00e9xico quiz\u00e1 la obra m\u00e1s importante del decenio en la regi\u00f3n o mantiene contra viento y marea y costos financieros alt\u00edsimos sus obras de Bocas, Tren Maya y Aeropuerto Felipe \u00c1ngeles, \u00bfqu\u00e9 no estar\u00e1 dispuesto a hacer por sacar adelante a su sucesor como \u00e9l quiere y cree que puede?<\/p>\n<p>En eso estamos hasta hoy.<\/p>\n<p><em><a href=\"mailto:rvizcainoa@gmail.com\" target=\"_blank\" rel=\"noopener noreferrer\">vizcainoa@gmail.com<\/a><a href=\"mailto:rvizcainoa@gmail.com\" target=\"_blank\" rel=\"noopener noreferrer\"><br \/>\n<\/a><a href=\"http:\/\/endirecto.mx\" target=\"_blank\" rel=\"noopener noreferrer\">www.endirecto.mx<\/a><a href=\"mailto:rvizcainoa@gmail.com\" target=\"_blank\" rel=\"noopener noreferrer\"><br \/>\n<\/a><a href=\"https:\/\/twitter.com\/_rvizcaino\" target=\"_blank\" rel=\"noopener noreferrer\">@_RVizcaino<\/a><a href=\"mailto:rvizcainoa@gmail.com\" target=\"_blank\" rel=\"noopener noreferrer\"><br \/>\n<\/a><a href=\"https:\/\/www.facebook.com\/rvizcainoa\" target=\"_blank\" rel=\"noopener noreferrer\">facebook.com\/rvizcainoa<\/a><\/em><\/p>\n","protected":false},"excerpt":{"rendered":"<p><span style=\"color: #005497;\"><strong>Roberto Vizca\u00edno<\/strong><\/span><\/p>\n","protected":false},"author":3,"featured_media":0,"comment_status":"open","ping_status":"open","sticky":false,"template":"","format":"standard","meta":{"_monsterinsights_skip_tracking":false,"_monsterinsights_sitenote_active":false,"_monsterinsights_sitenote_note":"","_monsterinsights_sitenote_category":0,"footnotes":""},"categories":[136],"tags":[43674,93,94],"class_list":["post-588081","post","type-post","status-publish","format-standard","hentry","category-roberto-vizcaino-opinion","tag-opinion","tag-roberto-vizcaino","tag-tras-la-puerta-del-poder"],"_links":{"self":[{"href":"https:\/\/www.diarioimagen.net\/index.php?rest_route=\/wp\/v2\/posts\/588081","targetHints":{"allow":["GET"]}}],"collection":[{"href":"https:\/\/www.diarioimagen.net\/index.php?rest_route=\/wp\/v2\/posts"}],"about":[{"href":"https:\/\/www.diarioimagen.net\/index.php?rest_route=\/wp\/v2\/types\/post"}],"author":[{"embeddable":true,"href":"https:\/\/www.diarioimagen.net\/index.php?rest_route=\/wp\/v2\/users\/3"}],"replies":[{"embeddable":true,"href":"https:\/\/www.diarioimagen.net\/index.php?rest_route=%2Fwp%2Fv2%2Fcomments&post=588081"}],"version-history":[{"count":0,"href":"https:\/\/www.diarioimagen.net\/index.php?rest_route=\/wp\/v2\/posts\/588081\/revisions"}],"wp:attachment":[{"href":"https:\/\/www.diarioimagen.net\/index.php?rest_route=%2Fwp%2Fv2%2Fmedia&parent=588081"}],"wp:term":[{"taxonomy":"category","embeddable":true,"href":"https:\/\/www.diarioimagen.net\/index.php?rest_route=%2Fwp%2Fv2%2Fcategories&post=588081"},{"taxonomy":"post_tag","embeddable":true,"href":"https:\/\/www.diarioimagen.net\/index.php?rest_route=%2Fwp%2Fv2%2Ftags&post=588081"}],"curies":[{"name":"wp","href":"https:\/\/api.w.org\/{rel}","templated":true}]}}