{"id":588091,"date":"2023-06-26T00:01:08","date_gmt":"2023-06-26T06:01:08","guid":{"rendered":"https:\/\/www.diarioimagen.net\/?p=588091"},"modified":"2023-06-27T01:58:01","modified_gmt":"2023-06-27T07:58:01","slug":"jueces-de-tutela-de-derechos-humanos-del-pjcdmx-erradican-situacion-de-vulnerabilidad-de-personas","status":"publish","type":"post","link":"https:\/\/www.diarioimagen.net\/?p=588091","title":{"rendered":"Jueces de tutela de derechos humanos del PJCDMX erradican situaci\u00f3n de vulnerabilidad de personas"},"content":{"rendered":"<p>&nbsp;<\/p>\n<ul>\n<li><strong><em>As\u00ed lo destac\u00f3 el presidente del PJCDMX, magistrado Rafael Guerra \u00c1lvarez, en la ceremonia del 30 aniversario de la Comisi\u00f3n de Derechos Humanos de la Ciudad de M\u00e9xico, que preside Nashieli Ram\u00edrez<\/em><\/strong><\/li>\n<li><strong><em>Esa contribuci\u00f3n de esos impartidores de justicia, dijo, \u201cnos enorgullece\u201d porque enaltece la oportunidad para servir a aquellos que m\u00e1s lo necesitan<\/em><\/strong><\/li>\n<\/ul>\n<p>&nbsp;<\/p>\n<div id=\"attachment_588157\" style=\"width: 470px\" class=\"wp-caption aligncenter\"><a href=\"https:\/\/www.diarioimagen.net\/?attachment_id=588157\" rel=\"attachment wp-att-588157\"><img loading=\"lazy\" decoding=\"async\" aria-describedby=\"caption-attachment-588157\" class=\"size-full wp-image-588157\" src=\"https:\/\/www.diarioimagen.net\/wp-content\/uploads\/2023\/06\/tribunal-jueces-de-tutela.jpg\" alt=\"\" width=\"460\" height=\"270\" \/><\/a><p id=\"caption-attachment-588157\" class=\"wp-caption-text\">\u201cEl respeto a los derechos humanos es un componente esencial de la gobernabilidad y estos \u00faltimos a\u00f1os ha sido garantizado por mi gran amiga NashieliRamirez y su equipo de colaboradores\u201d, asegur\u00f3 el presidente del PJCDMX, Rafael Guerra \u00c1lvarez.<\/p><\/div>\n<p>&nbsp;<\/p>\n<p>Los jueces de tutela de derechos humanos del Poder Judicial de la Ciudad de M\u00e9xico contribuyen y abren nuevas posibilidades para la defensa efectiva de los derechos de las personas, destac\u00f3 el presidente del \u00f3rgano judicial, magistrado Rafael Guerra \u00c1lvarez, quien asegur\u00f3 que con esto hacen menor su situaci\u00f3n de vulnerabilidad y que \u00e9sta sea erradicada.<\/p>\n<p>En la ceremonia del 30 aniversario de la Comisi\u00f3n de Derechos Humanos de la Ciudad de M\u00e9xico (CDHCDMX), que preside Nashieli Ram\u00edrez Maldonado, dijo que esta contribuci\u00f3n \u201cnos enorgullece\u201d porque enaltece la oportunidad para servir a aquellos que m\u00e1s lo necesitan.<\/p>\n<p>El magistrado advirti\u00f3 que es obligaci\u00f3n ineludible de todas las autoridades promover, respetar, proteger y garantizar los derechos humanos, seg\u00fan lo establece el art\u00edculo primero de la Constituci\u00f3n Pol\u00edtica, con la finalidad de que las personas ejerzan el derecho a la vida, a la libertad, al trabajo, a la salud, a la educaci\u00f3n, a la cultura, entre otros.<\/p>\n<p>Agradeci\u00f3 a impartidores de justicia que en su actuar cotidiano atienden y resuelven con enfoque de derechos humanos y perspectiva de g\u00e9nero, as\u00ed como al personal ministerial y policial y servidores p\u00fablicos de todos los niveles de gobierno que en 30 a\u00f1os han coadyuvado con la CDHCDMX.<\/p>\n<p>Al referirse al trabajo de Ram\u00edrez Maldonado, el magistrado subray\u00f3 que se trata de una destacada defensora de los derechos humanos, especialmente los de la infancia y la equidad de g\u00e9nero, la cual tambi\u00e9n se caracterizado por su lucha contra la trata de personas.<\/p>\n<p>\u201cEl respeto a los derechos humanos es un componente esencial de la gobernabilidad, y en los \u00faltimos a\u00f1os ha sido garantizado por mi gran amiga Nashieli Ram\u00edrez y su equipo de colaboradores\u201d, asegur\u00f3 en el acto en el que estuvo la secretaria de Educaci\u00f3n P\u00fablica, Leticia Ram\u00edrez Amaya; encargado de despacho de la Secretar\u00eda de Gobierno de la administraci\u00f3n capitalina, Ricardo Ruiz Su\u00e1rez,\u00a0 y la diputada local Marisela Z\u00fa\u00f1iga Cer\u00f3n, entre otros.<\/p>\n<p>Agreg\u00f3 que se trata de una mujer comprometida con las causas sociales y la construcci\u00f3n de una sociedad m\u00e1s justa, democr\u00e1tica e incluyente, y mencion\u00f3 que su labor al frente de la comisi\u00f3n, desde 2017, es ejemplo de su visi\u00f3n y liderazgo, en cuya gesti\u00f3n ha impulsado acciones para garantizar el acceso a la justicia, la protecci\u00f3n y la reparaci\u00f3n a las v\u00edctimas de violaciones a derechos humanos.<\/p>\n","protected":false},"excerpt":{"rendered":"<p>Los jueces de tutela de derechos humanos del Poder Judicial de la Ciudad de M\u00e9xico contribuyen y abren nuevas posibilidades para la defensa efectiva de los derechos de las personas, destac\u00f3 el presidente del \u00f3rgano judicial, magistrado Rafael Guerra \u00c1lvarez, quien asegur\u00f3 que con esto hacen menor su situaci\u00f3n de vulnerabilidad y que \u00e9sta sea erradicada.<\/p>\n","protected":false},"author":3,"featured_media":588157,"comment_status":"open","ping_status":"open","sticky":false,"template":"","format":"standard","meta":{"_monsterinsights_skip_tracking":false,"_monsterinsights_sitenote_active":false,"_monsterinsights_sitenote_note":"","_monsterinsights_sitenote_category":0,"footnotes":""},"categories":[6],"tags":[15549,87379,71521],"class_list":["post-588091","post","type-post","status-publish","format-standard","has-post-thumbnail","hentry","category-cd-de-mexico","tag-jueces","tag-pjcdmx","tag-vulnerabilidad"],"_links":{"self":[{"href":"https:\/\/www.diarioimagen.net\/index.php?rest_route=\/wp\/v2\/posts\/588091","targetHints":{"allow":["GET"]}}],"collection":[{"href":"https:\/\/www.diarioimagen.net\/index.php?rest_route=\/wp\/v2\/posts"}],"about":[{"href":"https:\/\/www.diarioimagen.net\/index.php?rest_route=\/wp\/v2\/types\/post"}],"author":[{"embeddable":true,"href":"https:\/\/www.diarioimagen.net\/index.php?rest_route=\/wp\/v2\/users\/3"}],"replies":[{"embeddable":true,"href":"https:\/\/www.diarioimagen.net\/index.php?rest_route=%2Fwp%2Fv2%2Fcomments&post=588091"}],"version-history":[{"count":0,"href":"https:\/\/www.diarioimagen.net\/index.php?rest_route=\/wp\/v2\/posts\/588091\/revisions"}],"wp:featuredmedia":[{"embeddable":true,"href":"https:\/\/www.diarioimagen.net\/index.php?rest_route=\/wp\/v2\/media\/588157"}],"wp:attachment":[{"href":"https:\/\/www.diarioimagen.net\/index.php?rest_route=%2Fwp%2Fv2%2Fmedia&parent=588091"}],"wp:term":[{"taxonomy":"category","embeddable":true,"href":"https:\/\/www.diarioimagen.net\/index.php?rest_route=%2Fwp%2Fv2%2Fcategories&post=588091"},{"taxonomy":"post_tag","embeddable":true,"href":"https:\/\/www.diarioimagen.net\/index.php?rest_route=%2Fwp%2Fv2%2Ftags&post=588091"}],"curies":[{"name":"wp","href":"https:\/\/api.w.org\/{rel}","templated":true}]}}