{"id":588093,"date":"2023-06-26T00:06:49","date_gmt":"2023-06-26T06:06:49","guid":{"rendered":"https:\/\/www.diarioimagen.net\/?p=588093"},"modified":"2023-06-27T01:57:35","modified_gmt":"2023-06-27T07:57:35","slug":"presentan-estudiantes-de-la-uaemex-gala-de-musica-y-danza-en-toluca","status":"publish","type":"post","link":"https:\/\/www.diarioimagen.net\/?p=588093","title":{"rendered":"Presentan estudiantes de la UAEM\u00e9x gala de m\u00fasica y danza, en Toluca"},"content":{"rendered":"<p><em>\u00a0<\/em><\/p>\n<ul>\n<li><em><strong>El Teatro Morelos, con un aforo mayor a las dos mil personas, luci\u00f3 lleno durante la presentaci\u00f3n<\/strong><\/em><\/li>\n<\/ul>\n<p><strong>\u00a0<\/strong><\/p>\n<div id=\"attachment_588159\" style=\"width: 470px\" class=\"wp-caption aligncenter\"><a href=\"https:\/\/www.diarioimagen.net\/?attachment_id=588159\" rel=\"attachment wp-att-588159\"><img loading=\"lazy\" decoding=\"async\" aria-describedby=\"caption-attachment-588159\" class=\"size-full wp-image-588159\" src=\"https:\/\/www.diarioimagen.net\/wp-content\/uploads\/2023\/06\/uaem-presentan-estudiantes.jpg\" alt=\"\" width=\"460\" height=\"270\" \/><\/a><p id=\"caption-attachment-588159\" class=\"wp-caption-text\">Con \u201cArte en Movimiento\u201d los estudiantes de m\u00fasica y danza de la UAEM\u00e9x mostraron al p\u00fablico en general lo aprendido en las aulas.<\/p><\/div>\n<p>&nbsp;<\/p>\n<p><strong>Toluca, Estado de M\u00e9xico.\u2013<\/strong>\u00a0 Con el prop\u00f3sito de dar a conocer el desarrollo, trabajo y formaci\u00f3n del estudiantado, un total de 45 estudiantes de las Licenciaturas en M\u00fasica y en Danza de la Escuela de Artes Esc\u00e9nicas de la Universidad Aut\u00f3noma del Estado de M\u00e9xico (UAEM\u00e9x) presentaron \u201cArte en Movimiento\u201d, en el Teatro Morelos de la ciudad de Toluca.<\/p>\n<p>Ante el p\u00fablico en general, interpretaron diversos n\u00fameros que dieron muestra de la creatividad y calidad danc\u00edstica y musical adquirida a lo largo de su \u00faltimo semestre.<\/p>\n<p>De manera gratuita, mostraron Habanera, Aria de Mozart, Barcarolle de Contes, Camerata de la Escuela de Artes Esc\u00e9nicas, N\u00e9mesis Dueto de Danza Contempor\u00e1nea, Sones y Chilenas de San Pedro Pochutla y la \u00f3pera Dido y Eneas.<\/p>\n<p>En la preparaci\u00f3n de este espect\u00e1culo, explicaron, el estudiantado trabaj\u00f3 de forma interdisciplinaria entre las y los alumnos de m\u00fasica y danza, contando con el apoyo de los docentes para la parte creativa y t\u00e9cnica.<\/p>\n<p>Por su parte, estudiantes de la Licenciatura en Estudios Cinematogr\u00e1ficos participaron con la elaboraci\u00f3n de un documental sobre el proceso creativo realizado en el montaje de las presentaciones.<\/p>\n<p>Finalmente, las autoridades universitarias agradecieron el apoyo del Patronato del DIFEM para abrir este espacio a la comunidad estudiantil de la UAEM\u00e9x.<\/p>\n","protected":false},"excerpt":{"rendered":"<p>Con el prop\u00f3sito de dar a conocer el desarrollo, trabajo y formaci\u00f3n del estudiantado, un total de 45 estudiantes de las Licenciaturas en M\u00fasica y en Danza de la Escuela de Artes Esc\u00e9nicas de la Universidad Aut\u00f3noma del Estado de M\u00e9xico (UAEM\u00e9x) presentaron \u201cArte en Movimiento\u201d, en el Teatro Morelos de la ciudad de Toluca.<\/p>\n","protected":false},"author":3,"featured_media":588159,"comment_status":"open","ping_status":"open","sticky":false,"template":"","format":"standard","meta":{"_monsterinsights_skip_tracking":false,"_monsterinsights_sitenote_active":false,"_monsterinsights_sitenote_note":"","_monsterinsights_sitenote_category":0,"footnotes":""},"categories":[5],"tags":[45178,1534,452,67878],"class_list":["post-588093","post","type-post","status-publish","format-standard","has-post-thumbnail","hentry","category-estado-de-mexico","tag-danza","tag-musica","tag-toluca","tag-uaemex"],"_links":{"self":[{"href":"https:\/\/www.diarioimagen.net\/index.php?rest_route=\/wp\/v2\/posts\/588093","targetHints":{"allow":["GET"]}}],"collection":[{"href":"https:\/\/www.diarioimagen.net\/index.php?rest_route=\/wp\/v2\/posts"}],"about":[{"href":"https:\/\/www.diarioimagen.net\/index.php?rest_route=\/wp\/v2\/types\/post"}],"author":[{"embeddable":true,"href":"https:\/\/www.diarioimagen.net\/index.php?rest_route=\/wp\/v2\/users\/3"}],"replies":[{"embeddable":true,"href":"https:\/\/www.diarioimagen.net\/index.php?rest_route=%2Fwp%2Fv2%2Fcomments&post=588093"}],"version-history":[{"count":0,"href":"https:\/\/www.diarioimagen.net\/index.php?rest_route=\/wp\/v2\/posts\/588093\/revisions"}],"wp:featuredmedia":[{"embeddable":true,"href":"https:\/\/www.diarioimagen.net\/index.php?rest_route=\/wp\/v2\/media\/588159"}],"wp:attachment":[{"href":"https:\/\/www.diarioimagen.net\/index.php?rest_route=%2Fwp%2Fv2%2Fmedia&parent=588093"}],"wp:term":[{"taxonomy":"category","embeddable":true,"href":"https:\/\/www.diarioimagen.net\/index.php?rest_route=%2Fwp%2Fv2%2Fcategories&post=588093"},{"taxonomy":"post_tag","embeddable":true,"href":"https:\/\/www.diarioimagen.net\/index.php?rest_route=%2Fwp%2Fv2%2Ftags&post=588093"}],"curies":[{"name":"wp","href":"https:\/\/api.w.org\/{rel}","templated":true}]}}