{"id":588095,"date":"2023-06-26T00:05:55","date_gmt":"2023-06-26T06:05:55","guid":{"rendered":"https:\/\/www.diarioimagen.net\/?p=588095"},"modified":"2023-06-27T01:58:26","modified_gmt":"2023-06-27T07:58:26","slug":"uaemex-comprometida-con-el-desarrollo-empresarial","status":"publish","type":"post","link":"https:\/\/www.diarioimagen.net\/?p=588095","title":{"rendered":"UAEM\u00e9x, comprometida con el desarrollo empresarial"},"content":{"rendered":"<p>&nbsp;<\/p>\n<div id=\"attachment_588161\" style=\"width: 470px\" class=\"wp-caption aligncenter\"><a href=\"https:\/\/www.diarioimagen.net\/?attachment_id=588161\" rel=\"attachment wp-att-588161\"><img loading=\"lazy\" decoding=\"async\" aria-describedby=\"caption-attachment-588161\" class=\"size-full wp-image-588161\" src=\"https:\/\/www.diarioimagen.net\/wp-content\/uploads\/2023\/06\/uaem-comprometida.jpg\" alt=\"\" width=\"460\" height=\"270\" \/><\/a><p id=\"caption-attachment-588161\" class=\"wp-caption-text\">La firma del convenio permitir\u00e1 que las y los integrantes de la COPARMEX cuenten con servicios m\u00e9dicos de calidad y accedan a cursos de idiomas con descuentos exclusivos, contribuyendo a brindar herramientas necesarias para que puedan competir en el \u00e1mbito empresarial global.<\/p><\/div>\n<p>&nbsp;<\/p>\n<p><strong>Toluca, Estado de M\u00e9xico.\u2013 <\/strong>Con el objetivo de fortalecer alianzas que permitan el desarrollo profesional y se promueva el acceso a empleos formales, se llev\u00f3 a cabo el refrendo del convenio de colaboraci\u00f3n entre la Universidad Aut\u00f3noma del Estado (UAEM\u00e9x) y la Confederaci\u00f3n Patronal de la Rep\u00fablica Mexicana (COPARMEX) del Estado de M\u00e9xico.<\/p>\n<p>El rector de la M\u00e1xima Casa de Estudios mexiquense, Carlos Eduardo Barrera D\u00edaz, destac\u00f3 que esta cooperaci\u00f3n fortalece la vinculaci\u00f3n y abre un abanico de oportunidades para la comunidad universitaria y el sector empresarial.<\/p>\n<p>Abund\u00f3 que gracias al refrendo de esta alianza, los servicios de ense\u00f1anza de idiomas a trav\u00e9s\u00a0 del Centro de Ense\u00f1anza de Lenguas (CELe) y el Centro Internacional de Lengua y Cultura (CILC) de la UAEM\u00e9x y el acceso a los servicios de salud de la Cl\u00ednica Multidisciplinaria de la Salud permiten a las y los integrantes de la COPARMEX contar con servicios m\u00e9dicos de calidad y acceder a cursos de idiomas con descuentos exclusivos, contribuyendo a brindar herramientas necesarias para que puedan competir en el \u00e1mbito empresarial global.<\/p>\n<p>\u201cLos convenios que hemos firmado hoy la UAEM\u00e9x y la COPARMEX sientan las bases para el progreso de todos y es un testimonio del esp\u00edritu de colaboraci\u00f3n y el deseo de alcanzar objetivos comunes\u201d, afirm\u00f3.<\/p>\n<p>Por su parte, el presidente estatal de la COPARMEX, Jes\u00fas Trigos Rodr\u00edguez, apunt\u00f3 que el entorno actual exige adaptarse a un ambiente empresarial en constante cambio, fomentando la innovaci\u00f3n y transformaci\u00f3n digital que promueva la sustentabilidad e inclusi\u00f3n social, por ello, en conjunto con la Aut\u00f3noma mexiquense han generado alianzas que permiten la generaci\u00f3n de empleos y la promoci\u00f3n de responsabilidad social y empresarial.<\/p>\n<p>Al acto acudieron el secretario de Extensi\u00f3n y Vinculaci\u00f3n, Francisco Zepeda Mondrag\u00f3n e integrantes de COPARMEX.<\/p>\n","protected":false},"excerpt":{"rendered":"<p>Con el objetivo de fortalecer alianzas que permitan el desarrollo profesional y se promueva el acceso a empleos formales, se llev\u00f3 a cabo el refrendo del convenio de colaboraci\u00f3n entre la Universidad Aut\u00f3noma del Estado (UAEM\u00e9x) y la Confederaci\u00f3n Patronal de la Rep\u00fablica Mexicana (COPARMEX) del Estado de M\u00e9xico.<\/p>\n","protected":false},"author":3,"featured_media":588161,"comment_status":"open","ping_status":"open","sticky":false,"template":"","format":"standard","meta":{"_monsterinsights_skip_tracking":false,"_monsterinsights_sitenote_active":false,"_monsterinsights_sitenote_note":"","_monsterinsights_sitenote_category":0,"footnotes":""},"categories":[5],"tags":[308,98143],"class_list":["post-588095","post","type-post","status-publish","format-standard","has-post-thumbnail","hentry","category-estado-de-mexico","tag-coparmex","tag-desarrollouaemex"],"_links":{"self":[{"href":"https:\/\/www.diarioimagen.net\/index.php?rest_route=\/wp\/v2\/posts\/588095","targetHints":{"allow":["GET"]}}],"collection":[{"href":"https:\/\/www.diarioimagen.net\/index.php?rest_route=\/wp\/v2\/posts"}],"about":[{"href":"https:\/\/www.diarioimagen.net\/index.php?rest_route=\/wp\/v2\/types\/post"}],"author":[{"embeddable":true,"href":"https:\/\/www.diarioimagen.net\/index.php?rest_route=\/wp\/v2\/users\/3"}],"replies":[{"embeddable":true,"href":"https:\/\/www.diarioimagen.net\/index.php?rest_route=%2Fwp%2Fv2%2Fcomments&post=588095"}],"version-history":[{"count":0,"href":"https:\/\/www.diarioimagen.net\/index.php?rest_route=\/wp\/v2\/posts\/588095\/revisions"}],"wp:featuredmedia":[{"embeddable":true,"href":"https:\/\/www.diarioimagen.net\/index.php?rest_route=\/wp\/v2\/media\/588161"}],"wp:attachment":[{"href":"https:\/\/www.diarioimagen.net\/index.php?rest_route=%2Fwp%2Fv2%2Fmedia&parent=588095"}],"wp:term":[{"taxonomy":"category","embeddable":true,"href":"https:\/\/www.diarioimagen.net\/index.php?rest_route=%2Fwp%2Fv2%2Fcategories&post=588095"},{"taxonomy":"post_tag","embeddable":true,"href":"https:\/\/www.diarioimagen.net\/index.php?rest_route=%2Fwp%2Fv2%2Ftags&post=588095"}],"curies":[{"name":"wp","href":"https:\/\/api.w.org\/{rel}","templated":true}]}}