{"id":588266,"date":"2023-06-27T00:01:23","date_gmt":"2023-06-27T06:01:23","guid":{"rendered":"https:\/\/www.diarioimagen.net\/?p=588266"},"modified":"2023-06-27T22:54:20","modified_gmt":"2023-06-28T04:54:20","slug":"alianza-mundo-maya-ayuda-a-cerrar-brechas-de-desigualdad-mara-lezama","status":"publish","type":"post","link":"https:\/\/www.diarioimagen.net\/?p=588266","title":{"rendered":"Alianza Mundo Maya ayuda a cerrar brechas de desigualdad: Mara Lezama"},"content":{"rendered":"<h2>Derecho de r\u00e9plica<\/h2>\n<h5>Jos\u00e9 Luis Monta\u00f1ez<\/h5>\n<p>&nbsp;<\/p>\n<ul>\n<li><strong><em>Los cinco estados del sur trabajan en potenciar el turismo bajo criterios de sustentabilidad, destaca<\/em><\/strong><\/li>\n<\/ul>\n<p>&nbsp;<\/p>\n<div id=\"attachment_588299\" style=\"width: 480px\" class=\"wp-caption aligncenter\"><a href=\"https:\/\/www.diarioimagen.net\/?attachment_id=588299\" rel=\"attachment wp-att-588299\"><img loading=\"lazy\" decoding=\"async\" aria-describedby=\"caption-attachment-588299\" class=\"wp-image-588299\" src=\"https:\/\/www.diarioimagen.net\/wp-content\/uploads\/2023\/06\/derecho-2.jpg\" alt=\"\" width=\"470\" height=\"201\" \/><\/a><p id=\"caption-attachment-588299\" class=\"wp-caption-text\">La gobernadora Mara Lezama Espinosa destac\u00f3 que la regi\u00f3n sur sureste recibe un impulso importante para el crecimiento econ\u00f3mico.<\/p><\/div>\n<p>&nbsp;<\/p>\n<p>Durante la 35\u00aa Reuni\u00f3n Alianza Mundo Maya M\u00e9xico, la gobernadora Mara Lezama Espinosa destac\u00f3 que hoy m\u00e1s que nunca esta regi\u00f3n recibe un impulso importante para el crecimiento econ\u00f3mico, cerrar brechas de desigualdad, llevar justicia social pero, sobre todo, transformar la vida de los pueblos originarios para saldar la deuda hist\u00f3rica que se tiene con ellos.<\/p>\n<p>Previo al encuentro se firm\u00f3 la Carta de Intenci\u00f3n entre el Proyecto Generando Empleo y Sustentabilidad en el Sur-sureste de M\u00e9xico (SURGES) de USAID y la Alianza Mundo Maya M\u00e9xico, que incluye a Campeche, Chiapas, Tabasco, Quintana Roo y Yucat\u00e1n a fin de dar continuidad al trabajo colaborativo en favor del fortalecimiento tur\u00edstico de la regi\u00f3n.<\/p>\n<p>En esta sesi\u00f3n se revisaron los acuerdos anteriores y se present\u00f3 la Estrategia de Turismo Sostenible, Cultural y Natural de la Unesco, los resultados del Rally Maya M\u00e9xico 2023 y los avances de la Agenda Mundo Maya M\u00e9xico.<\/p>\n<p>Sobre el Rally Maya se precis\u00f3 que adem\u00e1s de exhibir el museo itinerante de veh\u00edculos cl\u00e1sicos, tambi\u00e9n llevan beneficio social a las comunidades m\u00e1s vulnerables, con la entrega de sillas de ruedas, bastones para caminar, lentes, entre otros servicios.<\/p>\n<p>Con la presencia de representantes de los gobiernos de Campeche, Chiapas, Tabasco, Yucat\u00e1n y Quintana Roo, la gobernadora Mara Lezama declar\u00f3 que, en cifras el Mundo Maya ofrece m\u00e1s de 170 mil habitaciones hoteleras, dos mil kil\u00f3metros de costa, 60 sitios arqueol\u00f3gicos, 14 pueblos m\u00e1gicos, 11 aeropuertos internacionales, siete terminales para el arribo de cruceros y m\u00e1s de 30 terminales de autobuses.<\/p>\n<p>A todo ello, la gobernadora de Quintana Roo le a\u00f1adi\u00f3 el gran valor agregado que representan los pueblos mayas, para transformar su calidad de vida con pleno respeto a sus tradiciones y costumbres, pero con justicia social.<\/p>\n<p>Mara Lezama dej\u00f3 en claro que en Quintana Roo, desde el inicio de su administraci\u00f3n, impulsa un Nuevo Acuerdo por el Bienestar y Desarrollo que contempla la participaci\u00f3n de todos los sectores sociales, unidos para que nadie se quede atr\u00e1s y para que el \u00e9xito tur\u00edstico se refleje en las mesas de los trabajadores y en la econom\u00eda de las comunidades mayas. Con este Acuerdo, las decisiones del gobierno tienen como eje central a las personas, porque es un gobierno humanista y progresista.<\/p>\n<p>Participaron en la reuni\u00f3n, entre otras personas, Bernardo Cueto Riestra, secretario de Turismo de Quintana Roo; Artemio Santos Santos, jefe de la Oficina de la Gobernadora; Javier Aranda Pedrero, director general del Consejo de Promoci\u00f3n Tur\u00edstica, as\u00ed como Javier Giraldo Araque, director general de Proyecto Surges y Andrea Prida Bay, Sustainable Tourism Manager de Proyecto Surges.<\/p>\n<p>Asimismo, Mauricio Arceo Pi\u00f1a, secretario de Turismo de Campeche; Jorge Lerma Nava, subsecretario de Desarrollo Tur\u00edstico Sustentable de la Secretar\u00eda de Fomento Tur\u00edstico de Yucat\u00e1n; Karen Priego Morales, directora de Proyectos e Infraestructura Tur\u00edstica de la Secretar\u00eda de Turismo de Tabasco; Jos\u00e9 Alfredo Aguilar Campuzano, director de Capacitaci\u00f3n y Fomento a la Calidad Tur\u00edstica de Chiapas y Benjam\u00edn de la Pe\u00f1a Mora, presidente fundador de Rally Maya M\u00e9xico.<\/p>\n<p style=\"text-align: center;\"><strong>Tarifas de hotel se elevan<\/strong><\/p>\n<p>De acuerdo con el \u00cdndice Nacional de Precios al Consumidor, durante el \u00faltimo a\u00f1o, el precio de los hoteles y restaurantes se ubica entre los 10 que m\u00e1s han aumentado y pese a la recuperaci\u00f3n del sector aseguran que ese comportamiento podr\u00eda continuar lo que resta del a\u00f1o.<\/p>\n<p>El Instituto Nacional de Estad\u00edstica y Geograf\u00eda (Inegi) refiere que la variaci\u00f3n durante la primera quincena de junio fue de 10.44% comparado con junio del a\u00f1o pasado. Asimismo, los hoteleros del sur del estado informaron que van a incrementar sus tarifas entre un 5 y 7%, bajo el argumento de que no pueden lidiar m\u00e1s con el aumento en impuestos.<\/p>\n<p>Ra\u00fal Andrade Angulo, l\u00edder de los hoteleros del sur de Quintana Roo, reconoci\u00f3 que este cobro en realidad no les impacta directamente a los hoteles, ya que al final se traslada a los turistas, sin embargo, si repercute finalmente en las tarifas.<\/p>\n<p>De modo que, si el costo promedio por hospedaje en Chetumal es de mil 100 pesos, lo anterior representar\u00eda un aumento de aproximadamente 55 pesos a 77 pesos, mientras que, en Mahahual y Bacalar, donde el costo por hospedarse es de 4 mil 500 pesos por noche en promedio, los hu\u00e9spedes tendr\u00e1n que desembolsar hasta 315 pesos adicionales.<\/p>\n<p>Andrade Angulo agreg\u00f3 que es la \u00fanica forma en que podr\u00e1n ser competitivos, aunque no explic\u00f3 c\u00f3mo lograr\u00e1n obtener mayores ventajas sobre otras zonas con precios m\u00e1s baratos. \u201cCon el aumento podremos hacer frente al incremento de la inflaci\u00f3n, la cual ha encarecido la mayor\u00eda de los insumos. Hay que destacar que desde hace varios a\u00f1os los hoteleros no hemos modificado tarifas, y este se trata de un ajuste necesario\u201d.<\/p>\n<p>Asegur\u00f3 que el aumento ya se est\u00e1 aplicando por parte de algunos empresarios, pero se espera que todos los agremiados lo apliquen a partir de la temporada vacacional de verano que iniciar\u00e1 en los pr\u00f3ximos d\u00edas. \u201cA este tema no se est\u00e1 a\u00f1adiendo el Concepto de Saneamiento que se le paga al Ayuntamiento\u201d, aclar\u00f3, con el que se recaudan entre 8 a 10 millones de pesos directamente de los turistas.<\/p>\n<p>Seg\u00fan el Inegi, los productos y servicios que han aumentado m\u00e1s en el \u00faltimo a\u00f1o son: Alimentos y bebidas no alcoh\u00f3licas, bebidas alcoh\u00f3licas y tabaco, prendas de vestir y calzado, muebles, art\u00edculos para el hogar y para su conservaci\u00f3n, salud, transporte, recreaci\u00f3n y cultura, educaci\u00f3n, restaurantes y hoteles, y adem\u00e1s los bienes y servicios diversos.<\/p>\n<p style=\"text-align: center;\"><strong>La gasolina m\u00e1s cara, en Playa y Tulum<\/strong><\/p>\n<p>De acuerdo con el informe semanal del titular de la Procuradur\u00eda Federal del Consumidor (Profeco), Ricardo Sheffield, hasta este lunes 26 de junio, las ciudades de Playa del Carmen y Tulum registraron los precios m\u00e1s caros en las gasolinas en M\u00e9xico.<\/p>\n<p>Durante la conferencia de prensa matutina del presidente Andr\u00e9s Manuel L\u00f3pez Obrador, el funcionario confirm\u00f3 que el costo del barril de petr\u00f3leo en M\u00e9xico tuvo un precio de 64.00 d\u00f3lares, es decir, que se abarat\u00f3 algunos pesos en comparaci\u00f3n con el corte anterior.<\/p>\n<p>Sobre la baja a cero del incentivo fiscal en la gasolina premium, declar\u00f3 que se debe a que en las \u00faltimas semanas se ha mantenido una tendencia a la baja en los precios internacionales del petr\u00f3leo, de tal manera que las gasolinas tambi\u00e9n han mantenido precios estables.<\/p>\n<p>No obstante, el titular de la Profeco se\u00f1al\u00f3 a Tulum por destacar con los precios m\u00e1s caros de la gasolina regular. En este municipio la empresa Gulf cobra a cada cliente 23.91 pesos en promedio, lo que genera 2.36 pesos de ganancia para la gasolinera proveedora de este tipo de combustible.<\/p>\n<p>Mientras tanto, en el municipio de Solidaridad (Playa del Carmen), LaGas fue la despachadora con los precios m\u00e1s elevados de la gasolina Premium. Por este combustible el cliente paga 25.18 por litro, resultando en una ganancia de por lo menos 1.72 pesos para la empresa en este lugar.<\/p>\n<p><em>Escr\u00edbame a mi mail: <a href=\"mailto:montanezaguilar@gmail.com\" target=\"_blank\" rel=\"noopener noreferrer\">montanezaguilar@gmail.com<\/a><\/em><\/p>\n","protected":false},"excerpt":{"rendered":"<p><span style=\"color: #005497;\"><strong>Jos\u00e9 Luis Monta\u00f1ez<\/strong><\/span><br \/>\n<br \/>\nDurante la 35\u00aa Reuni\u00f3n Alianza Mundo Maya M\u00e9xico, la gobernadora Mara Lezama Espinosa destac\u00f3 que hoy m\u00e1s que nunca esta regi\u00f3n recibe un impulso importante para el crecimiento econ\u00f3mico, cerrar brechas de desigualdad, llevar justicia social pero, sobre todo, transformar la vida de los pueblos originarios para saldar la deuda hist\u00f3rica que se tiene con ellos.<\/p>\n","protected":false},"author":3,"featured_media":588300,"comment_status":"open","ping_status":"open","sticky":false,"template":"","format":"standard","meta":{"_monsterinsights_skip_tracking":false,"_monsterinsights_sitenote_active":false,"_monsterinsights_sitenote_note":"","_monsterinsights_sitenote_category":0,"footnotes":""},"categories":[11622,25512],"tags":[47840,54579,43674],"class_list":["post-588266","post","type-post","status-publish","format-standard","has-post-thumbnail","hentry","category-jose-luis-montanez-aguilar","category-nacional-nacional","tag-derecho-de-replica","tag-jose-luis-montanez","tag-opinion"],"_links":{"self":[{"href":"https:\/\/www.diarioimagen.net\/index.php?rest_route=\/wp\/v2\/posts\/588266","targetHints":{"allow":["GET"]}}],"collection":[{"href":"https:\/\/www.diarioimagen.net\/index.php?rest_route=\/wp\/v2\/posts"}],"about":[{"href":"https:\/\/www.diarioimagen.net\/index.php?rest_route=\/wp\/v2\/types\/post"}],"author":[{"embeddable":true,"href":"https:\/\/www.diarioimagen.net\/index.php?rest_route=\/wp\/v2\/users\/3"}],"replies":[{"embeddable":true,"href":"https:\/\/www.diarioimagen.net\/index.php?rest_route=%2Fwp%2Fv2%2Fcomments&post=588266"}],"version-history":[{"count":0,"href":"https:\/\/www.diarioimagen.net\/index.php?rest_route=\/wp\/v2\/posts\/588266\/revisions"}],"wp:featuredmedia":[{"embeddable":true,"href":"https:\/\/www.diarioimagen.net\/index.php?rest_route=\/wp\/v2\/media\/588300"}],"wp:attachment":[{"href":"https:\/\/www.diarioimagen.net\/index.php?rest_route=%2Fwp%2Fv2%2Fmedia&parent=588266"}],"wp:term":[{"taxonomy":"category","embeddable":true,"href":"https:\/\/www.diarioimagen.net\/index.php?rest_route=%2Fwp%2Fv2%2Fcategories&post=588266"},{"taxonomy":"post_tag","embeddable":true,"href":"https:\/\/www.diarioimagen.net\/index.php?rest_route=%2Fwp%2Fv2%2Ftags&post=588266"}],"curies":[{"name":"wp","href":"https:\/\/api.w.org\/{rel}","templated":true}]}}