{"id":588313,"date":"2023-06-27T00:02:57","date_gmt":"2023-06-27T06:02:57","guid":{"rendered":"https:\/\/www.diarioimagen.net\/?p=588313"},"modified":"2023-06-27T04:20:46","modified_gmt":"2023-06-27T10:20:46","slug":"lopez-obrador-no-va-a-decir-quien-es-el-candidato-de-la-alianza","status":"publish","type":"post","link":"https:\/\/www.diarioimagen.net\/?p=588313","title":{"rendered":"L\u00f3pez Obrador no va a decir qui\u00e9n es el candidato de la alianza"},"content":{"rendered":"<h2>La Retaguardia<\/h2>\n<h5>Adriana Moreno Cordero<\/h5>\n<p>&nbsp;<\/p>\n<ul>\n<li><strong><em>Varias ventajas en el m\u00e9todo del Frente Amplio Opositor<\/em><\/strong><\/li>\n<\/ul>\n<p>&nbsp;<\/p>\n<p>Tres d\u00edas antes de que Morena d\u00e9 a conocer a su \u201ccorcholata\u201d consentida, que ser\u00e1 \u00e9l o la candidata presidencial, que nos vendr\u00e1 a comprobar que el \u201cdedito\u201d de Palacio Nacional se ha movido, o sea, el 3 de septiembre, la alianza Va por M\u00e9xico dar\u00e1 a conocer qui\u00e9n ser\u00e1 el abanderado o abanderada que enfrentar\u00e1 a toda la maquinaria del Estado puesta a favor del morenismo y eso le doli\u00f3 tanto al presidente <strong>Andr\u00e9s Manuel L\u00f3pez Obrador<\/strong> que, conforme a su muy personal estilo, se dedic\u00f3 a despotricar en contra de la oposici\u00f3n, se\u00f1alando que el proceso anunciado por el frente opositor es \u201cpura faramalla\u201d.<\/p>\n<p>En este punto bien valdr\u00eda la pena preguntarle al Presidente: entonces, \u00bfqu\u00e9 est\u00e1n haciendo sus \u201ccorcholatas\u201d en unas campa\u00f1as que no son campa\u00f1as buscando una candidatura a la que disfrazaron de coordinaci\u00f3n para la defensa de la Cuarta Transformaci\u00f3n?<\/p>\n<p>Sin embargo, el tabasque\u00f1o se dio tiempo para hacer un compromiso y desde ahorita se puede adelantar que no lo va a cumplir. Dijo que en dos o tres d\u00edas en su gustad\u00edsimo \u201cstand-up\u201d ma\u00f1anero \u00e9l mismo dar\u00e1 a conocer el nombre del candidato presidencial opositor.<\/p>\n<p>\u00bfSe le olvida acaso al inquilino de Palacio Nacional que su \u201cdedito\u201d no puede llegar a la oposici\u00f3n? No, lo que ocurre es que est\u00e1 haciendo algo que en la refraner\u00eda popular se conoce como \u201cmeter hilo para sacar list\u00f3n\u201d, pero -se reitera- no va a decir nada y va a hacer como que no oye ni ve, actitud que ha asumido cuando se percata de la inseguridad desbordada; de los apagones a lo largo y ancho del pa\u00eds, ante los que s\u00f3lo acierta a responder que est\u00e1 garantizado al abasto del servicio de electricidad, o la muerte de personas como producto de la ola de calor. O, simplemente, guardar silencio frente a las protestas de personal del Sistema de Salud por la falta de insumos para realizar su labor y ni qu\u00e9 decir del rotundo fracaso del INSABI y los servicios de salud al estilo Dinamarca que no llegan.<\/p>\n<p>Los anteriores son algunos \u201cbotones\u201d de muestra que lo que ha logrado esta errada y llamada Cuarta Transformaci\u00f3n, mismos que el tabasque\u00f1o se empe\u00f1a en ocultar, vali\u00e9ndose ahora de las campa\u00f1as internas en su partido.<\/p>\n<p>Se comenta que el m\u00e9todo presentado por el Frente Amplio por M\u00e9xico tender\u00eda a ser un poco complicado, sin embargo, tiene una ventaja que lo coloca por encima de c\u00f3mo Morena y r\u00e9moras seleccionar\u00e1 a la \u201ccorcholata\u201d mayor: de entrada el proceso de la oposici\u00f3n cuenta con algo muy importante: Asideros legales y como se consign\u00f3 en este espacio en anterior entrega, Morena y el oficialismo en general, no consiguieron que la oposici\u00f3n violara la ley electoral.<\/p>\n<p>Se realizar\u00e1n foros y debates en los que participar\u00e1n los aspirantes; de hecho habr\u00e1 seis debates. Con Morena lo que se est\u00e1 viendo a diario, es un pa\u00eds inundado de espectaculares y dem\u00e1s propaganda \u201ccorcholatera\u201d; de hecho, entre los mismos aspirantes del oficialismo, ya se empezaron a pelear y hay reclamos entre unos y otros.<\/p>\n<p>Debido a la anterior raz\u00f3n, el propio L\u00f3pez Obrador fue el encargado de fijar las reglas en el proceso de selecci\u00f3n en el \u201ccorcholater\u00edo\u201d y aunque dice a diario a voz en cuello aquello de \u201cprohibido prohibir\u201d, s\u00ed tuvo a bien prohibir los debates entre sus hermanos y hermana, no vaya a ser que las cosas se le salgan de control y todo acabe en un \u201cSan Quint\u00edn\u201d.<\/p>\n<p>Adem\u00e1s, la competencia interna en Morena ha tomado el perfil de ver cu\u00e1l de las \u201ccorcholatas\u201d tiene la capacidad de quedar mejor con el inquilino de Palacio Nacional, esto es, hay que quemarle incienso no s\u00f3lo el 1 de julio cuando L\u00f3pez Obrador rinda su en\u00e9simo informe de \u201clogros\u201d en su gesti\u00f3n.<\/p>\n<p>Con esto que hizo el Frente Amplio por M\u00e9xico, los especialistas concluyen que siempre funciona mejor una democracia cuando hay competencia, as\u00ed que si en Palacio Nacional y en Morena supusieron que 2024 ya lo ten\u00edan ganado, se equivocaron.<\/p>\n<p>Varias son las ventajas del m\u00e9todo anunciado ayer, ya que adem\u00e1s, es la primera vez en la historia en la que habr\u00e1 un m\u00e9todo abierto en el que se realizar\u00e1 una primaria abierta donde la gente va a decidir. No hay que soslayar que cualquiera puede participar y que dicho proceso estar\u00e1 organizado y vigilado por expertos ciudadanos sin partido.<\/p>\n<p>Todo esto se present\u00f3 ante los aspirantes a dicha candidatura como:<strong>\u00a0Beatriz P\u00e1redes Rangel<\/strong>,<strong>\u00a0Lilly T\u00e9llez<\/strong>,<strong>\u00a0Alejandro Murat<\/strong>,<strong>\u00a0Santiago Creel<\/strong>,<strong>\u00a0Gustavo de Hoyos<\/strong>,<strong>\u00a0Jorge Luis Preciado<\/strong>,<strong>\u00a0Claudia Ruiz Massieu<\/strong>,<strong>\u00a0X\u00f3chitl G\u00e1lvez<\/strong>,<strong>\u00a0Jos\u00e9 \u00c1ngel Gurr\u00eda<\/strong>,<strong>\u00a0Gabriel Quadri<\/strong>,<strong>\u00a0Silvano Aureoles, Ildefonso Guajardo<\/strong>,<strong>\u00a0Enrique de la Madrid<\/strong>\u00a0y<strong>\u00a0Juan Carlos Romero Hicks<\/strong>. Los grandes ausentes fueron los senadores <strong>Miguel \u00c1ngel Mancera<\/strong>, del PRD, y el panista <strong>Dami\u00e1n Zepeda<\/strong>.<\/p>\n<p>Finalmente, hay que destacar que el Frente Amplio por M\u00e9xico no le cierra la puerta a ninguna organizaci\u00f3n ciudadana y este mensaje lo deber\u00eda de tomar muy en cuenta ni m\u00e1s ni menos que Movimiento Ciudadano, cuyo dirigente, <strong>Dante Delgado Rannauro<\/strong>, ya anunci\u00f3 que dar\u00e1n a conocer a su candidato presidencial el 5 de diciembre. \u00bfAcaso en el partido anaranjado no se han puesto a pensar qu\u00e9 porcentaje de votaci\u00f3n obtendr\u00edan al ir solos?, o \u00bfseguir\u00e1 en la tesitura de \u201cvenderle caro su amor\u201d a Morena y r\u00e9moras?<\/p>\n<p style=\"text-align: center;\"><strong>Municiones<\/strong><\/p>\n<p>*** Llam\u00f3 poderosamente la atenci\u00f3n que <strong>Ricardo Monreal<\/strong> estuviera de visita en el Antiguo Palacio del Ayuntamiento para reunirse con el jefe de Gobierno de la Ciudad de M\u00e9xico, <strong>Mart\u00ed Batres<\/strong>. Antes lo hizo cuando <strong>Claudia Sheinbaum<\/strong> estaba en esa posici\u00f3n, fue en febrero cuando lo hicieron y el senador con licencia destac\u00f3 que hab\u00eda sido un encuentro amigable. Entonces, mucho se especul\u00f3 sobre si el doctor Ricardo Monreal podr\u00eda convertirse en candidato a la jefatura de Gobierno de la Ciudad de M\u00e9xico.<\/p>\n<p>*** La agenda internacional del presidente de la Mesa Directiva del Senado, <strong>Alejandro Armenta<\/strong>, se extiende ahora con una interesante reuni\u00f3n de trabajo con <strong>Mathias Cormann<\/strong>, Secretario General de la Organizaci\u00f3n para la Cooperaci\u00f3n y el Desarrollo Econ\u00f3micos (OCDE). Este encuentro cobra importancia relevante porque M\u00e9xico pertenece a ese distinguido club de los llamados \u201cpa\u00edses ricos\u201d. M\u00e1s significativo es a\u00fan que la reuni\u00f3n de ambos personajes se realice en la Antigua Sede del Senado de la Rep\u00fablica, ubicada en Xicot\u00e9ncatl 9, Centro Hist\u00f3rico de la Ciudad de M\u00e9xico. Se sabe que el encuentro ser\u00e1 hoy por ah\u00ed del mediod\u00eda.<\/p>\n<p>*** \u201cA ras de piso, como un ciudadano m\u00e1s\u201d, asi, con esa humildad que no siempre lo caracteriza, anunci\u00f3 <strong>Manuel Velasco<\/strong> que asistir\u00e1 el pr\u00f3ximo 1 de julio a la ceremonia de quema de incienso a L\u00f3pez Obrador. O sea, el del Verde no es considerado \u201ccorcholata\u201d, es m\u00e1s bien el \u201cpati\u00f1o\u201d, \u00bfo no?<\/p>\n<p><u><a href=\"mailto:morcora@gmail.com\" target=\"_blank\" rel=\"noopener noreferrer\"><em>morcora@gmail.com<\/em><\/a><\/u><\/p>\n","protected":false},"excerpt":{"rendered":"<p><span style=\"color: #005497;\"><strong>Adriana Moreno Cordero<\/strong><\/span><\/p>\n","protected":false},"author":3,"featured_media":0,"comment_status":"open","ping_status":"open","sticky":false,"template":"","format":"standard","meta":{"_monsterinsights_skip_tracking":false,"_monsterinsights_sitenote_active":false,"_monsterinsights_sitenote_note":"","_monsterinsights_sitenote_category":0,"footnotes":""},"categories":[69370],"tags":[69369,69368,43674],"class_list":["post-588313","post","type-post","status-publish","format-standard","hentry","category-adriana-moreno-cordero","tag-adriana-moreno-cordero","tag-la-retaguardia","tag-opinion"],"_links":{"self":[{"href":"https:\/\/www.diarioimagen.net\/index.php?rest_route=\/wp\/v2\/posts\/588313","targetHints":{"allow":["GET"]}}],"collection":[{"href":"https:\/\/www.diarioimagen.net\/index.php?rest_route=\/wp\/v2\/posts"}],"about":[{"href":"https:\/\/www.diarioimagen.net\/index.php?rest_route=\/wp\/v2\/types\/post"}],"author":[{"embeddable":true,"href":"https:\/\/www.diarioimagen.net\/index.php?rest_route=\/wp\/v2\/users\/3"}],"replies":[{"embeddable":true,"href":"https:\/\/www.diarioimagen.net\/index.php?rest_route=%2Fwp%2Fv2%2Fcomments&post=588313"}],"version-history":[{"count":0,"href":"https:\/\/www.diarioimagen.net\/index.php?rest_route=\/wp\/v2\/posts\/588313\/revisions"}],"wp:attachment":[{"href":"https:\/\/www.diarioimagen.net\/index.php?rest_route=%2Fwp%2Fv2%2Fmedia&parent=588313"}],"wp:term":[{"taxonomy":"category","embeddable":true,"href":"https:\/\/www.diarioimagen.net\/index.php?rest_route=%2Fwp%2Fv2%2Fcategories&post=588313"},{"taxonomy":"post_tag","embeddable":true,"href":"https:\/\/www.diarioimagen.net\/index.php?rest_route=%2Fwp%2Fv2%2Ftags&post=588313"}],"curies":[{"name":"wp","href":"https:\/\/api.w.org\/{rel}","templated":true}]}}