{"id":588318,"date":"2023-06-27T00:08:54","date_gmt":"2023-06-27T06:08:54","guid":{"rendered":"https:\/\/www.diarioimagen.net\/?p=588318"},"modified":"2023-06-27T04:24:49","modified_gmt":"2023-06-27T10:24:49","slug":"candidato-opositor-en-septiembre-2","status":"publish","type":"post","link":"https:\/\/www.diarioimagen.net\/?p=588318","title":{"rendered":"Candidato opositor, en septiembre"},"content":{"rendered":"<h2>Punto por punto<\/h2>\n<h5>Augusto Corro<\/h5>\n<p>&nbsp;<\/p>\n<p>En los primeros d\u00edas del pr\u00f3ximo mes de septiembre se conocer\u00e1 al candidato opositor a la contienda electoral presidencial. As\u00ed lo da a entender la alianza Va por M\u00e9xico que integran PAN, PRI y PRD.<\/p>\n<p>Por supuesto, la designaci\u00f3n del abanderado de la oposici\u00f3n no ser\u00e1 f\u00e1cil de ninguna manera. Luego de aplicar su m\u00e9todo selectivo, en las organizaciones pol\u00edticas no parece que acepten a un candidato de la sociedad civil.<\/p>\n<p>Firmas de apoyo, pasarelas y encuestas no servir\u00e1n para determinar qui\u00e9n ser\u00e1 el representante que busque la candidatura presidencial. En esas condiciones, los partidos pol\u00edticos apoyaran a los militantes que ya aparecen en las listas de presidenciables.<\/p>\n<p>Primero tendr\u00e1 que librarse una lucha en las organizaciones pol\u00edticas para designar al precandidato. En este espacio ya citamos los nombres del diputado panista Santiago Creel y de las senadoras Lilly T\u00e9llez y X\u00f3chitl G\u00e1lvez.<\/p>\n<p>Creel, T\u00e9llez y G\u00e1lvez dif\u00edcilmente aceptar\u00edan a un abanderado opositor de la sociedad civil. En el laberinto pol\u00edtico se le dar\u00e1 vueltas al asunto y caer\u00e1 en el mismo tema: el PAN ya tiene su candidato.<\/p>\n<p>El teatro de la designaci\u00f3n del aspirante opositor s\u00f3lo les sirve a los partidos pol\u00edticos como un verdadero y pr\u00e1ctico distractor. Lo que ocurre en el PAN es lo mismo que se padece en el Partido Revolucionario Institucional (PRI).<\/p>\n<p>En el partido tricolor ya tienen a sus presidenciables y ser\u00e1 complejo que acepten a otros candidatos que no sean los nombrados por el propio instituto pol\u00edtico. En esas condiciones, es el propio l\u00edder priista, Alejandro \u201cAlito\u201d Moreno, el autodesignado para la competencia.<\/p>\n<p>En los partidos pol\u00edticos se encuentra el pr\u00f3ximo aspirante opositor que competir\u00e1 contra las \u201ccorcholatas\u201d morenistas.\u00a0 Claro, con la desventaja de que el partido guinda ya lleva andado parte del camino.<\/p>\n<p>En el Partido de la Revoluci\u00f3n Democr\u00e1tica (PRD) a sus dirigentes s\u00f3lo tienen la oportunidad de seguir sumisos ante las decisiones de quienes integran la alianza Va por M\u00e9xico.<\/p>\n<p>Es muy limitado el papel de los dirigentes perredistas en la coalici\u00f3n partidista. Su raz\u00f3n principal es mantener al partido con registro. Es su mayor deseo. Para esto deber\u00e1n multiplicar sus esfuerzos con el prop\u00f3sito de que los tomen en cuenta.<\/p>\n<p>En la democracia a la mexicana, la oposici\u00f3n pol\u00edtica se encuentra debilitada. Son los tres partidos (PAN, PRI y PRD) los que se declararon opositores. Las otras organizaciones pol\u00edticas menores se mueven como sat\u00e9lites de instituciones con m\u00e1s poder.<\/p>\n<p>No es el caso de Movimiento Ciudadano (MC), propiedad de Dante Delgado, que espera el desenlace de la situaci\u00f3n pol\u00edtica para tomar una determinaci\u00f3n. O participa con candidato propio en la contienda electoral presidencial o se va de apoyo a alguno de los partidos opositores.<\/p>\n<p>Por otra parte, el l\u00edder de Morena, Mario Delgado\u2008carrillo, asegur\u00f3 que la oposici\u00f3n \u201cest\u00e1 en la lona, derrotada y sin liderazgos\u201d.<\/p>\n<p>Sin duda la oposici\u00f3n sabe muy bien en qu\u00e9 condiciones se encuentra. Cabe se\u00f1alar que los partidos pol\u00edticos desde 2018 decidieron hacerse a un lado de las actividades pol\u00edticas y le dejaron el espacio a Morena, que tampoco hizo el mayor esfuerzo para mantenerse en el poder.<\/p>\n<p>En ese sentido, el morenista Delgado\u2008Ccarrillo, se refiri\u00f3 a los intentos infructuosos de la alianza opositora por mostrar un proyecto congruente, \u201cpues s\u00f3lo tiene como objetivo que regrese la corrupci\u00f3n, que regrese el saqueo de los bienes nacionales y que regrese el privilegio de unos cuantos sobre la mayor\u00eda\u201d.<\/p>\n<p>Dijo que Va por M\u00e9xico es una alianza de intereses y de complicidad.<\/p>\n<p><a href=\"mailto:augustocorro2742@gmail.com\" target=\"_blank\" rel=\"noopener\"><em>augustocorro2742@gmail.com<\/em><\/a><\/p>\n","protected":false},"excerpt":{"rendered":"<p><span style=\"color: #005497;\"><strong>Augusto Corro<\/strong><\/span><\/p>\n","protected":false},"author":3,"featured_media":0,"comment_status":"open","ping_status":"open","sticky":false,"template":"","format":"standard","meta":{"_monsterinsights_skip_tracking":false,"_monsterinsights_sitenote_active":false,"_monsterinsights_sitenote_note":"","_monsterinsights_sitenote_category":0,"footnotes":""},"categories":[157],"tags":[43686,43674,11515],"class_list":["post-588318","post","type-post","status-publish","format-standard","hentry","category-augusto-corro","tag-augusto-corro","tag-opinion","tag-punto-por-punto"],"_links":{"self":[{"href":"https:\/\/www.diarioimagen.net\/index.php?rest_route=\/wp\/v2\/posts\/588318","targetHints":{"allow":["GET"]}}],"collection":[{"href":"https:\/\/www.diarioimagen.net\/index.php?rest_route=\/wp\/v2\/posts"}],"about":[{"href":"https:\/\/www.diarioimagen.net\/index.php?rest_route=\/wp\/v2\/types\/post"}],"author":[{"embeddable":true,"href":"https:\/\/www.diarioimagen.net\/index.php?rest_route=\/wp\/v2\/users\/3"}],"replies":[{"embeddable":true,"href":"https:\/\/www.diarioimagen.net\/index.php?rest_route=%2Fwp%2Fv2%2Fcomments&post=588318"}],"version-history":[{"count":0,"href":"https:\/\/www.diarioimagen.net\/index.php?rest_route=\/wp\/v2\/posts\/588318\/revisions"}],"wp:attachment":[{"href":"https:\/\/www.diarioimagen.net\/index.php?rest_route=%2Fwp%2Fv2%2Fmedia&parent=588318"}],"wp:term":[{"taxonomy":"category","embeddable":true,"href":"https:\/\/www.diarioimagen.net\/index.php?rest_route=%2Fwp%2Fv2%2Fcategories&post=588318"},{"taxonomy":"post_tag","embeddable":true,"href":"https:\/\/www.diarioimagen.net\/index.php?rest_route=%2Fwp%2Fv2%2Ftags&post=588318"}],"curies":[{"name":"wp","href":"https:\/\/api.w.org\/{rel}","templated":true}]}}