{"id":588320,"date":"2023-06-27T00:03:44","date_gmt":"2023-06-27T06:03:44","guid":{"rendered":"https:\/\/www.diarioimagen.net\/?p=588320"},"modified":"2023-06-27T04:26:36","modified_gmt":"2023-06-27T10:26:36","slug":"que-el-ine-calle-a-amlo","status":"publish","type":"post","link":"https:\/\/www.diarioimagen.net\/?p=588320","title":{"rendered":"Que el INE calle a AMLO"},"content":{"rendered":"<h2>Espacio Electoral<\/h2>\n<h5>Eleazar Flores<\/h5>\n<p>&nbsp;<\/p>\n<p><strong>ILEGAL, ATACAR A OPOSICI\u00d3N-.<\/strong> Ante el silencio c\u00f3mplice, surge el clamor y reclamo para que de inmediato el INE emita un comunicado donde precise al presidente Andr\u00e9s Manuel L\u00f3pez Obrador excluir de sus sermones ma\u00f1aneros -hechos por medios p\u00fablicos-, ataques a la oposici\u00f3n.<\/p>\n<p>Esto porque las MA\u00d1ANERAS las transmiten \u00edntegramente los canales del estado 11, 14 y 22.<\/p>\n<p>A esta conclusi\u00f3n llegan analistas tras enterarse de la \u201cfaramalla\u201d de elecci\u00f3n que, seg\u00fan el jefe del comando guinda, hace la oposici\u00f3n integrada ahora por PRI-PAN-PRD y SOCIEDAD CIVIL, que ayer formaron el FRENTE AMPLIO OPOSITOR, quien se abocar\u00e1 a seleccionar de entre una docena de\u00a0 aspirantes a los TRES finalistas de entre quienes saldr\u00e1 CANDIDATO-A EL 3 DE SEPTIEMBRE.<\/p>\n<p>Tanta es la intromisi\u00f3n presidencial para atacar que hasta presume que \u00e9l -el presidente-, en TRES D\u00cdAS, dar\u00e1 a conocer el nombre del candidato-a de dicha oposici\u00f3n, rebasando todo l\u00edmite. En la misma ret\u00f3rica el mandatario su ufana de sus \u201ccorcholatas\u201d y el renuevo generacional<\/p>\n<p>Lo peor de todo lo anterior es que envueltos en la vor\u00e1gine morena, casi todos los medios creen que la OPOSICI\u00d3N EST\u00c1 REZAGADA, antes que precisar que MORENA EST\u00c1 ADELANTADA con sus corcholatas en ABIERTA CAMPA\u00d1A desde hace casi dos semanas, sin que hasta le fecha el DESCAFEINADO INE les saque siquiera TARJETA AMARILLA DE AMONESTACI\u00d3N.<\/p>\n<p>Los analistas ven con preocupaci\u00f3n que si a las \u201ccorcholatas\u201d no les sacan tarjeta amarilla, mucho menos amonestar\u00e1n al creador de la Cuarta Transformaci\u00f3n, que desde ahora ya da por hecho el triunfo moreno para los comicios federales de 2024, cuando asegura sentirse tranquilo, sabedor de que habr\u00e1 renuevo generacional que le dar\u00e1 tranquilidad cuando se vaya a\u2026 su rancho.<\/p>\n<p><strong>FRENTE AMPLIO OPOSITOR-.<\/strong> Lea antes o despu\u00e9s este contenido, ver\u00e1 o constatar\u00e1 el dedo flam\u00edgero presidencial contra el Frente Amplio Opositor, donde las noticia la dan dos personas que ya hab\u00edan levantado la mano por la candidatura, pero recapacitaron e hicieron bien.<\/p>\n<p>Tanto que cuando se supo que el l\u00edder nacional del PRI, Alejandro Moreno Cardenas, anunci\u00f3 que no ser\u00eda candidato casi hacen\u00a0 fiesta sus \u201camigos\u201d, que son muchos dentro y fuera del tricolor.<\/p>\n<p>Otro que declin\u00f3 fue el senador independiente Germ\u00e1n Mart\u00ednez C\u00e1zares, pensante con claridad de ideas, pero all\u00e1 \u00e9l.<\/p>\n<p>De la docena de cuadros inscritos, desde ahora sobresalen Enrique de la Madrid, Beatriz Paredes e Ildefonso Guajardo, pues a Miguel \u00c1ngel Gurr\u00eda la sacar\u00edan \u201cguardaditos\u201d de cuando fue secretario de Hacienda , no obstante que se trata de uno de los m\u00e1s y mejor preparados de entre todos los integrantes del Frente Amplio Opositor.<\/p>\n<p>Falta que las c\u00fapulas del sector social avalen o propongan a uno de los suyos.<\/p>\n<p><em><a href=\"mailto:elefa44@gmail.com\" target=\"_blank\" rel=\"noopener noreferrer\">elefa44@gmail.com<\/a><\/em><\/p>\n","protected":false},"excerpt":{"rendered":"<p><span style=\"color: #005497;\"><strong>Eleazar Flores<\/strong><\/span><\/p>\n","protected":false},"author":3,"featured_media":0,"comment_status":"open","ping_status":"open","sticky":false,"template":"","format":"standard","meta":{"_monsterinsights_skip_tracking":false,"_monsterinsights_sitenote_active":false,"_monsterinsights_sitenote_note":"","_monsterinsights_sitenote_category":0,"footnotes":""},"categories":[81743],"tags":[81744,81776,43674],"class_list":["post-588320","post","type-post","status-publish","format-standard","hentry","category-eleazar-flores","tag-eleazar-flores","tag-espacio-electoral","tag-opinion"],"_links":{"self":[{"href":"https:\/\/www.diarioimagen.net\/index.php?rest_route=\/wp\/v2\/posts\/588320","targetHints":{"allow":["GET"]}}],"collection":[{"href":"https:\/\/www.diarioimagen.net\/index.php?rest_route=\/wp\/v2\/posts"}],"about":[{"href":"https:\/\/www.diarioimagen.net\/index.php?rest_route=\/wp\/v2\/types\/post"}],"author":[{"embeddable":true,"href":"https:\/\/www.diarioimagen.net\/index.php?rest_route=\/wp\/v2\/users\/3"}],"replies":[{"embeddable":true,"href":"https:\/\/www.diarioimagen.net\/index.php?rest_route=%2Fwp%2Fv2%2Fcomments&post=588320"}],"version-history":[{"count":0,"href":"https:\/\/www.diarioimagen.net\/index.php?rest_route=\/wp\/v2\/posts\/588320\/revisions"}],"wp:attachment":[{"href":"https:\/\/www.diarioimagen.net\/index.php?rest_route=%2Fwp%2Fv2%2Fmedia&parent=588320"}],"wp:term":[{"taxonomy":"category","embeddable":true,"href":"https:\/\/www.diarioimagen.net\/index.php?rest_route=%2Fwp%2Fv2%2Fcategories&post=588320"},{"taxonomy":"post_tag","embeddable":true,"href":"https:\/\/www.diarioimagen.net\/index.php?rest_route=%2Fwp%2Fv2%2Ftags&post=588320"}],"curies":[{"name":"wp","href":"https:\/\/api.w.org\/{rel}","templated":true}]}}