{"id":588322,"date":"2023-06-27T00:10:51","date_gmt":"2023-06-27T06:10:51","guid":{"rendered":"https:\/\/www.diarioimagen.net\/?p=588322"},"modified":"2023-06-27T04:28:05","modified_gmt":"2023-06-27T10:28:05","slug":"traicion-de-la-ctm-al-pri","status":"publish","type":"post","link":"https:\/\/www.diarioimagen.net\/?p=588322","title":{"rendered":"Traici\u00f3n de la CTM al PRI"},"content":{"rendered":"<h2>Triple Erre<\/h2>\n<h5>Francisco Reynoso<\/h5>\n<p>&nbsp;<\/p>\n<p>Para que se vea claramente c\u00f3mo andan las cosas en el PRI, el s\u00e1bado pasado la CTM de Zacatecas vitore\u00f3 y core\u00f3 \u201c\u00a1presidente, presidente, presidente!\u201d a Ricardo Monreal \u00c1vila.<\/p>\n<p>La \u201ccorcholata\u201d de Morena dedic\u00f3 el quinto y sexto d\u00edas de su campa\u00f1a proselitista a recorrer su tierra Fresnillo, Sombrerete, Ojocaliente y Zacatecas capital. En el Mineral encontr\u00f3 que el sector obrero del PRI le prepar\u00f3 una recepci\u00f3n para manifestarle su apoyo incondicional en sus aspiraciones de suceder en el trono de Palacio Nacional a L\u00f3pez Obrador.<\/p>\n<p>El secretario general de la CTM \u2014supuestamente con m\u00e1s de 100 sindicatos agremiados\u2014 Mart\u00edn Rivas, a la saz\u00f3n l\u00edder del sector obrero del PRI, pidi\u00f3 a Monreal no aflojar el paso y a recordar que en 1998 tambi\u00e9n enfrent\u00f3 condiciones muy adversas y las pudo vencer para convertirse en gobernador de Zacatecas.<\/p>\n<p>En el PRI zacatecano, que preside Carlos Pe\u00f1a Badillo, ignoran si Mart\u00edn Rivas actu\u00f3 con el consentimiento de Carlos Aceves del Olmo, mandam\u00e1s nacional de la CTM y del sector obrero del CEN del PRI.<\/p>\n<p>Sospechan que Rivas \u00c1lvarez no necesita tres d\u00edas para saber que el candidato presidencial de la alianza opositora surgir\u00e1 de las filas del PAN. Y tiene la certeza de que Alito Moreno est\u00e1 negociando y anteponiendo sus intereses personales y de grupo. Y la CTM no estar\u00eda dispuesta a hacerle el caldo gordo al presidente nacional del PRI que ya se ve en un esca\u00f1o de lista nacional del Senado de la Rep\u00fablica.<\/p>\n<p style=\"text-align: center;\"><strong>Fidel Vel\u00e1zquez, control y respeto<\/strong><\/p>\n<p>HACE 40 A\u00d1OS, el chaquetazo de RIVAS hubiera provocado un esc\u00e1ndalo nacional. Personalmente FIDEL VEL\u00c1ZQUEZ lo hubiera pasado por las armas. Pero la realidad es que el sector obrero, antes pilar y orgullo del PRI, hacedor de presidentes, gobernadores, senadores y diputados, es un cad\u00e1ver pol\u00edtico, en Zacatecas y a nivel nacional. Don FIDEL hasta el \u00faltimo de sus d\u00edas tuvo control pol\u00edtico, inspiraba respeto. CARLOS ACEVES DEL OLMO, actual l\u00edder de la CTM y del sector obrero del PRI, inspira l\u00e1stima.<\/p>\n<p style=\"text-align: center;\"><strong>Una gobernadora decente<\/strong><\/p>\n<p>A Roc\u00edo Nahle no le asusta la posibilidad de llegar al gobierno de Veracruz y encontrar un estercolero. La secretaria de Energ\u00eda de la 4T tiene claro que los jarochos est\u00e1n \u00e1vidos por tener un o una gobernadora que, ante todo, sea persona decente y honesta y consciente de que el pueblo es el que pone y el que quita y por ello la primera obligaci\u00f3n de un mandatario es escuchar a la gente, tratarla con respeto y gobernar obedeciendo.<\/p>\n<p>As\u00ed las cosas, ROC\u00cdO NAHLE no necesitar\u00eda hacer nada extraordinario para destacar y hacerse querer por los veracruzanos. Despu\u00e9s de soportar a FIDEL HERRERA, JAVIER DUARTE DE OCHOA, MIGUEL \u00c1NGEL YUNES y CUITL\u00c1HUAC GARC\u00cdA, decencia y honestidad bastar\u00edan para marcar la diferencia.<\/p>\n<p style=\"text-align: center;\"><strong>Lengua de v\u00edbora<\/strong><\/p>\n<p>En tres d\u00edas, dice ponzo\u00f1oso L\u00f3pez Obrador, revelar\u00e1 qui\u00e9n ser\u00e1 el candidato presidencial del frente opositor.<\/p>\n<p>Con todo el odio que destilan sus entra\u00f1as, el presidente descalifica el m\u00e9todo que anunciaron ayer los l\u00edderes del PRI, Alejandro Moreno; PAN, Marko Cort\u00e9s; PRD, Jes\u00fas Zambrano y representantes de la sociedad civil.<\/p>\n<p>\u201cEs pura faramalla\u201d, acus\u00f3 L\u00f3pez y afirm\u00f3 que quien decidir\u00e1 ser\u00e1 Claudio X Gonz\u00e1lez y la c\u00fapula de la oligarqu\u00eda corrupta y saqueadora.<\/p>\n<p>En tres d\u00edas, confirm\u00f3 L\u00f3pez, \u00e9l sabr\u00e1 qui\u00e9n es el candidato de la oposici\u00f3n y lo har\u00e1 p\u00fablico para desenmascarar a quienes pretenden volver por sus fueros y seguir robando.<\/p>\n<p style=\"text-align: center;\"><strong>X\u00f3chitl, X\u00f3chitl, ra, ra, ra<\/strong><\/p>\n<p>Un amplio sector del PAN apuesta a que la hidalguense X\u00d3CHITL G\u00c1LVEZ ser\u00e1 la candidata de la alianza opositora y de la sociedad civil a la Presidencia de M\u00e9xico. Auguran que con su l\u00e9xico folcl\u00f3rico y muy de barrio bravo pondr\u00eda como dado a Claudia Sheinbaum.<\/p>\n<p>No ven a Santiago Creel Miranda enfrentarse a la corcholata favorita de Palacio Nacional y soltarle dos o tres verdades de carretonero. Creel querr\u00e1 mostrar su civilidad y cultura y aburrir\u00eda al populacho.<\/p>\n<p>&nbsp;<\/p>\n<blockquote>\n<p style=\"text-align: right;\"><em><strong>La verdad es la verdad<br \/>\ny no admite otros datos<\/strong><\/em><\/p>\n<\/blockquote>\n<p>&nbsp;<\/p>\n<p><a href=\"mailto:donrunrun@yahoo.es\" target=\"_blank\" rel=\"noopener\"><em>donrunrun@yahoo.es<\/em><\/a><\/p>\n","protected":false},"excerpt":{"rendered":"<p><span style=\"color: #005497;\"><strong>Francisco Reynoso<\/strong><\/span><\/p>\n","protected":false},"author":3,"featured_media":0,"comment_status":"open","ping_status":"open","sticky":false,"template":"","format":"standard","meta":{"_monsterinsights_skip_tracking":false,"_monsterinsights_sitenote_active":false,"_monsterinsights_sitenote_note":"","_monsterinsights_sitenote_category":0,"footnotes":""},"categories":[94855],"tags":[94857,43674,94856],"class_list":["post-588322","post","type-post","status-publish","format-standard","hentry","category-francisco-reynoso","tag-francisco-reynoso","tag-opinion","tag-triple-erre"],"_links":{"self":[{"href":"https:\/\/www.diarioimagen.net\/index.php?rest_route=\/wp\/v2\/posts\/588322","targetHints":{"allow":["GET"]}}],"collection":[{"href":"https:\/\/www.diarioimagen.net\/index.php?rest_route=\/wp\/v2\/posts"}],"about":[{"href":"https:\/\/www.diarioimagen.net\/index.php?rest_route=\/wp\/v2\/types\/post"}],"author":[{"embeddable":true,"href":"https:\/\/www.diarioimagen.net\/index.php?rest_route=\/wp\/v2\/users\/3"}],"replies":[{"embeddable":true,"href":"https:\/\/www.diarioimagen.net\/index.php?rest_route=%2Fwp%2Fv2%2Fcomments&post=588322"}],"version-history":[{"count":0,"href":"https:\/\/www.diarioimagen.net\/index.php?rest_route=\/wp\/v2\/posts\/588322\/revisions"}],"wp:attachment":[{"href":"https:\/\/www.diarioimagen.net\/index.php?rest_route=%2Fwp%2Fv2%2Fmedia&parent=588322"}],"wp:term":[{"taxonomy":"category","embeddable":true,"href":"https:\/\/www.diarioimagen.net\/index.php?rest_route=%2Fwp%2Fv2%2Fcategories&post=588322"},{"taxonomy":"post_tag","embeddable":true,"href":"https:\/\/www.diarioimagen.net\/index.php?rest_route=%2Fwp%2Fv2%2Ftags&post=588322"}],"curies":[{"name":"wp","href":"https:\/\/api.w.org\/{rel}","templated":true}]}}