{"id":588340,"date":"2023-06-27T00:12:18","date_gmt":"2023-06-27T06:12:18","guid":{"rendered":"https:\/\/www.diarioimagen.net\/?p=588340"},"modified":"2023-06-27T04:37:23","modified_gmt":"2023-06-27T10:37:23","slug":"ahora-si-hay-tiro-para-el-2024","status":"publish","type":"post","link":"https:\/\/www.diarioimagen.net\/?p=588340","title":{"rendered":"\u00a1Ahora s\u00ed hay tiro para el 2024!"},"content":{"rendered":"<h2>Tras la puerta del poder<\/h2>\n<h5>Roberto Vizca\u00edno<\/h5>\n<p>&nbsp;<\/p>\n<p>Amparados por porcentajes y captaci\u00f3n de votos similares a los del oficialismo, PRI, PAN, PRD y Ong\u2019s arrancaron ayer su <strong>Frente Amplio por M\u00e9xico<\/strong> con el qu\u00e9 pretenden arrancarle la Presidencia y las mayor\u00edas constitucionales en el Congreso a los candidatos de <strong>Andr\u00e9s Manuel L\u00f3pez Obrador<\/strong> en 2024.<\/p>\n<p>Para ello establecieron un m\u00e9todo con 10 requisitos a cumplirse en 3 etapas a fin de tener un candidato de unidad elegido el 3 de septiembre pr\u00f3ximo v\u00eda el voto ciudadano.<\/p>\n<p>Frente a varias decenas de aspirantes opositores y de la sociedad civil concentrados en un hotel, y ante un gran contingente de reporteros, fot\u00f3grafos, camar\u00f3grafos, columnistas y editorialistas nacionales y extranjeros, los dirigentes de PAN, PRI y PRD detallaron el m\u00e9todo electoral logrado junto a l\u00edderes sociales y sus alcances.<\/p>\n<p>Dos fueron los objetivos centrales en la construcci\u00f3n del m\u00e9todo y el nuevo frente, indicaron los oradores: Cumplir con los requisitos y tiempos del INE para evitar inhabilitaciones y la introducci\u00f3n de candados para conjurar cualquier trapacer\u00eda y manipulaci\u00f3n del r\u00e9gimen de la 4T que pudiera afectar el lanzamiento de un candidato presidencial opositor de unidad.<\/p>\n<p>A salvo de eso, indic\u00f3 <strong>Marko Cort\u00e9s<\/strong>, presidente del PAN, <strong>\u201cla candidatura presidencial ser\u00e1 decidida por todas y todos los mexicanos<\/strong>\u201d mientras que <strong>Alejandro <em>Alito <\/em>Moreno<\/strong>, presidente del PRI, afirm\u00f3 que el m\u00e9todo alcanzado entre ellos y las Ong\u2019s es \u201c<strong>pr\u00e1ctico, realizable, potente y distinto de lo que hace el gobierno<\/strong>\u201d.<\/p>\n<p><strong>All\u00e1, en Morena y en Palacio, indicaron, <\/strong>el presidente <strong>Andr\u00e9s Manuel L\u00f3pez Obrador, <\/strong>al m\u00e1s puro y viejo estilo pri\u00edsta, destap\u00f3 anticipadamente v\u00eda dedazo a sus posibles sucesores, para ahora simular, al amparo de una encuesta ama\u00f1ada, quien ser\u00e1 su elegido.<\/p>\n<p>El m\u00e9todo del <strong>Frente Amplio por M\u00e9xico<\/strong> iniciar\u00e1 con el registro entre el 4 y el 9 de julio de aspirantes quienes lo har\u00e1n con el respaldo de 150 a 200 mil firmas de simpatizantes; entre julio y agosto se realizar\u00e1n encuestas para depurar la lista de aspirantes y dejar s\u00f3lo a los m\u00e1s competitivos quienes participar\u00e1n en 5 foros en que presentar\u00e1n su visi\u00f3n del pa\u00eds sin caer en debates o confrontaciones cara a cara a fin de que en una tercera etapa s\u00f3lo compitan los 3 con mayores apoyos en una interna a realizarse en urnas en los 300 distritos electorales del pa\u00eds el domingo 3 de septiembre para que de ah\u00ed surja el candidato presidencial opositor.<\/p>\n<p style=\"text-align: center;\"><strong>Sigue el gobierno de coalici\u00f3n<\/strong><\/p>\n<p>Si gana el candidato presidencial opositor, como esperan ocurra, un acuerdo posterior determinar\u00e1 la integraci\u00f3n de lo que ser\u00eda el primer Gobierno de Coalici\u00f3n en el M\u00e9xico moderno.<\/p>\n<p>Ah\u00ed ir\u00edan, en primer lugar, quienes participaron con mayor presencia y apoyos, pero no alcanzaron la candidatura final.<\/p>\n<p>Esta coalici\u00f3n alcanzar\u00eda adem\u00e1s a los grupos legislativos alcanzados por Va X M\u00e9xico.<\/p>\n<p>Los 3 partidos y las organizaciones de la sociedad ven que la tarea que apenas comienza no es s\u00f3lo por la reconstrucci\u00f3n del pa\u00eds, sino para avanzar en un sistema democr\u00e1tico m\u00e1s s\u00f3lido, m\u00e1s preparado para enfrentar candidatos populistas.<\/p>\n<p><strong>Mientras, en el oficialismo<\/strong><\/p>\n<p>Del otro lado de la sucesi\u00f3n adelantada, continuaron los eventos masivos de 2 de los 6 aspirantes presidenciales, en los que <strong>Claudia Sheinbaum<\/strong> en uno de estos eventos presumi\u00f3 tener las encuestas con mayores apoyos y preferencias mientras que Ad\u00e1n Augusto L\u00f3pez advert\u00eda mayor solidez en su penetraci\u00f3n en el pa\u00eds.<\/p>\n<p>En este contexto, el ex canciller <strong>Marcelo Ebrard<\/strong> adelant\u00f3 que su representante, la senadora <strong>Mal\u00fa M\u00edcher,<\/strong> acudir\u00e1 a la dirigencia de Morena para aportar preocupantes pruebas que muestran c\u00f3mo <strong>Sheinbaum<\/strong> y <strong>L\u00f3pez<\/strong> realizan eventos masivos, cuyos costos superan a los 5 millones que se les entregaron a cada uno de los 6 aspirantes para cubrir gastos de toda la campa\u00f1a.<\/p>\n<p>Ebrard exige, simplemente, que se respete lo acordado entre ellos que es no excederse.<\/p>\n<p>El zacatecano<strong> Ricardo Monreal<\/strong>, ajeno a la confrontaci\u00f3n interna, hab\u00eda se\u00f1alado hace una semana lo mismo que <strong>Ebrard.<\/strong><\/p>\n<p>Ayer, el ex coordinador de la bancada de senadores de Morena, en campa\u00f1a por su estado, Zacatecas, que continuar\u00e1 con sus visitas a todos los pueblos, comunidades\u00a0 y regiones del pa\u00eds para dar a conocer los logros de la Cuarta Transformaci\u00f3n.<\/p>\n<p>\u201cAmigos de esta regi\u00f3n: conozco muy bien esta regi\u00f3n. Yo empec\u00e9 a trabajar en la vida de comunidades agrarias y sindicatos campesinos hace muchos a\u00f1os, 1978, por ah\u00ed. Y qu\u00e9 decir de los campesinos, de los l\u00edderes, de las comunidades de toda esta zona, que eran firmes en sus decisiones y leales; leales a los campesinos y a las comunidades de donde proven\u00edan\u201d, fue su entrada, antes de revelar sus intenciones.<\/p>\n<p>Siempre fue su sue\u00f1o, dijo luego, servir a los campesinos sobre todo a los de su regi\u00f3n que tanto conoce y que tanto le han dado desde que ten\u00eda 18 a\u00f1os y trabajaba en los ejidos locales. Asegur\u00f3 que ahora como aspirante, no olvidar\u00e1 esa promesa y trabajar\u00e1 en pro del campo.<\/p>\n<p>\u201cY tambi\u00e9n en Luis Moya y en San Pedro Piedra Gorda y en toda la zona donde ven\u00eda de manera continua, dije que siempre servir\u00eda a mi gente\u201d, indic\u00f3.<\/p>\n<p>Ah\u00ed subray\u00f3 que su objetivo es mejorar el pa\u00eds, que tiene sumamente claro que su visi\u00f3n de la naci\u00f3n es una mucho m\u00e1s justa, pr\u00f3spera y equitativa para todos los ciudadanos de M\u00e9xico.<\/p>\n<p>Si bien es, dijo, un f\u00e9rreo defensor de la Cuarta Transformaci\u00f3n, tambi\u00e9n propondr\u00e1 \u201cc\u00f3mo mejorar esas pol\u00edticas p\u00fablicas, c\u00f3mo profundizar la vida democr\u00e1tica, c\u00f3mo lograr que haya justicia\u201d.<\/p>\n<p><em><a href=\"mailto:rvizcainoa@gmail.com\" target=\"_blank\" rel=\"noopener noreferrer\">vizcainoa@gmail.com<\/a><a href=\"mailto:rvizcainoa@gmail.com\" target=\"_blank\" rel=\"noopener noreferrer\"><br \/>\n<\/a><a href=\"http:\/\/endirecto.mx\" target=\"_blank\" rel=\"noopener noreferrer\">www.endirecto.mx<\/a><a href=\"mailto:rvizcainoa@gmail.com\" target=\"_blank\" rel=\"noopener noreferrer\"><br \/>\n<\/a><a href=\"https:\/\/twitter.com\/_rvizcaino\" target=\"_blank\" rel=\"noopener noreferrer\">@_RVizcaino<\/a><a href=\"mailto:rvizcainoa@gmail.com\" target=\"_blank\" rel=\"noopener noreferrer\"><br \/>\n<\/a><a href=\"https:\/\/www.facebook.com\/rvizcainoa\" target=\"_blank\" rel=\"noopener noreferrer\">facebook.com\/rvizcainoa<\/a><\/em><\/p>\n","protected":false},"excerpt":{"rendered":"<p><span style=\"color: #005497;\"><strong>Roberto Vizca\u00edno<\/strong><\/span><\/p>\n","protected":false},"author":3,"featured_media":0,"comment_status":"open","ping_status":"open","sticky":false,"template":"","format":"standard","meta":{"_monsterinsights_skip_tracking":false,"_monsterinsights_sitenote_active":false,"_monsterinsights_sitenote_note":"","_monsterinsights_sitenote_category":0,"footnotes":""},"categories":[136],"tags":[43674,93,94],"class_list":["post-588340","post","type-post","status-publish","format-standard","hentry","category-roberto-vizcaino-opinion","tag-opinion","tag-roberto-vizcaino","tag-tras-la-puerta-del-poder"],"_links":{"self":[{"href":"https:\/\/www.diarioimagen.net\/index.php?rest_route=\/wp\/v2\/posts\/588340","targetHints":{"allow":["GET"]}}],"collection":[{"href":"https:\/\/www.diarioimagen.net\/index.php?rest_route=\/wp\/v2\/posts"}],"about":[{"href":"https:\/\/www.diarioimagen.net\/index.php?rest_route=\/wp\/v2\/types\/post"}],"author":[{"embeddable":true,"href":"https:\/\/www.diarioimagen.net\/index.php?rest_route=\/wp\/v2\/users\/3"}],"replies":[{"embeddable":true,"href":"https:\/\/www.diarioimagen.net\/index.php?rest_route=%2Fwp%2Fv2%2Fcomments&post=588340"}],"version-history":[{"count":0,"href":"https:\/\/www.diarioimagen.net\/index.php?rest_route=\/wp\/v2\/posts\/588340\/revisions"}],"wp:attachment":[{"href":"https:\/\/www.diarioimagen.net\/index.php?rest_route=%2Fwp%2Fv2%2Fmedia&parent=588340"}],"wp:term":[{"taxonomy":"category","embeddable":true,"href":"https:\/\/www.diarioimagen.net\/index.php?rest_route=%2Fwp%2Fv2%2Fcategories&post=588340"},{"taxonomy":"post_tag","embeddable":true,"href":"https:\/\/www.diarioimagen.net\/index.php?rest_route=%2Fwp%2Fv2%2Ftags&post=588340"}],"curies":[{"name":"wp","href":"https:\/\/api.w.org\/{rel}","templated":true}]}}