{"id":588348,"date":"2023-06-27T00:06:16","date_gmt":"2023-06-27T06:06:16","guid":{"rendered":"https:\/\/www.diarioimagen.net\/?p=588348"},"modified":"2023-06-27T04:46:01","modified_gmt":"2023-06-27T10:46:01","slug":"oposicion-sin-brujula","status":"publish","type":"post","link":"https:\/\/www.diarioimagen.net\/?p=588348","title":{"rendered":"Oposici\u00f3n sin br\u00fajula"},"content":{"rendered":"<h2>Aunque pese<\/h2>\n<h5>Salvador Mart\u00ednez Garc\u00eda<\/h5>\n<p>&nbsp;<\/p>\n<p>Con la decisi\u00f3n de los partidos de oposici\u00f3n que integran la alianza Va por M\u00e9xico de emular a Morena en la forma de selecci\u00f3n de su candidato a la Presidencia de la Rep\u00fablica con encuestas y pronunciamientos, pierde la posibilidad de frenar a las \u201ccorcholatas\u201d con medidas de apremio de ley.<\/p>\n<p>Al actuar de manera similar ser\u00e1 dif\u00edcil que encuentren eco en los magistrados de la sala superior del Tribunal Electoral del Poder Judicial de la Federaci\u00f3n, conocido como Trife, por actos anticipados de campa\u00f1a que pudieran ser severamente sancionados.<\/p>\n<p>La oposici\u00f3n se presenta sin br\u00fajula, sin programa electoral, sin planes de acci\u00f3n y sin candidato, por m\u00e1s que tengan a m\u00e1s de una docena de aspirantes a la candidatura presidencial.<\/p>\n<p>Entre los muchos que quieren ser los abanderados opositores, se duda que haya alguno que realmente pueda contar con el respaldo popular para vencer a quien resulte ser el postulado por el partido en el gobierno.<\/p>\n<p>Santiago Creel es el pol\u00edtico de mayor experiencia, solidez y prestigio de los que se han pronunciado para alcanzar la candidatura, pero para llegar habr\u00e1 de pasar diversos filtros hasta llegar a la terna por la que se votar\u00e1 para tener un ganador.<\/p>\n<p>Los otros suspirantes son, sin orden preferencial alguno, Beatriz Paredes, Lilly T\u00e9llez, Gustavo de Hoyos, Jos\u00e9 Luis Preciado, Ildefonso Guajardo, Alejandro Murat, X\u00f3chilt G\u00e1lvez, Enrique de la Madrid, Claudia Ruiz Massieu, Juan Carlos Romero Hicks, Gabriel Quadri, Silvano Aureoles y Jos\u00e9 \u00c1ngel Gurr\u00eda.<\/p>\n<p>Con ellos al frente se crea el Frente Amplio por M\u00e9xico, el encargado de llevar el proceso de elecci\u00f3n de la Coalici\u00f3n Va Por M\u00e9xico, de PRI, PAN y PRD, mismos que siguen ilusionados con poder convencer a Movimiento Ciudadano, para tener mayor competitividad en los comicios del 2024. Veremos.<\/p>\n<p style=\"text-align: center;\"><strong>Susurros<\/strong><\/p>\n<p>El mundo se cimbr\u00f3 con la intentona de golpe de Estado contra Putin, por parte de un l\u00edder mercenario Yevgueni Prigozhin, pero en 48 horas todo se desvaneci\u00f3 para fortuna del gobierno ruso, enfrascado en una guerra con Ucrania.<\/p>\n<p>En occidente, muchos festejaban la rebeli\u00f3n m\u00e1s por sus anhelos que por su an\u00e1lisis de los hechos, que culminaron en una negociaci\u00f3n en la que los insurrectos no ser\u00edan juzgados y su l\u00edder Prigozhin estar\u00eda a salvo en Bielorrusia.<\/p>\n<p>El propio revoltoso aclar\u00f3 que su levantamiento no fue un intento de derrocar a Putin, sino una protesta por errores cometidos en la operaci\u00f3n militar en Ucrania.<\/p>\n<p>Ahora Rusia recupera su posici\u00f3n de equilibrio en la nueva composici\u00f3n geopol\u00edtica en la que la unipolaridad dominada por Estados Unidos da paso a un esquema tripolar entre Washington, Mosc\u00fa y Pek\u00edn.<\/p>\n<p><a href=\"mailto:salvadormartinez@visionmx.com\" target=\"_blank\" rel=\"noopener\"><em>salvadormartinez@visionmx.com<\/em><\/a><br \/>\n<em>Twitter: <a href=\"https:\/\/twitter.com\/salvador_mtz\" target=\"_blank\" rel=\"noopener\">@salvador_mtz<\/a><\/em><\/p>\n","protected":false},"excerpt":{"rendered":"<p><span style=\"color: #005497;\"><strong>Salvador Mart\u00ednez Garc\u00eda<\/strong><\/span><\/p>\n","protected":false},"author":3,"featured_media":0,"comment_status":"open","ping_status":"open","sticky":false,"template":"","format":"standard","meta":{"_monsterinsights_skip_tracking":false,"_monsterinsights_sitenote_active":false,"_monsterinsights_sitenote_note":"","_monsterinsights_sitenote_category":0,"footnotes":""},"categories":[96743],"tags":[96744,43674,96745],"class_list":["post-588348","post","type-post","status-publish","format-standard","hentry","category-salvador-martinez-garcia","tag-aunque-pese","tag-opinion","tag-salvador-martinez-garcia"],"_links":{"self":[{"href":"https:\/\/www.diarioimagen.net\/index.php?rest_route=\/wp\/v2\/posts\/588348","targetHints":{"allow":["GET"]}}],"collection":[{"href":"https:\/\/www.diarioimagen.net\/index.php?rest_route=\/wp\/v2\/posts"}],"about":[{"href":"https:\/\/www.diarioimagen.net\/index.php?rest_route=\/wp\/v2\/types\/post"}],"author":[{"embeddable":true,"href":"https:\/\/www.diarioimagen.net\/index.php?rest_route=\/wp\/v2\/users\/3"}],"replies":[{"embeddable":true,"href":"https:\/\/www.diarioimagen.net\/index.php?rest_route=%2Fwp%2Fv2%2Fcomments&post=588348"}],"version-history":[{"count":0,"href":"https:\/\/www.diarioimagen.net\/index.php?rest_route=\/wp\/v2\/posts\/588348\/revisions"}],"wp:attachment":[{"href":"https:\/\/www.diarioimagen.net\/index.php?rest_route=%2Fwp%2Fv2%2Fmedia&parent=588348"}],"wp:term":[{"taxonomy":"category","embeddable":true,"href":"https:\/\/www.diarioimagen.net\/index.php?rest_route=%2Fwp%2Fv2%2Fcategories&post=588348"},{"taxonomy":"post_tag","embeddable":true,"href":"https:\/\/www.diarioimagen.net\/index.php?rest_route=%2Fwp%2Fv2%2Ftags&post=588348"}],"curies":[{"name":"wp","href":"https:\/\/api.w.org\/{rel}","templated":true}]}}