{"id":588360,"date":"2023-06-28T00:01:02","date_gmt":"2023-06-28T06:01:02","guid":{"rendered":"https:\/\/www.diarioimagen.net\/?p=588360"},"modified":"2023-06-29T23:09:56","modified_gmt":"2023-06-30T05:09:56","slug":"indispensable-para-todo-organo-jurisdiccional-argumentacion-clara-y-eficaz","status":"publish","type":"post","link":"https:\/\/www.diarioimagen.net\/?p=588360","title":{"rendered":"Indispensable para todo \u00f3rgano jurisdiccional, argumentaci\u00f3n clara y eficaz"},"content":{"rendered":"<p>&nbsp;<\/p>\n<ul>\n<li><em><strong>As\u00ed lo plante\u00f3 el presidente del PJCDMX, magistrado Rafael Guerra \u00c1lvarez, al inaugurar el VI Congreso Nacional de Ret\u00f3rica Jurisdiccional Magistrado Antonio Mu\u00f1ozcano Eternod<\/strong><\/em><\/li>\n<\/ul>\n<p>&nbsp;<\/p>\n<div id=\"attachment_588446\" style=\"width: 470px\" class=\"wp-caption aligncenter\"><a href=\"https:\/\/www.diarioimagen.net\/?attachment_id=588446\" rel=\"attachment wp-att-588446\"><img loading=\"lazy\" decoding=\"async\" aria-describedby=\"caption-attachment-588446\" class=\"size-full wp-image-588446\" src=\"https:\/\/www.diarioimagen.net\/wp-content\/uploads\/2023\/06\/tribunal-13.jpg\" alt=\"\" width=\"460\" height=\"270\" \/><\/a><p id=\"caption-attachment-588446\" class=\"wp-caption-text\">En tres d\u00edas de congreso, que tiene como ejes la ret\u00f3rica y los derechos humanos, t\u00e9cnicas discursivas, reglas y protocolos en la labor jurisdiccional, se dictar\u00e1n conferencia magistrales.<\/p><\/div>\n<p>&nbsp;<\/p>\n<p>El presidente del Poder Judicial de la Ciudad de M\u00e9xico (PJCDMX), magistrado Rafael Guerra \u00c1lvarez, afirm\u00f3 que a todos los \u00f3rganos jurisdiccionales les resulta indispensable una argumentaci\u00f3n clara y eficaz que respalde su trabajo, en una cultura de la transparencia y acceso eficaz a la justicia.<\/p>\n<p>As\u00ed lo se\u00f1al\u00f3 al inaugurar el VI Congreso Nacional de Ret\u00f3rica Jurisdiccional Magistrado Antonio Mu\u00f1ozcano Eternod, acompa\u00f1ado por el director de la Facultad de Derecho de la Universidad Nacional Aut\u00f3noma de M\u00e9xico (UNAM), Ra\u00fal Contreras Bustamante, acto en el que subray\u00f3 que resulta oportuno recordar el poder de la palabra y \u201cnuestra responsabilidad con ella\u201d.<\/p>\n<p>En la sede del Instituto de Estudios Judiciales (IEJ) del PJCDMX, plante\u00f3 que la ret\u00f3rica es un chacia la verdad como todas las ciencias. Una forma de entender, dijo, a la raza humana y a su mundo, y en especial \u201cconducirnos por la senda de la libertad, la paz y la fraternidad universal\u201d.<\/p>\n<p>Consider\u00f3 que el Congreso Nacional de Ret\u00f3rica Jurisdiccional impulsado por el PJCDMX, al cumplir su sexta edici\u00f3n, se afianza como una tradici\u00f3n para la comunidad jur\u00eddica nacional.<\/p>\n<p>Se refiri\u00f3 al magistrado Antonio Mu\u00f1ozcano Eternod, al que llam\u00f3 pionero en el desarrollo humano en el PJCDMX, e impulsor de programas para la capacitaci\u00f3n de la comunidad de la instituci\u00f3n.<\/p>\n<p>\u201cLa sexta edici\u00f3n de nuestro congreso se dedicar\u00e1 a inspirar a magistradas, magistrados, juezas, jueces, personal de carrera judicial, estudiantes, profesionales del derecho y a ver la funci\u00f3n judicial desde el enfoque de los derechos humanos.<\/p>\n<p>En su oportunidad, Contreras Bustamante subray\u00f3 el papel de la ret\u00f3rica al plantear que la palabra es al abogado lo que la medicina al m\u00e9dico, y dijo que en la actualidad la oralidad ha venido a recuperar el lugar que siempre ha ocupado en la discusi\u00f3n jurisdiccional.<\/p>\n<p>En el acto participaron la directora del Instituto de Investigaciones Jur\u00eddicas, M\u00f3nica Gonz\u00e1lez Contr\u00f3; el director del Instituto de Investigaciones Filos\u00f3ficas, Juan Antonio Cruz Parcero, y el director del Instituto de Investigaciones Filol\u00f3gicas, David Garc\u00eda P\u00e9rez, todos de la UNAM, instancias que coorganizan, junto con el IEJ, el congreso.<\/p>\n<p>En tres d\u00edas de congreso, que tiene como ejes la ret\u00f3rica y los derechos humanos, t\u00e9cnicas discursivas, reglas y protocolos en la labor jurisdiccional, se dictar\u00e1n conferencia magistrales, y se abordar\u00e1n temas como aspectos clave de la argumentaci\u00f3n y derechos humanos, ret\u00f3rica y din\u00e1mica en la funci\u00f3n jurisdiccional y prospectiva sobre la ret\u00f3rica, funci\u00f3n jurisdiccional y derechos humanos, entre otros.<\/p>\n<p>Los ponentes ser\u00e1n impartidores de justicia, acad\u00e9micos y abogados postulantes.<\/p>\n","protected":false},"excerpt":{"rendered":"<p>El presidente del Poder Judicial de la Ciudad de M\u00e9xico (PJCDMX), magistrado Rafael Guerra \u00c1lvarez, afirm\u00f3 que a todos los \u00f3rganos jurisdiccionales les resulta indispensable una argumentaci\u00f3n clara y eficaz que respalde su trabajo, en una cultura de la transparencia y acceso eficaz a la justicia.<\/p>\n","protected":false},"author":3,"featured_media":588446,"comment_status":"open","ping_status":"open","sticky":false,"template":"","format":"standard","meta":{"_monsterinsights_skip_tracking":false,"_monsterinsights_sitenote_active":false,"_monsterinsights_sitenote_note":"","_monsterinsights_sitenote_category":0,"footnotes":""},"categories":[6],"tags":[98156,63623,98157],"class_list":["post-588360","post","type-post","status-publish","format-standard","has-post-thumbnail","hentry","category-cd-de-mexico","tag-clara","tag-eficaz","tag-jurisdiccional"],"_links":{"self":[{"href":"https:\/\/www.diarioimagen.net\/index.php?rest_route=\/wp\/v2\/posts\/588360","targetHints":{"allow":["GET"]}}],"collection":[{"href":"https:\/\/www.diarioimagen.net\/index.php?rest_route=\/wp\/v2\/posts"}],"about":[{"href":"https:\/\/www.diarioimagen.net\/index.php?rest_route=\/wp\/v2\/types\/post"}],"author":[{"embeddable":true,"href":"https:\/\/www.diarioimagen.net\/index.php?rest_route=\/wp\/v2\/users\/3"}],"replies":[{"embeddable":true,"href":"https:\/\/www.diarioimagen.net\/index.php?rest_route=%2Fwp%2Fv2%2Fcomments&post=588360"}],"version-history":[{"count":0,"href":"https:\/\/www.diarioimagen.net\/index.php?rest_route=\/wp\/v2\/posts\/588360\/revisions"}],"wp:featuredmedia":[{"embeddable":true,"href":"https:\/\/www.diarioimagen.net\/index.php?rest_route=\/wp\/v2\/media\/588446"}],"wp:attachment":[{"href":"https:\/\/www.diarioimagen.net\/index.php?rest_route=%2Fwp%2Fv2%2Fmedia&parent=588360"}],"wp:term":[{"taxonomy":"category","embeddable":true,"href":"https:\/\/www.diarioimagen.net\/index.php?rest_route=%2Fwp%2Fv2%2Fcategories&post=588360"},{"taxonomy":"post_tag","embeddable":true,"href":"https:\/\/www.diarioimagen.net\/index.php?rest_route=%2Fwp%2Fv2%2Ftags&post=588360"}],"curies":[{"name":"wp","href":"https:\/\/api.w.org\/{rel}","templated":true}]}}