{"id":588416,"date":"2023-06-28T00:03:04","date_gmt":"2023-06-28T06:03:04","guid":{"rendered":"https:\/\/www.diarioimagen.net\/?p=588416"},"modified":"2023-06-27T23:50:30","modified_gmt":"2023-06-28T05:50:30","slug":"para-quien-trabaja-mc","status":"publish","type":"post","link":"https:\/\/www.diarioimagen.net\/?p=588416","title":{"rendered":"\u00bfPara qui\u00e9n trabaja MC?"},"content":{"rendered":"<h2>Espacio Electoral<\/h2>\n<h5>Eleazar Flores<\/h5>\n<p>&nbsp;<\/p>\n<p><strong>POR HOY, DIVIDE-.<\/strong> Desde siempre, unas veces m\u00e1s que otras, el partido Movimiento Ciudadano est\u00e1 en la creencia y boca de muchos pol\u00edticos, catalog\u00e1ndolo un como un partido bisagra o palero de nivel, cuyo amor electoral se vende m\u00e1s caro que los barateros oportunistas PT y PVEM.<\/p>\n<p>El ejemplo m\u00e1s reciente fue su negativa a sumarse a PAN-PRI-PRD-Panal, en la elecci\u00f3n gubernamental mexiquense, pues ped\u00eda para 2024, ayuntamientos de Toluca, Naucalpan, Ecatepec, Tlalnepantla y Metepec, petici\u00f3n que jam\u00e1s se probar\u00e1, pues es de los compromisos que se firman en hielo.<\/p>\n<p><strong>DANTE DELGADO-.<\/strong> No obstante ser alvarade\u00f1o de origen, al veracruzano Dante Alfonso Delgado Rannauro jam\u00e1s se le ha o\u00eddo -cuando menos en p\u00fablico, el florido lenguaje caracter\u00edstico de los nativos de este bello lugar, pero \u00e9ste no es el tema sino SU PARTIDO pol\u00edtico que en los 25 a\u00f1os que lleva de vida legal ha cambiado de nombre, no de due\u00f1o, con la misma duraci\u00f3n de liderazgo.<\/p>\n<p>De larga carrera, Dante Delgado se inici\u00f3 en la vida pol\u00edtica como priista al lado del entonces gobernador de Veracruz Fernando Guti\u00e9rrez Barrios siendo su secretario general de Gobierno y cuando el ex militar se ausenta para aceptar el cargo de Secretario de Gobernaci\u00f3n en el sexenio del presidente Carlos Salinas de Gortari, Dante asciende a la gubernatura jarocha.<\/p>\n<p>Estos hechos y movimientos se dieron entre 1986 a 1992, periodo bajo la tutela priista, cuando acepta ser embajador de M\u00e9xico en Italia, cargo que culmina en 1994.<\/p>\n<p><strong>PARTIDO MOVIMIENTO CIUDADANO-.<\/strong> En camino a la disidencia cuando EL SISTEMA lo encarcel\u00f3 15 meses en la prisi\u00f3n de Pacho Viejo ubicada en Coatepec, Veracruz, lo primero que hace Delgado Rannauro, al recuperar su libertad, es fundar SU partido CONVERGENCIA POR LA DEMOCRACIA, entre 1996-1997.<\/p>\n<p>Pero el partido ha cambiado de nombre, no as\u00ed de due\u00f1o, perd\u00f3n, de dirigente, pues pas\u00f3 de Convergencia Democr\u00e1tica a Movimiento Ciudadano entre el feneciente siglo veinte y el naciente SIGLO XXI, pero don Dante aprovech\u00f3 al m\u00e1ximo el tiempo y las circunstancias para proponerse y lograr cargos de elecci\u00f3n, de representaci\u00f3n proporcional y plurinominales, entre diputaciones federales y senadur\u00edas, como en este momento.<\/p>\n<p>Como due\u00f1o del bal\u00f3n, perd\u00f3n del partido, nadie le pudo negar al alvarade\u00f1o ocupar una curul o un esca\u00f1o, de 2006 a la fecha.<\/p>\n<p>Hoy, el PARTIDO MOVIMIENTO CIUDADANO tiene gobernadores en Jalisco y Nuevo Le\u00f3n, dos entidades progresistas, y alcaldes en Guadalajara y Monterrey, capitales futboleras, adem\u00e1s, y no obstante cuestionamientos de sus ADVERSARIOS como los de la 4T, esas entidades ah\u00ed la llevan, a pesar de los regateos oficialistas.<\/p>\n<p>S\u00f3lo la INGENUIDAD har\u00eda pensar a dirigentes de MC que solos ganar\u00edan la presidencial en 2024, all\u00e1 ellos.<\/p>\n<p><em><a href=\"mailto:elefa44@gmail.com\" target=\"_blank\" rel=\"noopener noreferrer\">elefa44@gmail.com<\/a><\/em><\/p>\n","protected":false},"excerpt":{"rendered":"<p><span style=\"color: #005497;\"><strong>Eleazar Flores<\/strong><\/span><\/p>\n","protected":false},"author":3,"featured_media":0,"comment_status":"open","ping_status":"open","sticky":false,"template":"","format":"standard","meta":{"_monsterinsights_skip_tracking":false,"_monsterinsights_sitenote_active":false,"_monsterinsights_sitenote_note":"","_monsterinsights_sitenote_category":0,"footnotes":""},"categories":[81743],"tags":[81744,81776,43674],"class_list":["post-588416","post","type-post","status-publish","format-standard","hentry","category-eleazar-flores","tag-eleazar-flores","tag-espacio-electoral","tag-opinion"],"_links":{"self":[{"href":"https:\/\/www.diarioimagen.net\/index.php?rest_route=\/wp\/v2\/posts\/588416","targetHints":{"allow":["GET"]}}],"collection":[{"href":"https:\/\/www.diarioimagen.net\/index.php?rest_route=\/wp\/v2\/posts"}],"about":[{"href":"https:\/\/www.diarioimagen.net\/index.php?rest_route=\/wp\/v2\/types\/post"}],"author":[{"embeddable":true,"href":"https:\/\/www.diarioimagen.net\/index.php?rest_route=\/wp\/v2\/users\/3"}],"replies":[{"embeddable":true,"href":"https:\/\/www.diarioimagen.net\/index.php?rest_route=%2Fwp%2Fv2%2Fcomments&post=588416"}],"version-history":[{"count":0,"href":"https:\/\/www.diarioimagen.net\/index.php?rest_route=\/wp\/v2\/posts\/588416\/revisions"}],"wp:attachment":[{"href":"https:\/\/www.diarioimagen.net\/index.php?rest_route=%2Fwp%2Fv2%2Fmedia&parent=588416"}],"wp:term":[{"taxonomy":"category","embeddable":true,"href":"https:\/\/www.diarioimagen.net\/index.php?rest_route=%2Fwp%2Fv2%2Fcategories&post=588416"},{"taxonomy":"post_tag","embeddable":true,"href":"https:\/\/www.diarioimagen.net\/index.php?rest_route=%2Fwp%2Fv2%2Ftags&post=588416"}],"curies":[{"name":"wp","href":"https:\/\/api.w.org\/{rel}","templated":true}]}}