{"id":588478,"date":"2023-06-29T00:06:51","date_gmt":"2023-06-29T06:06:51","guid":{"rendered":"https:\/\/www.diarioimagen.net\/?p=588478"},"modified":"2023-07-02T19:34:26","modified_gmt":"2023-07-03T01:34:26","slug":"avanza-uaemex-en-cambio-de-identidad-a-estudiantado-paso-importante-para-comunidad-trans-sofia-vargas","status":"publish","type":"post","link":"https:\/\/www.diarioimagen.net\/?p=588478","title":{"rendered":"Avanza UAEM\u00e9x en cambio de identidad a estudiantado; paso importante para comunidad trans: Sof\u00eda Vargas"},"content":{"rendered":"<p><em>\u00a0<\/em><\/p>\n<ul>\n<li><em><strong>Aidan Ariel Matamoros Mata y Dana Sof\u00eda Vargas Dom\u00ednguez fueron los primeros estudiantes en recibir su documentaci\u00f3n como hombre y mujer trans; sus casos permitieron que se emitiera un dictamen que permite a las personas hacer su cambio de identidad dentro de la universidad<\/strong> <\/em><\/li>\n<\/ul>\n<p><strong>\u00a0<\/strong><\/p>\n<div id=\"attachment_588546\" style=\"width: 470px\" class=\"wp-caption aligncenter\"><a href=\"https:\/\/www.diarioimagen.net\/?attachment_id=588546\" rel=\"attachment wp-att-588546\"><img loading=\"lazy\" decoding=\"async\" aria-describedby=\"caption-attachment-588546\" class=\"size-full wp-image-588546\" src=\"https:\/\/www.diarioimagen.net\/wp-content\/uploads\/2023\/06\/uaem-avanza-en-cambio.jpg\" alt=\"\" width=\"460\" height=\"270\" \/><\/a><p id=\"caption-attachment-588546\" class=\"wp-caption-text\">Desde 2015, la Aut\u00f3noma mexiquense suma 19 procesos en los que el estudiantado solicita el cambio de identidad en sus documentos escolares, cuatro de los cuales concluyeron satisfactoriamente en este a\u00f1o.<\/p><\/div>\n<p>&nbsp;<\/p>\n<p><strong>Toluca, Estado de M\u00e9xico.\u2013 \u201c<\/strong>Hace 10 a\u00f1os hab\u00eda una semana de la diversidad, pero ahora hay eventos, investigaciones y se habla de las personas trans dentro de la Universidad y eso es un paso muy importante porque nos reconocen\u201d, expres\u00f3 Dana Sof\u00eda Dom\u00ednguez Vargas, mujer orgullosamente trans, estudiante de la Especialidad en G\u00e9nero, Violencia y Pol\u00edticas P\u00fablicas y egresada de la Facultad de Qu\u00edmica de la Universidad Aut\u00f3noma del Estado de M\u00e9xico (UAEM\u00e9x).<\/p>\n<p>De acuerdo con la Oficina del Alto Comisionado de la Organizaci\u00f3n de las Naciones Unidas (ONU), una persona transgenero es aquella que se siente identificada de forma distinta con el sexo que se le asign\u00f3 al nacer. Estas personas expresan su identidad de g\u00e9nero, cambiando su apariencia f\u00edsica y desean ser reconocidas por el nombre y el g\u00e9nero con el que se identifican.<\/p>\n<p>En este sentido, Dana Sof\u00eda Dom\u00ednguez Vargas es una mujer trans que tiene m\u00faltiples facetas: es hermana, amiga y compa\u00f1era. De profesi\u00f3n es ingeniera y Maestra en Ciencias e Ingenier\u00eda Ambientales, tambi\u00e9n es estudiante e investigadora y ha sido docente. Ella es muchas cosas englobadas en alguien que simplemente va por la vida intentando luchar por la igualdad.<\/p>\n<p>Dom\u00ednguez Vargas explic\u00f3 que ser una mujer trans tiene dos etapas: la primera de ellas le permiti\u00f3 reconocer a las personas que la aprecian por qui\u00e9n es y la acompa\u00f1an en su lucha. Ello, dijo, le ha permitido generar un v\u00ednculo de confianza. En contraparte, la sociedad a\u00fan no acepta a las personas trans y, sobre todo, a las mujeres, lo que ha generado una falta de oportunidades laborales, subray\u00f3.<\/p>\n<p>Dana Sof\u00eda es la segunda alumna que cambi\u00f3 identidad en la M\u00e1xima Casa de Estudios mexiquense en 2015. De ese a\u00f1o a la fecha, la Aut\u00f3noma mexiquense suma 19 procesos en los que el estudiantado solicita el cambio de identidad en sus documentos escolares, cuatro de los cuales concluyeron satisfactoriamente en lo que va de 2023, de acuerdo con cifras de la Coordinaci\u00f3n Institucional de Equidad de G\u00e9nero (CIEG).<\/p>\n<p>Para la universitaria, concretar este tr\u00e1mite tiene dos vertientes; la primera es a nivel social, donde la persona decide referir que es una persona trans y se representa como lo que realmente es. La segunda es a nivel legal, donde finalmente se pudo hacer esta transici\u00f3n.<\/p>\n<p>\u201cAlgo que me motiv\u00f3 es que como mujer trans pod\u00eda tener una peque\u00f1a oportunidad laboral, expresando lo que yo era. Ha sido muy complicado, pero hay esperanzas que permiten tomar otros caminos\u201d, afirm\u00f3.<\/p>\n<p>Para lograr el cambio de identidad, Vargas Dom\u00ednguez apunt\u00f3 que el decreto expedido en la Ciudad de M\u00e9xico en octubre de 2015, el cual permite rectificar el g\u00e9nero en las actas de nacimiento, ayud\u00f3 a realizar los cambios de identidad\u00a0 a nivel nacional. En el Estado de M\u00e9xico esto fue un parteaguas en las instituciones, ya que muchas personas lograron rectificar su g\u00e9nero en las actas y exigieron los cambios en otros documentos.<\/p>\n<p>En el caso de la Aut\u00f3noma mexiquense se ten\u00eda conocimiento que dentro del estudiantado hab\u00eda dos personas trans al haberlo hecho p\u00fablico. Aidan Ariel Matamoros Mata y Dana Sof\u00eda Vargas Dom\u00ednguez fueron los primeros estudiantes en recibir su documentaci\u00f3n como hombre y mujer trans, respectivamente, gracias a una persona aliada que les ayud\u00f3 a realizar los tr\u00e1mites.<\/p>\n<p>\u201cEste cambio me hizo sentir que ese documento era m\u00edo, sobre todo en el caso de la Universidad. Quer\u00eda que mi t\u00edtulo saliera con el nombre que yo hab\u00eda elegido, que era yo y cuando lo recibes con tu nombre sientes esa pertenencia y te das cuenta que lo que has trabajado se ve reflejado en algo. Cuando no lo tienes as\u00ed es de \u201csi lo hice, pero no eres t\u00fa\u201d, agreg\u00f3.<\/p>\n<p>Dana Sof\u00eda recuerda que cuando ella ingres\u00f3 a la Facultad de Qu\u00edmica lo hizo como una mujer trans y el primer a\u00f1o de su licenciatura fue muy sencillo expresar su identidad de g\u00e9nero; sin embargo, al segundo a\u00f1o comenz\u00f3 a enfrentarse a distintos retos, lo cual le fue sorprendente, ya que le cuestionaron por qu\u00e9 era una mujer trans de forma agresiva.<\/p>\n<p>Sin embargo, el que hace 8 a\u00f1os hubiera un parteaguas en el hecho de que se identificara y la reconocieran como una mujer trans ayud\u00f3 a que se respetar\u00e1n los derechos de la comunidad y a ser tratadas de forma igualitaria en los espacios universitarios.<\/p>\n<p>\u201cHan existido muchas personas trans antes de m\u00ed. Si t\u00fa le preguntas a personas de hace a\u00f1os s\u00ed hab\u00eda una persona que hac\u00eda tal, que se vest\u00eda como tal, habla de esta forma y ped\u00eda que le llamaras como tal, te van a decir que s\u00ed. \u00bfAsusta?, por su puesto que asusta, pero al ya decir veme que ya no me voy a mover de aqu\u00ed, las personas comenzaron a hacer acciones para reconocernos\u201d.<\/p>\n<p>Actualmente, Vargas Dom\u00ednguez refiere que dentro de la UAEM\u00e9x cada vez hay m\u00e1s espacios para visibilizar a la comunidad diversa, a trav\u00e9s de foros, conversatorios e investigaciones donde se cuenta con al menos una persona trans. Si no se nombra y se hace visible la diversidad, no existe y hoy en d\u00eda la Universidad es de muchos colores, concluy\u00f3.<\/p>\n","protected":false},"excerpt":{"rendered":"<p>\u201cHace 10 a\u00f1os hab\u00eda una semana de la diversidad, pero ahora hay eventos, investigaciones y se habla de las personas trans dentro de la Universidad y eso es un paso muy importante porque nos reconocen\u201d, expres\u00f3 Dana Sof\u00eda Dom\u00ednguez Vargas, mujer orgullosamente trans, estudiante de la Especialidad en G\u00e9nero, Violencia y Pol\u00edticas P\u00fablicas y egresada de la Facultad de Qu\u00edmica de la Universidad Aut\u00f3noma del Estado de M\u00e9xico (UAEM\u00e9x).<\/p>\n","protected":false},"author":3,"featured_media":588546,"comment_status":"open","ping_status":"open","sticky":false,"template":"","format":"standard","meta":{"_monsterinsights_skip_tracking":false,"_monsterinsights_sitenote_active":false,"_monsterinsights_sitenote_note":"","_monsterinsights_sitenote_category":0,"footnotes":""},"categories":[5],"tags":[33741,45088,67878],"class_list":["post-588478","post","type-post","status-publish","format-standard","has-post-thumbnail","hentry","category-estado-de-mexico","tag-cambio","tag-identidad","tag-uaemex"],"_links":{"self":[{"href":"https:\/\/www.diarioimagen.net\/index.php?rest_route=\/wp\/v2\/posts\/588478","targetHints":{"allow":["GET"]}}],"collection":[{"href":"https:\/\/www.diarioimagen.net\/index.php?rest_route=\/wp\/v2\/posts"}],"about":[{"href":"https:\/\/www.diarioimagen.net\/index.php?rest_route=\/wp\/v2\/types\/post"}],"author":[{"embeddable":true,"href":"https:\/\/www.diarioimagen.net\/index.php?rest_route=\/wp\/v2\/users\/3"}],"replies":[{"embeddable":true,"href":"https:\/\/www.diarioimagen.net\/index.php?rest_route=%2Fwp%2Fv2%2Fcomments&post=588478"}],"version-history":[{"count":0,"href":"https:\/\/www.diarioimagen.net\/index.php?rest_route=\/wp\/v2\/posts\/588478\/revisions"}],"wp:featuredmedia":[{"embeddable":true,"href":"https:\/\/www.diarioimagen.net\/index.php?rest_route=\/wp\/v2\/media\/588546"}],"wp:attachment":[{"href":"https:\/\/www.diarioimagen.net\/index.php?rest_route=%2Fwp%2Fv2%2Fmedia&parent=588478"}],"wp:term":[{"taxonomy":"category","embeddable":true,"href":"https:\/\/www.diarioimagen.net\/index.php?rest_route=%2Fwp%2Fv2%2Fcategories&post=588478"},{"taxonomy":"post_tag","embeddable":true,"href":"https:\/\/www.diarioimagen.net\/index.php?rest_route=%2Fwp%2Fv2%2Ftags&post=588478"}],"curies":[{"name":"wp","href":"https:\/\/api.w.org\/{rel}","templated":true}]}}