{"id":588498,"date":"2023-06-29T00:13:26","date_gmt":"2023-06-29T06:13:26","guid":{"rendered":"https:\/\/www.diarioimagen.net\/?p=588498"},"modified":"2023-06-29T00:21:53","modified_gmt":"2023-06-29T06:21:53","slug":"beatriz-claudia-lilly-y-xochitl","status":"publish","type":"post","link":"https:\/\/www.diarioimagen.net\/?p=588498","title":{"rendered":"Beatriz, Claudia, Lilly y X\u00f3chitl"},"content":{"rendered":"<h2>Se comenta s\u00f3lo con\u2026<\/h2>\n<h5>Carlos Ramos Padilla*<\/h5>\n<p>&nbsp;<\/p>\n<p>Cuatro damas en campa\u00f1a, aunque Lilly en menos de 24 horas decidi\u00f3 que no le entra. Tuvo al mediod\u00eda una entrevista radiof\u00f3nica donde asegur\u00f3 con firmeza que s\u00ed participar\u00eda en el proceso de selecci\u00f3n de candidato a la Presidencia y ayer amanecimos con que siempre no y fundament\u00f3 sus razones.<\/p>\n<p>No perdi\u00f3 el tiempo X\u00f3chitl para lanzarle p\u00fablicamente un \u201cLilly no te bajes\u201d. Estas mujeres han sido capaces de romperle el discurso y la agenda al Presidente. X\u00f3chitl se comi\u00f3 los espacios de los informativos impresos y electr\u00f3nicos, aunque AMLO cometi\u00f3 dos enormes disparates: Asegurar que va a acusar con sus pap\u00e1s y abuelos a los secuestradores en Chiapas y desviar la atenci\u00f3n nacional para presumir un mu\u00f1eco, \u201camlito\u201d que lo caracteriza. As\u00ed, su nivel e inter\u00e9s por resolver los problemas nacionales.<\/p>\n<p>Beatriz Paredes, mujer muy preparada, enorme oradora con un archivo biogr\u00e1fico impresionante, serena, tranquila, anuncia que sigue en la pasarela.<\/p>\n<p>Claudia, la que no necesita enga\u00f1ar con actas de nacimiento para justificar su nacionalidad, Claudia Ruiz Massieu es la dama que dignifica la tenacidad, el car\u00e1cter y la determinaci\u00f3n despu\u00e9s de eventos tr\u00e1gicos en su vida. Se codea con el poder, aprende del poder, sabe para qu\u00e9 sirve el poder.<\/p>\n<p>Estas mujeres han despertado inter\u00e9s y su astucia deja ocupados y preocupados a sus contrincantes morenistas. Intentan atacarlas por haber servido (Claudia y Beatriz en el PRI; X\u00f3chitl en el PAN) en otras administraciones como si fuese un pecado trabajar y tener congruencia e ideolog\u00eda. Ninguna de las tres, Beatriz, Claudia o X\u00f3chitl tienen el mal prestigio de traicionar a sus partidos, ser chapulines, comerciantes o mercenarios de la pol\u00edtica, lo que s\u00ed ocurre en el pasillo contrario en donde algunos se han tratado de acomodar vendiendo su moral e integridad pol\u00edtica. En Morena, entre sus \u201ccorcholatas\u201d, hay m\u00e1s salinistas que los tricolores. Vamos, hasta el propio redentor, mes\u00edas y dise\u00f1ador de la contienda, AMLO, fue priista convencido y autor del himno de ese partido. Tambi\u00e9n quieren manchar la imagen de las contendientes por sus lazos familiares y apellidos.<\/p>\n<p>No estiran m\u00e1s porque saben que en cualquier debate con las cuatro estar\u00edan contra la pared. Esos antecedentes de su trayectoria que tanto critican y acusan son las plataformas m\u00e1s s\u00f3lidas para sostener argumentos y proyectar programas de gobierno.<\/p>\n<p>Del otro lado s\u00f3lo presumen su cercan\u00eda y cari\u00f1o con AMLO y lonjean como lastre en fotograf\u00edas porque solos no pueden. Son ellos, los morenistas, los que siempre est\u00e1n inconformes con todo y todos pero su andamiaje hasta hoy es tan d\u00e9bil que viven de <em>selfies<\/em> y espectaculares.<\/p>\n<p>Quieren hacer creer que ya ganaron y no tienen opositores de val\u00eda, pero est\u00e1n equivocados, repito, sin estar en campa\u00f1a ellas ya le han fracturado las ma\u00f1aneras y el discurso al propio Presidente, entretenido en poner en pantallas a grupos musicales.<\/p>\n<p>A\u00f1oremos, por lo pronto, a Beatriz, a Claudia y a X\u00f3chitl porque sobresalen en sus planteamientos sin atribuir su capacidad solamente a que son mujeres.<\/p>\n<p><a href=\"https:\/\/twitter.com\/cramospadilla?ref_src=twsrc%5Egoogle%7Ctwcamp%5Eserp%7Ctwgr%5Eauthor\" target=\"_blank\" rel=\"noopener\"><em>@cramospadilla<\/em><\/a><\/p>\n<blockquote><p><em>* Conductor del programa <strong>Va en serio<\/strong>, Mexiquense TV Canal 34.2, IZZI Canal 135 y Mexiquense Radio.<\/em><\/p><\/blockquote>\n","protected":false},"excerpt":{"rendered":"<p><span style=\"color: #005497;\"><strong>Carlos Ramos Padilla<\/strong><\/span><\/p>\n","protected":false},"author":3,"featured_media":0,"comment_status":"open","ping_status":"open","sticky":false,"template":"","format":"standard","meta":{"_monsterinsights_skip_tracking":false,"_monsterinsights_sitenote_active":false,"_monsterinsights_sitenote_note":"","_monsterinsights_sitenote_category":0,"footnotes":""},"categories":[97109],"tags":[97108,43674,97107],"class_list":["post-588498","post","type-post","status-publish","format-standard","hentry","category-carlos-ramos-padilla","tag-carlos-ramos-padilla","tag-opinion","tag-se-comenta-solo-con"],"_links":{"self":[{"href":"https:\/\/www.diarioimagen.net\/index.php?rest_route=\/wp\/v2\/posts\/588498","targetHints":{"allow":["GET"]}}],"collection":[{"href":"https:\/\/www.diarioimagen.net\/index.php?rest_route=\/wp\/v2\/posts"}],"about":[{"href":"https:\/\/www.diarioimagen.net\/index.php?rest_route=\/wp\/v2\/types\/post"}],"author":[{"embeddable":true,"href":"https:\/\/www.diarioimagen.net\/index.php?rest_route=\/wp\/v2\/users\/3"}],"replies":[{"embeddable":true,"href":"https:\/\/www.diarioimagen.net\/index.php?rest_route=%2Fwp%2Fv2%2Fcomments&post=588498"}],"version-history":[{"count":0,"href":"https:\/\/www.diarioimagen.net\/index.php?rest_route=\/wp\/v2\/posts\/588498\/revisions"}],"wp:attachment":[{"href":"https:\/\/www.diarioimagen.net\/index.php?rest_route=%2Fwp%2Fv2%2Fmedia&parent=588498"}],"wp:term":[{"taxonomy":"category","embeddable":true,"href":"https:\/\/www.diarioimagen.net\/index.php?rest_route=%2Fwp%2Fv2%2Fcategories&post=588498"},{"taxonomy":"post_tag","embeddable":true,"href":"https:\/\/www.diarioimagen.net\/index.php?rest_route=%2Fwp%2Fv2%2Ftags&post=588498"}],"curies":[{"name":"wp","href":"https:\/\/api.w.org\/{rel}","templated":true}]}}