{"id":588507,"date":"2023-06-29T00:08:50","date_gmt":"2023-06-29T06:08:50","guid":{"rendered":"https:\/\/www.diarioimagen.net\/?p=588507"},"modified":"2023-06-28T23:30:47","modified_gmt":"2023-06-29T05:30:47","slug":"ajustes-en-la-oposicion","status":"publish","type":"post","link":"https:\/\/www.diarioimagen.net\/?p=588507","title":{"rendered":"Ajustes en la oposici\u00f3n"},"content":{"rendered":"<h2>Punto por punto<\/h2>\n<h5>Augusto Corro<\/h5>\n<p>&nbsp;<\/p>\n<p>Empieza a aclararse el panorama pol\u00edtico en las filas de la oposici\u00f3n que busca designar a su representante para la contienda electoral presidencial de 2024.<\/p>\n<p>En ese sentido, la senadora panista Lilly T\u00e9llez decidi\u00f3 renunciar a la precandidatura opositora de la llamada derecha moderna.<\/p>\n<p>La legisladora dio a conocer que no participar\u00e1 en la contienda electoral por la falta de equidad en el proceso para elegir al candidato o precandidata.<\/p>\n<p>El presidente Andr\u00e9s Manuel L\u00f3pez Obrador dijo lo siguiente, al referirse a la decisi\u00f3n de Lilly T\u00e9llez de no participar como precandidata:<\/p>\n<p>\u201cYa se dio cuenta de que ella no fue la escogida. Ya se dio cuenta, por eso esp\u00e9rense. \u00bfCu\u00e1ntos (aspirantes) hay ahora? Esp\u00e9rense. Es que ya se est\u00e1n dando cuenta y otros ya se dieron cuenta, pero quieren estar ah\u00ed. El mandatario ofreci\u00f3 dar a conocer el nombre del candidato opositor la pr\u00f3xima semana.<\/p>\n<p style=\"text-align: center;\"><strong>Una baja importante<\/strong><\/p>\n<p>En el Partido Acci\u00f3n Nacional (PAN), provocar\u00e1 inquietud la renuncia a la candidatura por parte de la sonorense Lilly T\u00e9llez.<\/p>\n<p>La legisladora era una de los pocos panistas que alzaron la mano para participar en la contienda electoral de 2024.<\/p>\n<p>De acuerdo con las encuestas, la senadora estaba en los primeros lugares de las preferencias electorales, al lado del veterano Santiago Creel y de Margarita Zavala de Calder\u00f3n.<\/p>\n<p>Recientemente se incorpor\u00f3 a la lista de aspirantes la senadora hidalguense X\u00f3chitl G\u00e1lvez, que lleg\u00f3 a hacer mucho ruido.<\/p>\n<p>El caso de Lilly T\u00e9llez se llev\u00f3 la atenci\u00f3n del electorado. Empez\u00f3 el sexenio de L\u00f3pez Obrador como legisladora morenista, luego renunci\u00f3 al partido guinda y se sum\u00f3 a las filas panistas.<\/p>\n<p>Desde la tribuna de la C\u00e1mara de Senadores, la sonorense decidi\u00f3 enfrentar al mandatario tabasque\u00f1o. Por otra parte, Lilly T\u00e9llez decidi\u00f3 manifestar su simpat\u00eda por la derecha radical.<\/p>\n<p>Desde el inicio de semana se incrementaron las actividades pol\u00edticas: X\u00f3chitl G\u00e1lvez anunci\u00f3 que buscar\u00e1 la candidatura presidencial.<\/p>\n<p>Apoyada en una falsa historia de su vida, la hidalguense pretende convencer al electorado de trayectoria de esfuerzo en la vida pol\u00edtica de M\u00e9xico. X\u00f3chitl G\u00e1lvez cuenta con el apoyo del ex presidente Vicente Fox.<\/p>\n<p style=\"text-align: center;\"><strong>Beatriz paredes se sube<\/strong><\/p>\n<p>Por otra parte, la senadora priista Beatriz Paredes confirm\u00f3 que busca ser la candidata presidencial de Va por M\u00e9xico.<\/p>\n<p>A\u00f1adi\u00f3 que participar\u00e1 en los debates que llevar\u00e1n a cabo los partidos que conforman la alianza: PAN, PRI y PRD.\u00a0 Dijo la senadora que se va a registrar para participar en el proceso interno que definir\u00e1 al candidato presidencial del Frente Amplio Va por M\u00e9xico.<\/p>\n<p>En el Revolucionario Institucional tambi\u00e9n hay otros aspirantes a participar en la contienda electoral 2024. Ellos son el ex gobernador de Oaxaca, Alejandro Murat, Enrique de la Madrid y Jos\u00e9 \u00c1ngel Gurr\u00eda.<\/p>\n<p>Como se inform\u00f3, los pasos establecidos por el mencionado frente incluyen la conformaci\u00f3n de un comit\u00e9 organizador y de un observatorio, as\u00ed como la recolecci\u00f3n de firmas, un estudio de opini\u00f3n p\u00fablica, foros tem\u00e1ticos regionales y una encuesta.<\/p>\n<p>En la oposici\u00f3n, incluidas las organizaciones no partidistas, tendr\u00e1n que trabajar intensamente para llegar a la meta. Es decir que tienen unos cuantos meses para culminar con la designaci\u00f3n del aspirante a la candidatura presidencial, en los primeros d\u00edas de septiembre.<\/p>\n<p>Sin embargo, son innumerables los obst\u00e1culos que deber\u00e1 enfrentar la oposici\u00f3n. Por ejemplo, ah\u00ed est\u00e1 lo que ocurri\u00f3 apenas en el frente opositor.<\/p>\n<p>Resulta que ex consejeros y ex magistrados electorales, as\u00ed como personajes de la sociedad civil disolvieron el consejo electoral ciudadano que se encargar\u00eda de realizar la encuesta y las elecciones primarias de las cuales surgir\u00eda el abanderado opositor para 2024. El grupo manifest\u00f3 que cambi\u00f3 el esquema del proceso para el que fue convocado.<\/p>\n<p>El frente opositor declar\u00f3 que crear\u00e1 un comit\u00e9 organizador, integrado por siete especialistas en materia electoral de la sociedad civil y dos representantes de cada uno de los partidos, as\u00ed como un comit\u00e9 de vigilancia.<\/p>\n<p>\u00bfUsted qu\u00e9 opinaba amable lector?<\/p>\n<p><a href=\"mailto:augustocorro2742@gmail.com\" target=\"_blank\" rel=\"noopener\"><em>augustocorro2742@gmail.com<\/em><\/a><\/p>\n","protected":false},"excerpt":{"rendered":"<p><span style=\"color: #005497;\"><strong>Augusto Corro<\/strong><\/span><\/p>\n","protected":false},"author":3,"featured_media":0,"comment_status":"open","ping_status":"open","sticky":false,"template":"","format":"standard","meta":{"_monsterinsights_skip_tracking":false,"_monsterinsights_sitenote_active":false,"_monsterinsights_sitenote_note":"","_monsterinsights_sitenote_category":0,"footnotes":""},"categories":[157],"tags":[43686,43674,11515],"class_list":["post-588507","post","type-post","status-publish","format-standard","hentry","category-augusto-corro","tag-augusto-corro","tag-opinion","tag-punto-por-punto"],"_links":{"self":[{"href":"https:\/\/www.diarioimagen.net\/index.php?rest_route=\/wp\/v2\/posts\/588507","targetHints":{"allow":["GET"]}}],"collection":[{"href":"https:\/\/www.diarioimagen.net\/index.php?rest_route=\/wp\/v2\/posts"}],"about":[{"href":"https:\/\/www.diarioimagen.net\/index.php?rest_route=\/wp\/v2\/types\/post"}],"author":[{"embeddable":true,"href":"https:\/\/www.diarioimagen.net\/index.php?rest_route=\/wp\/v2\/users\/3"}],"replies":[{"embeddable":true,"href":"https:\/\/www.diarioimagen.net\/index.php?rest_route=%2Fwp%2Fv2%2Fcomments&post=588507"}],"version-history":[{"count":0,"href":"https:\/\/www.diarioimagen.net\/index.php?rest_route=\/wp\/v2\/posts\/588507\/revisions"}],"wp:attachment":[{"href":"https:\/\/www.diarioimagen.net\/index.php?rest_route=%2Fwp%2Fv2%2Fmedia&parent=588507"}],"wp:term":[{"taxonomy":"category","embeddable":true,"href":"https:\/\/www.diarioimagen.net\/index.php?rest_route=%2Fwp%2Fv2%2Fcategories&post=588507"},{"taxonomy":"post_tag","embeddable":true,"href":"https:\/\/www.diarioimagen.net\/index.php?rest_route=%2Fwp%2Fv2%2Ftags&post=588507"}],"curies":[{"name":"wp","href":"https:\/\/api.w.org\/{rel}","templated":true}]}}