{"id":588509,"date":"2023-06-29T00:03:25","date_gmt":"2023-06-29T06:03:25","guid":{"rendered":"https:\/\/www.diarioimagen.net\/?p=588509"},"modified":"2023-06-29T00:28:08","modified_gmt":"2023-06-29T06:28:08","slug":"orden-del-jefe-de-informacion-ve-a-la-mananera","status":"publish","type":"post","link":"https:\/\/www.diarioimagen.net\/?p=588509","title":{"rendered":"Orden del jefe de informaci\u00f3n: ve a la ma\u00f1anera"},"content":{"rendered":"<h2>Espacio Electoral<\/h2>\n<h5>Eleazar Flores<\/h5>\n<p>&nbsp;<\/p>\n<p><strong>PREGUNTAS-.<\/strong> Con el riesgo de que Jes\u00fas Ram\u00edrez (el malo, pues el bueno es su tocayo campe\u00f3n mundial de fut con la sub 17) me vete, mi jefe me orden\u00f3 asistir a la MA\u00d1ANERA enlist\u00e1ndome las \u201cdos que tres\u201d preguntas para el presidente Andr\u00e9s Manuel L\u00f3pez Obrador\u2026sin falta, aclara.<\/p>\n<p>Pero el Presidente se la pasa hablando de pol\u00edtica, le replico al jefe y me advierte, \u201cpues ahora que te responda qu\u00e9 har\u00e1 para abatir la inseguridad en carreteras y en poblaciones; qu\u00e9 har\u00e1 para que, sin llegar como en Dinamarca, a los hospitales se les den los medicamentos m\u00e1s solicitados, el tiempo en el que \u201cbasificar\u00e1n\u201d a m\u00e9dicos con lustros de antig\u00fcedad y\u2026lo que se acumule.<\/p>\n<p>Debo aclarar a usted, que no tiene porqu\u00e9 saberlo, pero lo hago por si no logro cubrir la orden de mi jefe y me vendr\u00e1n algunos d\u00edas de \u201cdescanso obligatorio\u201d si no cumplo, pero \u201cser\u00e1 f\u00e1cil, simplemente observa lo que las y los REPORTEROS MA\u00d1ANEROS hacen todos los d\u00edas&#8230;\u201dsolo preguntan de pol\u00edtica\u201d, le aclaro al jefe, quien raudo y veloz replica: \u201cpues ah\u00ed llevas las preguntas\u201d y, de paso, pregunta si alguien va a TENER LOS CALZONES para reconvenir a la due\u00f1a de la Conade, Ana Gabriela Guevara, donde hace y deshace pero no paga\u2026 no obstante que las atletas ganan medallas de oro.<\/p>\n<p>Lo \u00fanico que le falt\u00f3 decirme \u201chazle como puedas pero no me falles amiguito\u201d, lo conozco bien.<\/p>\n<p>Empezar\u00e9 por lo \u00faltimo, pues la culpa de lo que se hace y deja de hacerse en la Conade no es de la ex velocista sonorense Guevara, sino de quien la puso y la tolera, como tambi\u00e9n de quien puso al frente de Notimex a Sanjuana Mart\u00ednez y luego de un a\u00f1o de huelga, tambi\u00e9n sigue teniendo el respaldo presidencial en forma ilimitada, por lo visto.<\/p>\n<p><strong>INSEGURIDAD-.<\/strong> La inseguridad es lo que m\u00e1s preocupa a toda la poblaci\u00f3n, pues altera el ritmo de vida de todos, por ejemplo de los transportistas, cuyas unidades llenas de productos de todo tipo sufren asaltos en carreteras donde, ni por equivocaci\u00f3n, se ve vigilancia policiaca, y en cuanto a la costa de Guerrero, se denuncian secuestros y desapariciones y ninguna autoridad responde.<\/p>\n<p>Ahora sale la PEREGRINA IDEA PRESIDENCIAL de denunciar a los delincuentes con sus pap\u00e1s y abuelos, si es que no liberan a los empleados de seguridad en Chiapas\u2026 h\u00e1game favor.<\/p>\n<p>Esto y m\u00e1s\u00a0 preguntan los REPORTEROS MA\u00d1ANEROS al Presidente, le insisto a mi jefe de informaci\u00f3n, quien sin quitar el dedo del rengl\u00f3n me insiste:<\/p>\n<p>Pues ve y solicita, respetuosamente, pero sin aceptar vueltas al asunto, respuestas lo m\u00e1s directas, para que entiendas -sopas- y tambi\u00e9n entiendan los lectores\u2026 de pol\u00edtica nada, \u00bfest\u00e1 claro?. Ir\u00e9.<\/p>\n<p><em><a href=\"mailto:elefa44@gmail.com\" target=\"_blank\" rel=\"noopener noreferrer\">elefa44@gmail.com<\/a><\/em><\/p>\n","protected":false},"excerpt":{"rendered":"<p><span style=\"color: #005497;\"><strong>Eleazar Flores<\/strong><\/span><\/p>\n","protected":false},"author":3,"featured_media":0,"comment_status":"open","ping_status":"open","sticky":false,"template":"","format":"standard","meta":{"_monsterinsights_skip_tracking":false,"_monsterinsights_sitenote_active":false,"_monsterinsights_sitenote_note":"","_monsterinsights_sitenote_category":0,"footnotes":""},"categories":[81743],"tags":[81744,81776,43674],"class_list":["post-588509","post","type-post","status-publish","format-standard","hentry","category-eleazar-flores","tag-eleazar-flores","tag-espacio-electoral","tag-opinion"],"_links":{"self":[{"href":"https:\/\/www.diarioimagen.net\/index.php?rest_route=\/wp\/v2\/posts\/588509","targetHints":{"allow":["GET"]}}],"collection":[{"href":"https:\/\/www.diarioimagen.net\/index.php?rest_route=\/wp\/v2\/posts"}],"about":[{"href":"https:\/\/www.diarioimagen.net\/index.php?rest_route=\/wp\/v2\/types\/post"}],"author":[{"embeddable":true,"href":"https:\/\/www.diarioimagen.net\/index.php?rest_route=\/wp\/v2\/users\/3"}],"replies":[{"embeddable":true,"href":"https:\/\/www.diarioimagen.net\/index.php?rest_route=%2Fwp%2Fv2%2Fcomments&post=588509"}],"version-history":[{"count":0,"href":"https:\/\/www.diarioimagen.net\/index.php?rest_route=\/wp\/v2\/posts\/588509\/revisions"}],"wp:attachment":[{"href":"https:\/\/www.diarioimagen.net\/index.php?rest_route=%2Fwp%2Fv2%2Fmedia&parent=588509"}],"wp:term":[{"taxonomy":"category","embeddable":true,"href":"https:\/\/www.diarioimagen.net\/index.php?rest_route=%2Fwp%2Fv2%2Fcategories&post=588509"},{"taxonomy":"post_tag","embeddable":true,"href":"https:\/\/www.diarioimagen.net\/index.php?rest_route=%2Fwp%2Fv2%2Ftags&post=588509"}],"curies":[{"name":"wp","href":"https:\/\/api.w.org\/{rel}","templated":true}]}}