{"id":588591,"date":"2023-06-30T00:04:39","date_gmt":"2023-06-30T06:04:39","guid":{"rendered":"https:\/\/www.diarioimagen.net\/?p=588591"},"modified":"2023-06-30T01:48:48","modified_gmt":"2023-06-30T07:48:48","slug":"participa-el-ieem-en-reunion-del-sistema-nacional-electoral","status":"publish","type":"post","link":"https:\/\/www.diarioimagen.net\/?p=588591","title":{"rendered":"Participa el IEEM en reuni\u00f3n del Sistema Nacional Electoral"},"content":{"rendered":"<p>&nbsp;<\/p>\n<p><a href=\"https:\/\/www.diarioimagen.net\/?attachment_id=588683\" rel=\"attachment wp-att-588683\"><img loading=\"lazy\" decoding=\"async\" class=\"aligncenter size-full wp-image-588683\" src=\"https:\/\/www.diarioimagen.net\/wp-content\/uploads\/2023\/06\/participa-ieem.jpg\" alt=\"\" width=\"460\" height=\"270\" \/><\/a><\/p>\n<p>&nbsp;<\/p>\n<p><strong>Toluca, Estado de M\u00e9xico.\u2014 <\/strong>La consejera presidenta del Instituto Electoral del Estado de M\u00e9xico (IEEM), Amalia Pulido G\u00f3mez, particip\u00f3 en la Reuni\u00f3n de Coordinaci\u00f3n del Sistema Nacional Electoral en el Instituto Nacional Electoral (INE), donde Consejer\u00edas, Vocal\u00edas Ejecutivas y Presidencias de Organismos P\u00fablicos Locales Electorales (OPLES) del pa\u00eds expusieron las experiencias de las pruebas piloto de Voto.<\/p>\n<p>Adicionalmente, analizaron los Calendarios de coordinaci\u00f3n, los Convenios, Anexos T\u00e9cnicos y Financieros, el Conteo R\u00e1pido, la Estrategia de Capacitaci\u00f3n Electoral, la paridad y las acciones afirmativas, entre otros.<\/p>\n","protected":false},"excerpt":{"rendered":"<p>La consejera presidenta del Instituto Electoral del Estado de M\u00e9xico (IEEM), Amalia Pulido G\u00f3mez, particip\u00f3 en la Reuni\u00f3n de Coordinaci\u00f3n del Sistema Nacional Electoral en el Instituto Nacional Electoral (INE), donde Consejer\u00edas, Vocal\u00edas Ejecutivas y Presidencias de Organismos P\u00fablicos Locales Electorales (OPLES) del pa\u00eds expusieron las experiencias de las pruebas piloto de Voto.<\/p>\n","protected":false},"author":3,"featured_media":588683,"comment_status":"open","ping_status":"open","sticky":false,"template":"","format":"standard","meta":{"_monsterinsights_skip_tracking":false,"_monsterinsights_sitenote_active":false,"_monsterinsights_sitenote_note":"","_monsterinsights_sitenote_category":0,"footnotes":""},"categories":[5],"tags":[694,98164],"class_list":["post-588591","post","type-post","status-publish","format-standard","has-post-thumbnail","hentry","category-estado-de-mexico","tag-ieem","tag-oples"],"_links":{"self":[{"href":"https:\/\/www.diarioimagen.net\/index.php?rest_route=\/wp\/v2\/posts\/588591","targetHints":{"allow":["GET"]}}],"collection":[{"href":"https:\/\/www.diarioimagen.net\/index.php?rest_route=\/wp\/v2\/posts"}],"about":[{"href":"https:\/\/www.diarioimagen.net\/index.php?rest_route=\/wp\/v2\/types\/post"}],"author":[{"embeddable":true,"href":"https:\/\/www.diarioimagen.net\/index.php?rest_route=\/wp\/v2\/users\/3"}],"replies":[{"embeddable":true,"href":"https:\/\/www.diarioimagen.net\/index.php?rest_route=%2Fwp%2Fv2%2Fcomments&post=588591"}],"version-history":[{"count":0,"href":"https:\/\/www.diarioimagen.net\/index.php?rest_route=\/wp\/v2\/posts\/588591\/revisions"}],"wp:featuredmedia":[{"embeddable":true,"href":"https:\/\/www.diarioimagen.net\/index.php?rest_route=\/wp\/v2\/media\/588683"}],"wp:attachment":[{"href":"https:\/\/www.diarioimagen.net\/index.php?rest_route=%2Fwp%2Fv2%2Fmedia&parent=588591"}],"wp:term":[{"taxonomy":"category","embeddable":true,"href":"https:\/\/www.diarioimagen.net\/index.php?rest_route=%2Fwp%2Fv2%2Fcategories&post=588591"},{"taxonomy":"post_tag","embeddable":true,"href":"https:\/\/www.diarioimagen.net\/index.php?rest_route=%2Fwp%2Fv2%2Ftags&post=588591"}],"curies":[{"name":"wp","href":"https:\/\/api.w.org\/{rel}","templated":true}]}}