{"id":588611,"date":"2023-06-30T00:01:15","date_gmt":"2023-06-30T06:01:15","guid":{"rendered":"https:\/\/www.diarioimagen.net\/?p=588611"},"modified":"2023-06-30T01:56:38","modified_gmt":"2023-06-30T07:56:38","slug":"45-pueblos-magicos-mas-incrementan-la-lista-y-por-lo-pronto-ya-son-177","status":"publish","type":"post","link":"https:\/\/www.diarioimagen.net\/?p=588611","title":{"rendered":"45 Pueblos M\u00e1gicos m\u00e1s incrementan la lista y, por lo pronto, ya son 177"},"content":{"rendered":"<h2>De cinco estrellas<\/h2>\n<h5>Victoria Gonz\u00e1lez Prado<\/h5>\n<p>&nbsp;<\/p>\n<ul>\n<li><strong><em>Cintya Mart\u00ednez Maldonado es la nueva <\/em>Country Manager<em> de la IATA en M\u00e9xico<\/em><\/strong><\/li>\n<li><strong><em>En noviembre, la 20\u00ba edici\u00f3n del Encuentro Nacional de Yoga en Canc\u00fan<\/em><\/strong><\/li>\n<\/ul>\n<p>&nbsp;<\/p>\n<div id=\"attachment_588685\" style=\"width: 480px\" class=\"wp-caption aligncenter\"><a href=\"https:\/\/www.diarioimagen.net\/?attachment_id=588685\" rel=\"attachment wp-att-588685\"><img loading=\"lazy\" decoding=\"async\" aria-describedby=\"caption-attachment-588685\" class=\"wp-image-588685\" src=\"https:\/\/www.diarioimagen.net\/wp-content\/uploads\/2023\/06\/turismo-estrellas-6.jpg\" alt=\"\" width=\"470\" height=\"188\" \/><\/a><p id=\"caption-attachment-588685\" class=\"wp-caption-text\">45 Pueblos M\u00e1gicos m\u00e1s para tener, por lo pronto, en el pa\u00eds 177.<\/p><\/div>\n<p>&nbsp;<\/p>\n<p>No hay duda que \u201cdel dicho al hecho, hay gran trecho\u201d, a principios de este gobierno <strong>Miguel Torruco Marqu\u00e9s<\/strong>, secretario de Turismo federal, asegur\u00f3 que revisar\u00eda la lista de Pueblos M\u00e1gicos pues hab\u00eda muchos que tendr\u00edan que desaparecer. Sin embargo, fue todo lo contrario en lugar de eliminar agreg\u00f3 10 m\u00e1s a la lista y hasta hace algunos d\u00edas eran 132. No conforme con ello ahora el secretario de Turismo agreg\u00f3 a la lista 45 m\u00e1s para contar hoy con 177 Pueblos M\u00e1gicos.<\/p>\n<p>Y bueno, el anuncio lo dio <strong>Torruco Marqu\u00e9s<\/strong>, acompa\u00f1ado del presidente de la Asociaci\u00f3n de Secretarios de Turismo (Asetur) y secretario de Turismo de Nayarit, <strong>Juan Enrique Su\u00e1rez del Real Tostado<\/strong>.<\/p>\n<p>Los nuevos Pueblos M\u00e1gicos son: en Aguascalientes, Pabell\u00f3n de Hidalgo; Baja California Sur, Santa Rosal\u00eda; Campeche, Candelaria; en Chiapas, Copainal\u00e1 y Ocozocoautla de Espinosa. En Chihuahua, Guachochi e Hidalgo del Parral; Coahuila, General Cepeda; Estado de M\u00e9xico, Jilotepec y Otumba; Guerrero, Ixcateopan de Cuauht\u00e9moc y Zihuatanejo; Hidalgo, Acaxochitl\u00e1n y Metztitl\u00e1n; Jalisco, Cocula, Sayula y Temacapul\u00edn. En Michoac\u00e1n, Cotija; en Morelos, Tlaltizap\u00e1n de Zapata y Xochitepec; Nayarit, Ahuacatl\u00e1n, Amatl\u00e1n de Ca\u00f1as, Ixtl\u00e1n del\u00a0R\u00edo, San Blas y Puerto Balleto (Islas Mar\u00edas).<\/p>\n<p>En Nuevo Le\u00f3n, General Ter\u00e1n y General Zaragoza; Puebla, Huejotzingo y Teziutl\u00e1n; Quer\u00e9taro, Pinal de Amoles; Quintana Roo, Cozumel; San Luis Potos\u00ed, Ciudad del Ma\u00edz y Tierra Nueva; Sinaloa, San Ignacio; Sonora, San Carlos y Ures; Tabasco, Frontera y Teapa; Tlaxcala, Ixtenco; Veracruz, C\u00f3rdoba y Naolinco de Victoria; Yucat\u00e1n, Espita, Motul y Tekax; en Zacatecas, Villa Nueva.<\/p>\n<p>El titular de la Sectur refiri\u00f3 que el caso de San Blas y Puerto Balleto, en Nayarit, fueron remodelados por instrucci\u00f3n presidencial, y ahora cuentan con renovados muelles y un moderno transbordador para transportar pasajeros hacia la antigua prisi\u00f3n, ahora convertida en el Centro de Educaci\u00f3n Ambiental, Tur\u00edstico y Cultural \u201cMuros de Agua-<strong>Jos\u00e9 Revueltas<\/strong>\u201d.<\/p>\n<p>Aclar\u00f3 que en el caso de Temacapul\u00edn, en el municipio de Ca\u00f1adas de Obreg\u00f3n, Jalisco, recibe el nombramiento por instrucci\u00f3n presidencial, como parte del Plan de Desarrollo Integral de esta localidad, as\u00ed como de Acasico y Palmarejo, en respuesta a las demandas de sus pobladores. La marca Pueblo M\u00e1gico, dar\u00e1 mayor impulso a la regi\u00f3n y reconocimiento a sus comunidades.<\/p>\n<p><strong>Torruco Marqu\u00e9s<\/strong> asegur\u00f3 que la marca \u201cPueblos M\u00e1gicos\u201d, implica 8 por ciento de incremento anual del Valor Agregado Censal Bruto del destino acreedor del nombramiento. Aunado a ello, la Sectur seguir\u00e1 impulsando estos destinos, a trav\u00e9s de la iniciativa \u201cRutas M\u00e1gicas de Color\u201d, para mejorar su imagen urbana con la pinta de fachadas de viviendas y murales art\u00edsticos en espacios p\u00fablicos.<\/p>\n<p>Adem\u00e1s, dijo que se redoblar\u00e1n esfuerzos para promover su patrimonio tur\u00edstico a trav\u00e9s del Tianguis Internacional de Pueblos M\u00e1gicos, cuya segunda edici\u00f3n, del 21 al 24 de septiembre, ser\u00e1 en Los \u00c1ngeles, California; y el Tianguis de Pueblos M\u00e1gicos, que celebrar\u00e1 su 5\u00aa edici\u00f3n del 22 al 25 de noviembre, en Pachuca, Hidalgo junto con el tradicional Tianguis Tur\u00edstico M\u00e9xico, que realizar\u00e1 la 48 edici\u00f3n en su sede permanente bienal: Acapulco, Guerrero, del 11 al 15 de marzo del 2024.<\/p>\n<p>En su oportunidad, <strong>Juan Enrique Su\u00e1rez del Real Tostado<\/strong> reconoci\u00f3 la importancia del programa Pueblos M\u00e1gicos como motor para impulsar la diversificaci\u00f3n, y de esta manera M\u00e9xico siga sonando en el \u00e1mbito internacional, no s\u00f3lo en los destinos de siempre, si no con nuevos destinos para invitar al turista nacional e internacional a vivir las experiencias de lo que significa M\u00e9xico.<\/p>\n<p>\u2730\u2730\u2730\u2730\u2730<strong> Peter Cerd\u00e1<\/strong>, vicepresidente Regional para las Am\u00e9ricas de la Asociaci\u00f3n de Transporte A\u00e9reo Internacional (IATA, por sus siglas en ingl\u00e9s) present\u00f3 a <strong>Cintya Mart\u00ednez Maldonado<\/strong> como nueva <em>Country Manager<\/em> del organismo para M\u00e9xico.<\/p>\n<p>\u201cQuiero aprovechar el espacio para presentarles a <strong>Cintya Mart\u00ednez<\/strong>, quien ocupar\u00e1 el cargo a partir del 5 de julio pr\u00f3ximo, pero para que la conozcan; ella liderar\u00e1 el equipo de IATA basado en la Ciudad de M\u00e9xico, cuya funci\u00f3n es representar, liderar y servir a la industria a\u00e9rea\u201d, dijo <strong>Cerd\u00e1<\/strong>.<\/p>\n<p>\u201cEstamos muy contentos que <strong>Cintya<\/strong> forme parte del equipo y sin duda aportar\u00e1 nuevas perspectivas sobre c\u00f3mo impulsar la agenda de la aviaci\u00f3n en uno de los mercados clave de la aviaci\u00f3n en Am\u00e9rica Latina\u201d, agreg\u00f3.<\/p>\n<p>\u201cSu experiencia en asuntos regulatorios y gubernamentales ser\u00e1 esencial para garantizar que la voz de la industria sea escuchada y respetada, especialmente con la actual fase de consolidaci\u00f3n del Sistema Metropolitano de Aeropuertos de la Ciudad de M\u00e9xico y en relaci\u00f3n con el aumento de la competitividad del mercado mexicano\u00bb, dijo al acompa\u00f1arlo en la conferencia de prensa.<\/p>\n<p><strong>Cintya<\/strong> no quiso dar entrevistas, sino hasta que oficialmente entre en funciones, lo cual ser\u00e1 en una semana; sin embargo dijo estar en la mejor disponibilidad para la comunicaci\u00f3n con la prensa y con los actores de la industria tur\u00edstica y de aeron\u00e1utica.<\/p>\n<p>Cabe se\u00f1alar que <strong>Cintya Mart\u00ednez<\/strong> es licenciada en Derecho por la Universidad Iberoamericana Ciudad de M\u00e9xico. Cuenta con diplomados en Derecho de la Propiedad Intelectual y Derecho Corporativo por la Universidad Panamericana. En sus m\u00e1s de 20 a\u00f1os de carrera ha ocupado diversos cargos en despachos jur\u00eddicos y ha trabajado en asuntos gubernamentales y regulatorios.<\/p>\n<p>Se une a la IATA procedente de <em>American Express<\/em>, donde ocup\u00f3 el cargo de <em>Director Senior<\/em> de Asuntos Gubernamentales Regionales (Am\u00e9rica Latina), desarrollando y ejecutando una estrategia eficaz de relaciones gubernamentales para Am\u00e9rica Latina y el Caribe.<\/p>\n<p>\u2730\u2730\u2730\u2730\u2730 La 20\u00ba edici\u00f3n del Encuentro Nacional de Yoga, por primera vez se llevar\u00e1 a cabo en Canc\u00fan y cuenta con el apoyo del Consejo de Promoci\u00f3n Tur\u00edstica de Quintana Roo (CPTQ), el Instituto Mexicano de Yoga (IMY), Canc\u00fan y SABINO Producciones que dieron a conocer los detalles.<\/p>\n<p><strong>Javier Aranda<\/strong>, director del CPTQ, dijo que este Encuentro Nacional se llevar\u00e1 a cabo los d\u00edas 10, 11 y 12 de noviembre como parte de la alianza tur\u00edstica y cultural entre este maravilloso estado y el Instituto Mexicano de Yoga.<\/p>\n<p>Los organizadores explicaron que se realizar\u00e1n actividades especiales previas en la Ciudad de M\u00e9xico y tendr\u00e1 actividades abiertas al p\u00fablico en general sin costo alguno y eventos especializados con registro. Habr\u00e1 <em>masterclasses<\/em> con el mejor talento nacional e internacional, conciertos hol\u00edsticos, meditaciones, expo feria y otras actividades.<\/p>\n<p>\u201cEn Canc\u00fan nos sentimos muy complacidos por ser la sede de la vig\u00e9sima edici\u00f3n del Encuentro Nacional de la Yoga, los escenarios naturales, la extraordinaria infraestructura hotelera y tur\u00edstica y sobre todo la hospitalidad de nuestra gente, ser\u00e1 la perfecta combinaci\u00f3n para el \u00e9xito\u201d se\u00f1al\u00f3 <strong>Jes\u00fas Almaguer Salazar<\/strong>, presidente de la Asociaci\u00f3n de Hoteles de Canc\u00fan, Puerto Morelos e Isla Mujeres.<\/p>\n<p>La comunidad yogui y el p\u00fablico en general podr\u00e1n convivir y ser parte del Encuentro de Yoga en CDMX <em>by Bebbia<\/em>, los d\u00edas 7 y 8 de octubre en el Hilton Reforma de la Ciudad de M\u00e9xico, para practicar en compa\u00f1\u00eda de maestros nacionales e internacionales de la talla de <strong>Brigitte Longueville<\/strong>, <strong>Tenzin Wangyal Rimpoche<\/strong>, <strong>Rod Stryker<\/strong> y <strong>Ana Paula Dom\u00ednguez<\/strong>, entre otros.<\/p>\n<p><strong>Javier Aranda <\/strong>explic\u00f3 que el encuentro de turismo de bienestar; promocionar\u00e1 el destino a nivel mundial y generar\u00e1 ocupaci\u00f3n hotelera y derrama econ\u00f3mica.<\/p>\n<p><strong>Ana Paula Dom\u00ednguez<\/strong>, fundadora del Instituto Mexicano de Yoga se\u00f1al\u00f3 que \u201ces premisa formar seres humanos integrales mediante la pr\u00e1ctica de este tipo de disciplinas\u201d.<\/p>\n<p>&nbsp;<\/p>\n<blockquote>\n<p style=\"text-align: right;\">\u201c<strong>El<\/strong> <strong>\u00e1ngel de la fama tiene sus alas hechas de papel&#8230; peri\u00f3dico\u201d.<br \/>\n<\/strong><\/p>\n<\/blockquote>\n<p>&nbsp;<\/p>\n<p><em><span class=\"Apple-converted-space\"><a href=\"mailto:victoriagprado@gmail.com\" target=\"_blank\" rel=\"noopener noreferrer\">victoriagprado@gmail.com<\/a><br \/>\nTwitter: <a href=\"https:\/\/twitter.com\/victoriagprado\" target=\"_blank\" rel=\"noopener noreferrer\">@victoriagprado<\/a><\/span><\/em><\/p>\n","protected":false},"excerpt":{"rendered":"<p>No hay duda que \u201cdel dicho al hecho, hay gran trecho\u201d, a principios de este gobierno Miguel Torruco Marqu\u00e9s, secretario de Turismo federal, asegur\u00f3 que revisar\u00eda la lista de Pueblos M\u00e1gicos pues hab\u00eda muchos que tendr\u00edan que desaparecer. Sin embargo, fue todo lo contrario en lugar de eliminar agreg\u00f3 10 m\u00e1s a la lista y hasta hace algunos d\u00edas eran 132. No conforme con ello ahora el secretario de Turismo agreg\u00f3 a la lista 45 m\u00e1s para contar hoy con 177 Pueblos M\u00e1gicos.<\/p>\n","protected":false},"author":3,"featured_media":588686,"comment_status":"open","ping_status":"open","sticky":false,"template":"","format":"standard","meta":{"_monsterinsights_skip_tracking":false,"_monsterinsights_sitenote_active":false,"_monsterinsights_sitenote_note":"","_monsterinsights_sitenote_category":0,"footnotes":""},"categories":[11],"tags":[107,43674,43681,106],"class_list":["post-588611","post","type-post","status-publish","format-standard","has-post-thumbnail","hentry","category-turismo","tag-de-cinco-estrellas","tag-opinion","tag-turismo","tag-victoria-gonzalez-prado"],"_links":{"self":[{"href":"https:\/\/www.diarioimagen.net\/index.php?rest_route=\/wp\/v2\/posts\/588611","targetHints":{"allow":["GET"]}}],"collection":[{"href":"https:\/\/www.diarioimagen.net\/index.php?rest_route=\/wp\/v2\/posts"}],"about":[{"href":"https:\/\/www.diarioimagen.net\/index.php?rest_route=\/wp\/v2\/types\/post"}],"author":[{"embeddable":true,"href":"https:\/\/www.diarioimagen.net\/index.php?rest_route=\/wp\/v2\/users\/3"}],"replies":[{"embeddable":true,"href":"https:\/\/www.diarioimagen.net\/index.php?rest_route=%2Fwp%2Fv2%2Fcomments&post=588611"}],"version-history":[{"count":0,"href":"https:\/\/www.diarioimagen.net\/index.php?rest_route=\/wp\/v2\/posts\/588611\/revisions"}],"wp:featuredmedia":[{"embeddable":true,"href":"https:\/\/www.diarioimagen.net\/index.php?rest_route=\/wp\/v2\/media\/588686"}],"wp:attachment":[{"href":"https:\/\/www.diarioimagen.net\/index.php?rest_route=%2Fwp%2Fv2%2Fmedia&parent=588611"}],"wp:term":[{"taxonomy":"category","embeddable":true,"href":"https:\/\/www.diarioimagen.net\/index.php?rest_route=%2Fwp%2Fv2%2Fcategories&post=588611"},{"taxonomy":"post_tag","embeddable":true,"href":"https:\/\/www.diarioimagen.net\/index.php?rest_route=%2Fwp%2Fv2%2Ftags&post=588611"}],"curies":[{"name":"wp","href":"https:\/\/api.w.org\/{rel}","templated":true}]}}