{"id":588623,"date":"2023-06-30T00:02:48","date_gmt":"2023-06-30T06:02:48","guid":{"rendered":"https:\/\/www.diarioimagen.net\/?p=588623"},"modified":"2023-06-30T00:48:03","modified_gmt":"2023-06-30T06:48:03","slug":"corcholatas-actuan-para-quedar-bien-con-quien-decidira-candidatura-de-morena-alito","status":"publish","type":"post","link":"https:\/\/www.diarioimagen.net\/?p=588623","title":{"rendered":"\u201cCorcholatas\u201d act\u00faan para quedar bien con quien decidir\u00e1 candidatura de Morena: <em>Alito<\/em>"},"content":{"rendered":"<h2>La Retaguardia<\/h2>\n<h5>Adriana Moreno Cordero<\/h5>\n<p>&nbsp;<\/p>\n<ul>\n<li><strong><em>\u00bfCu\u00e1les encuestas apoyan a Claudia Ruiz Massieu?<\/em><\/strong><\/li>\n<\/ul>\n<p>&nbsp;<\/p>\n<p>Finalmente, y luego de algunos ajustes, los dirigentes nacionales del PAN, <strong>Marko Cort\u00e9s Mendoza<\/strong>; del PRI, <strong>Alejandro Moreno C\u00e1rdenas<\/strong>; y del PRD, <strong>Jes\u00fas Zambrano Grijalva<\/strong>, presentaron a los integrantes de su Comit\u00e9 Organizador del Frente Amplio por M\u00e9xico, as\u00ed como un Observatorio que se encargar\u00e1n de todo el proceso interno para definir la candidatura presidencial de la oposici\u00f3n.<\/p>\n<p>Los integrantes del comit\u00e9 organizador, que estuvieron ah\u00ed presentes y tendr\u00e1n una enorme y trascendental encomienda, son los ex consejeros del INE en diferentes etapas, <strong>Marco Antonio Ba\u00f1os<\/strong>, <strong>Arturo S\u00e1nchez Guti\u00e9rrez<\/strong>, <strong>Alejandra Latap\u00ed<\/strong>, <strong>Rodrigo Morales<\/strong> y <strong>Mar\u00eda Teresa Gonz\u00e1lez Luna<\/strong>. <strong>Juan Manuel Herrero<\/strong>, ex director del Registro Nacional de Electores y <strong>Patricia McCarthy Caballero<\/strong>, ex consejera electoral del Instituto Federal Electoral de Yucat\u00e1n.<\/p>\n<p>Es muy importante destacar que ning\u00fan miembro del comit\u00e9 organizador percibir\u00e1n ning\u00fan salario ni compensaci\u00f3n econ\u00f3mica, a diferencia de Morena, donde nadie sabe ni nadie supo, de d\u00f3nde salen los recursos para financiar toda la estructura que se ve en los eventos de \u201ccorcholatas\u201d y \u201ccorcholatos\u201d.<\/p>\n<p>Ahora bien, si por algo se caracteriz\u00f3 la semana que concluye es porque en el Frente Amplio por M\u00e9xico se dieron las primeras definiciones de qui\u00e9nes se suben y se bajan de esta carrera de la que surgir\u00e1 el o la candidata que enfrentar\u00e1 al abanderado o abanderada de Morena que tras de s\u00ed tiene todo el aparato del Estado a su servicio.<\/p>\n<p>El dirigente del PRI, <strong>Alejandro Moreno,<\/strong> rechaz\u00f3 que las bajas que se han dado sean golpes significativos o \u201cfuego amigo\u201d y asever\u00f3 que el proceso de la oposici\u00f3n va \u201cfuerte y muy bien\u201d. \u201cEs un m\u00e9todo donde hay que tener presencia nacional fortaleza y se construir\u00e1 un padr\u00f3n con el respaldo de los ciudadanos, habr\u00e1 foros y contrastes de ideas y participaci\u00f3n ciudadana, tiene un comit\u00e9 organizador ciudadano\u201d, se\u00f1al\u00f3 el dirigente tricolor.<\/p>\n<p>Bueno, y respecto a las campa\u00f1as de \u201ccorcholatas\u201d y \u201ccorcholatos\u201d, el ex gobernador de Campeche opin\u00f3 que \u201clos morenistas son un desastre y dan risa, ah\u00ed es una farsa\u201d, violan la ley todos los\u00a0 d\u00edas y s\u00f3lo est\u00e1n actuando para quedar bien con quien finalmente va a decidir (al candidato presidencial de Morena)\u201d.<\/p>\n<p>Ser\u00e1 la pr\u00f3xima semana cuando quienes tienen la aspiraci\u00f3n deber\u00e1n cumplir con los requisitos para el registro y \u201cdespu\u00e9s vendr\u00e1n los contrastes y los foros\u201d. Asimismo, destac\u00f3 que el proceso de la oposici\u00f3n est\u00e1 abierto a ciudadanas y ciudadanos, por lo que estamos hablando de un proceso abierto.<\/p>\n<p>Y retomando sobre quienes se bajan y se suben en el proceso de la oposici\u00f3n, ah\u00ed est\u00e1 el gobernador de Yucat\u00e1n, <strong>Mauricio Vila,<\/strong> y el ex dirigente del PAN y ex morenista <strong>Germ\u00e1n Mart\u00ednez C\u00e1zares<\/strong>. Otra que se baj\u00f3, fue la senadora Lilly T\u00e9llez, quien despu\u00e9s de haber dicho que ser\u00eda la pr\u00f3xima presidenta, de plano dijo que no porque no hab\u00eda las condiciones, pero en el fondo \u2014seg\u00fan se sabe\u2014 hay mucho m\u00e1s. La sigui\u00f3 en esa negativa, la senadora priista <strong>Claudia Ruiz Masseiu,<\/strong> argumentando que el procedimiento que inici\u00f3 la oposici\u00f3n puede caer en una simulaci\u00f3n y con ello, violar la ley.<\/p>\n<p>Por las \u201cex benditas redes\u201d, la legisladora dijo de manera textual: \u201cHoy tomo una decisi\u00f3n meditada, con profunda responsabilidad y congruencia. He decidido\u00a0no participar en el proceso que impulsa el Frente Amplio por M\u00e9xico<strong>.\u00a0<\/strong>Entre logar lo posible o\u00a0hacer lo correcto, me decido por lo segundo.<\/p>\n<p>La similitud entre Lilly T\u00e9llez y Ruiz Massieu es que ambas dicen que optan por hacer lo correcto, pero lo cierto es que entre la panista y la priista, es la primera la que ten\u00eda m\u00e1s posibilidades. Muy probablemente, la ex secretaria de Relaciones Exteriores midi\u00f3 y se percat\u00f3 de que las ten\u00eda todas perdidas y por eso, no tuvo empacho alguno en se\u00f1alar que las encuestas (qui\u00e9n sabe cu\u00e1les, a lo mejor las que ella pag\u00f3) la favorecen, pero, aun con eso, prefiri\u00f3 retirarse por \u201cdiferencias \u00e9ticas\u201d en lo que fue la definici\u00f3n del m\u00e9todo<\/p>\n<p>No hay que soslayar que proviene de un reducido grupo en el Senado de la Rep\u00fablica que comand\u00f3 ni m\u00e1s ni menos que el senador <strong>Miguel Angel Osorio Chong<\/strong>, y junto con otros legisladores, como <strong>Eruviel \u00c1vila<\/strong> y <strong>Nuvia Mayorga<\/strong>, hicieron todo por tirar a la actual dirigencia del PRI que encabeza <strong>Alejandro Moreno C\u00e1rdenas<\/strong> y al no conseguirlo, la senadora Ruiz Massieu, vaga como una sombra por la C\u00e1mara alta.<\/p>\n<p style=\"text-align: center;\"><strong>Municiones<\/strong><\/p>\n<p>*** En su gustad\u00edsimo \u201cstand-up\u201d ma\u00f1anero, L\u00f3pez Obrador se dio a la tarea de exculpar por en\u00e9sima vez al flamante ex director de Segalmex y muy querido compadre suyo por haber sido su primer jefe pol\u00edtico, Ignacio Ovalle, quien tambi\u00e9n por en\u00e9sima ocasi\u00f3n, result\u00f3 ser una \u201cblanca paloma\u201d, porque llam\u00f3 a participar en su equipo a corruptos que lo enga\u00f1aron. El esc\u00e1ndalo detonado en Segalmex, ya se conoce como \u201cla estafa maestra\u201d de esta errada y llamada Cuarta Transformaci\u00f3n y en pol\u00edtica, a los ingenuos se les dice de otra manera.<\/p>\n<p>*** No, el gobernador de Michoac\u00e1n, <strong>Alfredo Bedolla<\/strong>, no acudi\u00f3 a Palacio Nacional para que su jefe, el presidente, le jalara las orejas y lo rega\u00f1ara por el hecho tan violento como impactante en el que el ex l\u00edder de las autodefensas en Michoac\u00e1n, Hip\u00f3lito Mora perdi\u00f3 la vida junto con cuatro de sus escoltas. Bedolla estuvo en Palacio Nacional para ver c\u00f3mo lo va a defender el tabasque\u00f1o, por la pasividad que ha tenido el gobernador michoacano ante la violencia que tiene colapsada a la entidad michoacana. Sobre este sangriento hecho, el gobierno del estado emiti\u00f3 un comunicado con pura palabrer\u00eda como por ejemplo, que: \u201cno habr\u00e1 impunidad para quienes arrebatan la vida\u201d y que se llegar\u00e1 al fondo del asunto para hacer justicia, pura demagogia. <strong>Guadalupe Mora<\/strong>, hermano de Hip\u00f3lito, denunci\u00f3 que lo dejaron solo, tanto en este ataque, como en los dos anteriores e incluso, rechaz\u00f3 el p\u00e9same al secretario de Seguridad P\u00fablica de Michoac\u00e1n, <strong>Jos\u00e9 Alfredo Ortega Reyes<\/strong>. \u201cEl pueblo anda muy enojado\u201d, dijo Lupe Mora, porque las autoridades tardaron media hora en llegar para ver la camioneta incendiada de Hip\u00f3lito Mora y cuando han pedido ayuda a las autoridades, ni caso les hacen. Hoy en Morelia, <strong>David Cevallos<\/strong>, amigo de Hip\u00f3lito ofrecer\u00e1 una conferencia de prensa, quien se\u00f1al\u00f3 que \u201cel jefe Hip\u00f3lito\u201d ten\u00eda la intenci\u00f3n de buscar una diputaci\u00f3n local en el 2024, para lo cual, sostuvo pl\u00e1ticas con todos los partidos. Se sabe que habr\u00e1 un mensaje post mortem de parte de Hip\u00f3lito Mora.<\/p>\n<p><u><a href=\"mailto:morcora@gmail.com\" target=\"_blank\" rel=\"noopener noreferrer\"><em>morcora@gmail.com<\/em><\/a><\/u><\/p>\n","protected":false},"excerpt":{"rendered":"<p><span style=\"color: #005497;\"><strong>Adriana Moreno Cordero<\/strong><\/span><\/p>\n","protected":false},"author":3,"featured_media":0,"comment_status":"open","ping_status":"open","sticky":false,"template":"","format":"standard","meta":{"_monsterinsights_skip_tracking":false,"_monsterinsights_sitenote_active":false,"_monsterinsights_sitenote_note":"","_monsterinsights_sitenote_category":0,"footnotes":""},"categories":[69370],"tags":[69369,69368,43674],"class_list":["post-588623","post","type-post","status-publish","format-standard","hentry","category-adriana-moreno-cordero","tag-adriana-moreno-cordero","tag-la-retaguardia","tag-opinion"],"_links":{"self":[{"href":"https:\/\/www.diarioimagen.net\/index.php?rest_route=\/wp\/v2\/posts\/588623","targetHints":{"allow":["GET"]}}],"collection":[{"href":"https:\/\/www.diarioimagen.net\/index.php?rest_route=\/wp\/v2\/posts"}],"about":[{"href":"https:\/\/www.diarioimagen.net\/index.php?rest_route=\/wp\/v2\/types\/post"}],"author":[{"embeddable":true,"href":"https:\/\/www.diarioimagen.net\/index.php?rest_route=\/wp\/v2\/users\/3"}],"replies":[{"embeddable":true,"href":"https:\/\/www.diarioimagen.net\/index.php?rest_route=%2Fwp%2Fv2%2Fcomments&post=588623"}],"version-history":[{"count":0,"href":"https:\/\/www.diarioimagen.net\/index.php?rest_route=\/wp\/v2\/posts\/588623\/revisions"}],"wp:attachment":[{"href":"https:\/\/www.diarioimagen.net\/index.php?rest_route=%2Fwp%2Fv2%2Fmedia&parent=588623"}],"wp:term":[{"taxonomy":"category","embeddable":true,"href":"https:\/\/www.diarioimagen.net\/index.php?rest_route=%2Fwp%2Fv2%2Fcategories&post=588623"},{"taxonomy":"post_tag","embeddable":true,"href":"https:\/\/www.diarioimagen.net\/index.php?rest_route=%2Fwp%2Fv2%2Ftags&post=588623"}],"curies":[{"name":"wp","href":"https:\/\/api.w.org\/{rel}","templated":true}]}}