{"id":588628,"date":"2023-06-30T00:04:06","date_gmt":"2023-06-30T06:04:06","guid":{"rendered":"https:\/\/www.diarioimagen.net\/?p=588628"},"modified":"2023-06-30T00:51:08","modified_gmt":"2023-06-30T06:51:08","slug":"confunden-al-pueblo-con-el-lider","status":"publish","type":"post","link":"https:\/\/www.diarioimagen.net\/?p=588628","title":{"rendered":"Confunden al pueblo con el l\u00edder"},"content":{"rendered":"<h2>Desde el portal<\/h2>\n<h5>\u00c1ngel Soriano<\/h5>\n<p>&nbsp;<\/p>\n<p>En una competencia desproporcionada por quedar bien con el Presidente, los aspirantes a coordinadores de la defensa de la IV-T, llegan hasta la ignominia de ofrecer cargos a sus hijos \u201cporque son muy inteligentes\u201d, cuando en el pa\u00eds hay millones de talentos en las universidades e institutos de educaci\u00f3n superior que merecen oportunidades de acceder al servicio p\u00fablico.<\/p>\n<p>Y no s\u00f3lo desean quedar bien con el que decidir\u00e1 qui\u00e9n ser\u00e1 su sucesor, sino que en plena \u00e9poca de austeridad y de miseria de una gran mayor\u00eda de mexicanos, se han atrevido a pedir donaciones para financiar sus campa\u00f1as, cuando en actos p\u00fablicos oficiales han exhibido \u2014y exhiben al fragor de la campa\u00f1a\u2014 costosos relojes como los robados en la Plaza Antara.<\/p>\n<p>Y no s\u00f3lo eso, sino que ahora otro aspirante ofrece al presidente L\u00f3pez Obrador pensi\u00f3n \u00edntegra\u00a0 -cuando el mismo tabasque\u00f1o las elimin\u00f3 por ofensivas al pueblo- y una senadur\u00eda vitalicia, que no existe, en el colmo de la abyecci\u00f3n, pues el mismo Jefe del Ejecutivo federal ha dicho que ser\u00e1 el pueblo el que decida qui\u00e9n ser\u00e1 el continuador de la IV-T.<\/p>\n<p>Lamentable espect\u00e1culo de los aspirantes a la Presidencia de la Rep\u00fablica que denota su falta de imaginaci\u00f3n y capacidad para conducir a la Naci\u00f3n, carentes de imaginaci\u00f3n pero s\u00ed mucho ambici\u00f3n para continuar medrando en los puestos p\u00fablicos. Exhibidos en p\u00fablico y en privado, es seguro que no pasen la prueba e igual como ocurre en la oposici\u00f3n, se bajen de la contienda.<\/p>\n<p style=\"text-align: center;\"><strong>TURBULENCIAS<br \/>\nLilly T\u00e9llez no tiene la fuerza que dice<\/strong><\/p>\n<p>El dirigente del PRD, Jes\u00fas Zambrano, indic\u00f3 que al bajarse de la contienda la senadora Lilly T\u00e9llez demuestra que no tiene ni la capacidad ni el arrastre suficiente para reunir 150 mil firmas para competir por la candidatura presidencial de la coalici\u00f3n PRI-PAN-PRD y otros deber\u00e1n hacer lo mismo pues no cuentan con las simpat\u00edas suficientes; de los trece que quedan, seguramente ir\u00e1n declinando otros u otras, como la misma senadora priista Claudia Ruiz Massieu, que bien podr\u00eda contender por la alcald\u00eda de Acapulco o Chilpancingo\u2026 Ser\u00e1, ha dicho el presidente Andr\u00e9s Manuel L\u00f3pez Obrador, Claudio X. Gonz\u00e1lez el que, a trav\u00e9s de su hijo -a quien le hered\u00f3 los cargos como si fuera una monarqu\u00eda-, con el visto bueno del ex presidente Carlos Salinas, decida qui\u00e9n ser\u00e1 el candidato opositor. Ya est\u00e1 decidido, dijo, por eso algunos est\u00e1n abandonando la contienda y otros esperan su recompensa por figurar como comparsas, pero ya se decidi\u00f3 y lo dar\u00e1 a conocer el lunes pr\u00f3ximo, luego de la celebraci\u00f3n del V aniversario del triunfo de la IV-Transformaci\u00f3n\u2026 Con molestia reaccion\u00f3 la ex jefa de Gobierno de la CDMX, Claudia Sheinbaum Pardo, el cuestionamiento sobre su origen jud\u00edo como se ha dicho e indic\u00f3, con acta de nacimiento en la mano, que es mexicana con todos los derechos ciudadanos y pol\u00edticos y pidi\u00f3 dejen de molestar al respecto\u2026 Y aunque no est\u00e1 obligado a rendir cuentas pues se trata de recursos propios, el ex titular de la Segob, Ad\u00e1n Augusto L\u00f3pez Hern\u00e1ndez, se\u00f1ala que ha gastado cerca de 300 mil pesos, toda vez que se echa un taco a orilla de la carretera o en fondas pueblerinas y viaja de avent\u00f3n. El ex canciller Marcelo Ebrard no le cree y pide que haya transparencia en el manejo de los recursos que les ha asignado el partido y que ascienden a 5 millones de pesos\u2026 El Senado de la Rep\u00fablica reconoci\u00f3 en la senadora X\u00f3chitl G\u00e1lvez su postura de defensa de los programas sociales y que su trayectoria demuestra que nunca ha estado en contra de los mismos.<\/p>\n<p><u><a href=\"mailto:asorianocarrasco@yahoo.com\" target=\"_blank\" rel=\"noopener noreferrer\"><em>asorianocarrasco@yahoo.com<\/em><\/a><br \/>\n<em><a href=\"https:\/\/revistabrecha.com\" target=\"_blank\" rel=\"noopener noreferrer\">www.revistabrecha.com<\/a><br \/>\n<\/em><\/u><em>facebook oficial <a href=\"https:\/\/es-la.facebook.com\/RevistaBrecha.Oficial\" target=\"_blank\" rel=\"noopener\">@BrechaRevista<\/a><\/em><\/p>\n","protected":false},"excerpt":{"rendered":"<p><span style=\"color: #005497;\"><strong>\u00c1ngel Soriano<\/strong><\/span><\/p>\n","protected":false},"author":3,"featured_media":0,"comment_status":"open","ping_status":"open","sticky":false,"template":"","format":"standard","meta":{"_monsterinsights_skip_tracking":false,"_monsterinsights_sitenote_active":false,"_monsterinsights_sitenote_note":"","_monsterinsights_sitenote_category":0,"footnotes":""},"categories":[135],"tags":[85,86,43674],"class_list":["post-588628","post","type-post","status-publish","format-standard","hentry","category-angel-soriano-opinion","tag-angel-soriano","tag-desde-el-portal","tag-opinion"],"_links":{"self":[{"href":"https:\/\/www.diarioimagen.net\/index.php?rest_route=\/wp\/v2\/posts\/588628","targetHints":{"allow":["GET"]}}],"collection":[{"href":"https:\/\/www.diarioimagen.net\/index.php?rest_route=\/wp\/v2\/posts"}],"about":[{"href":"https:\/\/www.diarioimagen.net\/index.php?rest_route=\/wp\/v2\/types\/post"}],"author":[{"embeddable":true,"href":"https:\/\/www.diarioimagen.net\/index.php?rest_route=\/wp\/v2\/users\/3"}],"replies":[{"embeddable":true,"href":"https:\/\/www.diarioimagen.net\/index.php?rest_route=%2Fwp%2Fv2%2Fcomments&post=588628"}],"version-history":[{"count":0,"href":"https:\/\/www.diarioimagen.net\/index.php?rest_route=\/wp\/v2\/posts\/588628\/revisions"}],"wp:attachment":[{"href":"https:\/\/www.diarioimagen.net\/index.php?rest_route=%2Fwp%2Fv2%2Fmedia&parent=588628"}],"wp:term":[{"taxonomy":"category","embeddable":true,"href":"https:\/\/www.diarioimagen.net\/index.php?rest_route=%2Fwp%2Fv2%2Fcategories&post=588628"},{"taxonomy":"post_tag","embeddable":true,"href":"https:\/\/www.diarioimagen.net\/index.php?rest_route=%2Fwp%2Fv2%2Ftags&post=588628"}],"curies":[{"name":"wp","href":"https:\/\/api.w.org\/{rel}","templated":true}]}}