{"id":588630,"date":"2023-06-30T00:05:12","date_gmt":"2023-06-30T06:05:12","guid":{"rendered":"https:\/\/www.diarioimagen.net\/?p=588630"},"modified":"2023-06-30T00:52:55","modified_gmt":"2023-06-30T06:52:55","slug":"el-cuerno-de-la-abundancia","status":"publish","type":"post","link":"https:\/\/www.diarioimagen.net\/?p=588630","title":{"rendered":"El cuerno de la abundancia"},"content":{"rendered":"<h2>Perfil de M\u00e9xico<\/h2>\n<h5>Armando R\u00edos Ruiz<\/h5>\n<p>&nbsp;<\/p>\n<p>Desde hace muchos a\u00f1os, se ha sostenido que M\u00e9xico es un supuesto cuerno de la abundancia, porque est\u00e1 dotado de riquezas en el subsuelo y en otros rubros, como la pesca, la ganader\u00eda, la miner\u00eda, la agricultura etc. Inclusive, existen dibujos de un cuerno que derrama sus riquezas en sus colindancias con Estados Unidos, para expresar que es el lugar en donde se depositan.<\/p>\n<p>Hace mucho le\u00ed un cuento que hablaba de la generosidad de Dios al formar el mundo. Dijo: \u201ca M\u00e9xico le voy a dar mucho petr\u00f3leo. Plata en abundancia. Tierras f\u00e9rtiles para el cultivo de infinidad de frutas. Abundante pesca\u2026.\u201d Fue interrumpido por San Pedro, quien le pregunt\u00f3 curioso: \u201c\u00bfpor qu\u00e9, Se\u00f1or, tanto? El creador le respondi\u00f3 pausado: \u201cno te preocupes. Lo voy a llenar de mexicanos\u201d.<\/p>\n<p>El cuerno de la abundancia tambi\u00e9n alude a la clase pol\u00edtica que en el transcurso de muchos a\u00f1os se ha dedicado a saquear al pa\u00eds y en formadora de nuevos ricos cada vez que termina un sexenio. Algunos denominan este fen\u00f3meno como la loter\u00eda sexenal que ha dado para que los millones de pol\u00edticos agraciados\u00a0 vivan en la opulencia y que el numerario mal habido sirva para transmitirlo de generaci\u00f3n en generaci\u00f3n de manera inagotable.<\/p>\n<p>Se ha dicho que aun as\u00ed, M\u00e9xico sigue erguido. Sin acusar el saqueo. Sin preocupaciones de ninguna \u00edndole. Es pues, el Cuerno de la Abundancia.<\/p>\n<p>Pero tambi\u00e9n es cierto el dicho que reza: \u201ctodo por servir se acaba\u201d y m\u00e1s cuando el encargado de velar por el bienestar de sus gobernados carece del conocimiento para evitarlo. Inventa el servicio a los pobres y exhibe el desprecio a los ricos. dilapida lo poco (por mucho que parezca) de que puede disponer. Pero adem\u00e1s se empecina en destruir en aras de satisfacer complejos contra las clases acomodadas, que lo impelen a ejercer una venganza brutal.<\/p>\n<p>Fuera de cuentos y dichos, m\u00e1s que un cuerno de la abundancia, M\u00e9xico parece pagar un karma bastante grave. La clase pol\u00edtica ha resultado abusiva en todos los tiempos y cuando arrib\u00f3 a la Presidencia el hombre que reflejaba la esperanza, o el giro de 360 grados, \u00e9ste comenz\u00f3 a demostrar que todo lo que critic\u00f3 lo ha superado con creces en lo que lleva de gobernar.<\/p>\n<p>Llen\u00f3 su gobierno con las personas menos calificadas. Dio poder a ignorantes, delincuentes y abusadores. Pero le sirven de rodillas si es necesario. El caso m\u00e1s sobresaliente lo representan, en primer lugar,\u00a0 el flamante gobernador de Veracruz, Cuitl\u00e1huac Garc\u00eda, lacayo contumaz. Depredador de la ley y fiel al m\u00e1s ligero mandato de su jefe. Dispuesto siempre a obedecer para ganar su sonrisa. Capaz de asesinar sin miramientos si as\u00ed se lo insin\u00faa.<\/p>\n<p>Hay sospechas fundadas de que su presencia en una manifestaci\u00f3n en contra la Suprema Corte o de su Presidente, Norma Pi\u00f1a, con la exhibici\u00f3n de ata\u00fades y con gritos de mueras para la mujer que se ha erguido como aut\u00e9ntica defensora de ley o de la Constituci\u00f3n, misma que el que gobierna es dado a pisotear todos los d\u00edas, obedeci\u00f3 a una orden de su amo y se\u00f1or.<\/p>\n<p>\u00bfQu\u00e9 ten\u00eda que hacer en la ciudad de M\u00e9xico? \u00a1Cumplirle al jefe! Hizo detener, tambi\u00e9n ah\u00ed mismo, a la jueza Ang\u00e9lica S\u00e1nchez, por la presunci\u00f3n de estar involucrada en actos de corrupci\u00f3n, sin aportar una sola prueba y con un amparo. Hab\u00eda sido detenida 10 d\u00edas antes, supuestamente por disparar contra polic\u00edas en su natal Veracruz. \u00a1Toda una invenci\u00f3n!<\/p>\n<p>La orden, desde luego, fue dictada desde el m\u00e1s alto mando, para demostrar a la Suprema Corte de qu\u00e9 tama\u00f1o es el alacr\u00e1n que se ech\u00f3 encima, por no respetar los designios del jefe m\u00e1ximo<\/p>\n<p>El segundo lugar corresponde al gobernador de Morelos, el ex jugador de futbol Cuauht\u00e9moc Blanco, quien tiene el estado convertido en aut\u00e9ntica tierra de nadie, en donde los criminales han sentado sus reales sin que por ello deje de despachar en los campos de golf. Aunque eso de despachar es un decir. Quienes en realidad despachan son sus familiares. \u00c9l no sabe de cosas de gobernar.<\/p>\n<p>\u00a1Cuitl\u00e1huac y Cuauht\u00e9moc! \u00a1Dos defensores de la conquista!<\/p>\n<p><a href=\"mailto:ariosruiz@gmail.com\" target=\"_blank\" rel=\"noopener noreferrer\"><em>ariosruiz@gmail.com<\/em><\/a><\/p>\n","protected":false},"excerpt":{"rendered":"<p><span style=\"color: #005497;\"><strong>Armando R\u00edos Ruiz<\/strong><\/span><\/p>\n","protected":false},"author":3,"featured_media":0,"comment_status":"open","ping_status":"open","sticky":false,"template":"","format":"standard","meta":{"_monsterinsights_skip_tracking":false,"_monsterinsights_sitenote_active":false,"_monsterinsights_sitenote_note":"","_monsterinsights_sitenote_category":0,"footnotes":""},"categories":[88405],"tags":[88407,43674,91193],"class_list":["post-588630","post","type-post","status-publish","format-standard","hentry","category-armando-rios-ruiz","tag-armando-rios-ruiz","tag-opinion","tag-perfil-de-mexico"],"_links":{"self":[{"href":"https:\/\/www.diarioimagen.net\/index.php?rest_route=\/wp\/v2\/posts\/588630","targetHints":{"allow":["GET"]}}],"collection":[{"href":"https:\/\/www.diarioimagen.net\/index.php?rest_route=\/wp\/v2\/posts"}],"about":[{"href":"https:\/\/www.diarioimagen.net\/index.php?rest_route=\/wp\/v2\/types\/post"}],"author":[{"embeddable":true,"href":"https:\/\/www.diarioimagen.net\/index.php?rest_route=\/wp\/v2\/users\/3"}],"replies":[{"embeddable":true,"href":"https:\/\/www.diarioimagen.net\/index.php?rest_route=%2Fwp%2Fv2%2Fcomments&post=588630"}],"version-history":[{"count":0,"href":"https:\/\/www.diarioimagen.net\/index.php?rest_route=\/wp\/v2\/posts\/588630\/revisions"}],"wp:attachment":[{"href":"https:\/\/www.diarioimagen.net\/index.php?rest_route=%2Fwp%2Fv2%2Fmedia&parent=588630"}],"wp:term":[{"taxonomy":"category","embeddable":true,"href":"https:\/\/www.diarioimagen.net\/index.php?rest_route=%2Fwp%2Fv2%2Fcategories&post=588630"},{"taxonomy":"post_tag","embeddable":true,"href":"https:\/\/www.diarioimagen.net\/index.php?rest_route=%2Fwp%2Fv2%2Ftags&post=588630"}],"curies":[{"name":"wp","href":"https:\/\/api.w.org\/{rel}","templated":true}]}}