{"id":588645,"date":"2023-06-30T00:12:56","date_gmt":"2023-06-30T06:12:56","guid":{"rendered":"https:\/\/www.diarioimagen.net\/?p=588645"},"modified":"2023-06-30T01:07:36","modified_gmt":"2023-06-30T07:07:36","slug":"comite-organizador-integrado-por-13-expertos-electorales","status":"publish","type":"post","link":"https:\/\/www.diarioimagen.net\/?p=588645","title":{"rendered":"Comit\u00e9 organizador integrado por 13 expertos electorales"},"content":{"rendered":"<h2>Tras la puerta del poder<\/h2>\n<h5>Roberto Vizca\u00edno<\/h5>\n<p>&nbsp;<\/p>\n<p>Luego de una semana llena de dudas y algunas bajas notables, como la de <strong>Lilly T\u00e9llez<\/strong>, el Frente Amplio por M\u00e9xico \u2014PAN, PRI, PRD y Ong\u2019s\u2014 qued\u00f3 debidamente integrado al instarse el Comit\u00e9 Organizador que ser\u00e1 el eje del proceso del cual saldr\u00e1 el candidato presidencial opositor.<\/p>\n<p>Este Comit\u00e9 \u2014que sustituye al disuelto <strong>Consejo Electoral Ciudadano<\/strong>\u2014 qued\u00f3 integrado por 13 personas: 7<strong> expertos en materia electoral<\/strong> y 2 representantes por cada uno de los 3 partidos (PAN, PRI y PRD).<\/p>\n<p>\u201cHemos dado un paso adelante en la direcci\u00f3n correcta\u201d, afirm\u00f3 <strong>Marko Cort\u00e9s<\/strong>, presidente del PAN.<\/p>\n<p>En el nuevo Consejo participan los ex consejeros del IFE, <strong>Arturo S\u00e1nchez<\/strong>, <strong>Marco Ba\u00f1os<\/strong>, <strong>Alejandra Latap\u00ed<\/strong>, <strong>Rodrigo Morales<\/strong> y <strong>Mar\u00eda Teresa Gonz\u00e1lez Luna.<\/strong><\/p>\n<p>Adem\u00e1s est\u00e1n<strong> Juan Manuel Herrero, <\/strong>ex director ejecutivo del Registro Federal de Electores, y<strong> Patricia Macarti Caballero, <\/strong>ex consejera local en Yucat\u00e1n.<\/p>\n<p>Por Acci\u00f3n Nacional participan <strong>Raymundo Bola\u00f1os<\/strong> y <strong>Armando Tejeda<\/strong>; por el PRI, <strong>Rub\u00e9n Moreira<\/strong> y <strong>Rolando Zapata;<\/strong> y por el PRD, <strong>Luis Espinosa Ch\u00e1zaro<\/strong> y <strong>Claudia Castelo<\/strong>.<\/p>\n<p>La directiva de este Consejo estar\u00e1 a cargo de los ex consejeros electorales <strong>Marco Ba\u00f1os o Arturo S\u00e1nchez<\/strong>, no s\u00f3lo por su amplia experiencia y conocimiento del marco electoral nacional y la normatividad, sino porque as\u00ed se respetar\u00eda la necesaria cesi\u00f3n de espacios de los partidos pol\u00edticos a la sociedad civil.<\/p>\n<p>En este Consejo repiten <strong>Marco Antonio Ba\u00f1os<\/strong>, <strong>Arturo S\u00e1nchez, Teresa Gonz\u00e1lez Luna<\/strong> y <strong>Rodrigo Morales <\/strong>quienes formaron parte del primer Consejo que fue disuelto el lunes pasado una vez que se anunci\u00f3 la formaci\u00f3n del Frente Amplio por M\u00e9xico que sustituy\u00f3 a la alianza Va por M\u00e9xico.<\/p>\n<p>En el anterior Consejo estaban adem\u00e1s<strong> Leonardo Vald\u00e9s, <\/strong>ex presidente del IFE<strong>; Mariclaire Acosta Urquidi<\/strong>, <strong>Sergio Aguayo Quezada<\/strong>, <strong>Mar\u00eda del Carmen Alan\u00eds<\/strong>, <strong>Rosa Mar\u00eda Mir\u00f3n Lince, Mar\u00eda Elena Morera<\/strong> y <strong>Guillermo Sheridan<\/strong>.<\/p>\n<p>Marco Ba\u00f1os hizo un amplio reconocimiento a los dirigentes de los tres partidos que integran el Frente y advirti\u00f3 que quienes hoy forman parte del Consejo tienen el reto de \u201cdarle certeza y legitimidad al ejercicio de lanzar candidato presidencial opositor de unidad, e informar reglas y resolver situaciones a lo largo del ejercicio\u201d.<\/p>\n<p>A su vez, la ex consejera <strong>Alejandra Latap\u00ed<\/strong> dijo que este proceso da aliento al \u00e1nimo social, y responde a una demanda ciudadana.<\/p>\n<p>\u201cLos que aceptamos participar somos propuestos por organizaciones y se busca un m\u00e9todo democr\u00e1tico, que lleva tiempo y exige tiempo, paciencia y tolerancia, disposici\u00f3n a los acuerdos\u201d, dijo.<\/p>\n<p style=\"text-align: center;\"><strong>Ruiz Massieu no va tampoco<\/strong><\/p>\n<p>Como en la canci\u00f3n de los elefantes que se balanceaban sobre la tela de una ara\u00f1a, as\u00ed van ya 3 aspirantes presidenciales opositores que se han bajado de la contienda del Foro por M\u00e9xico.<\/p>\n<p>Ayer, la tercera en decir que no va fue la senadora <strong>Claudia Ruiz Massieu,<\/strong> pr\u00e1cticamente por las mismas razones que antes declinaron el senador <strong>Germ\u00e1n Mart\u00ednez<\/strong> y la senadora <strong>Lilly T\u00e9llez<\/strong>: que se puede caer en una simulaci\u00f3n.<\/p>\n<p>Los tres igual vieron posibilidades de violar la ley haciendo actos anticipados de campa\u00f1a.<\/p>\n<p>\u201cSi fui una de millones de ciudadanos que marchamos para defender al INE y al Poder Judicial, no puedo hacer algo que para m\u00ed puede violar la ley electoral. Si promov\u00ed que la ciudadan\u00eda pudiera participar activamente en la selecci\u00f3n del candidato, no puedo estar conforme con un padr\u00f3n acotado que excluye a la mayor\u00eda ciudadana\u201d.<\/p>\n<p>Al igual que sus otros dos compa\u00f1eros senadores, <strong>Ruiz Massieu<\/strong> dese\u00f3 suerte a quienes s\u00ed se van a registrar en el foro.<\/p>\n<p>\u201cA la ciudadan\u00eda, le hago un llamado a seguir exigiendo una clase pol\u00edtica que est\u00e9 a la altura de las necesidades del M\u00e9xico de hoy y a tomar un papel central en la defensa de la democracia\u201d, dijo.<\/p>\n<p style=\"text-align: center;\"><strong>INE valid\u00f3 la ilegalidad de <em>corcholatas<\/em><\/strong><\/p>\n<p>La confianza en el INE y las premuras del cierre de nuestras ediciones, nos llev\u00f3 a informar ayer algo que no ocurri\u00f3, el establecimiento de sanciones y medidas cautelares a las campa\u00f1as que realizan los 6 aspirantes presidenciales de Morena.<\/p>\n<p>Result\u00f3 que la Comisi\u00f3n de Quejas y Denuncias del INE no s\u00f3lo no declar\u00f3 como actos anticipados de campa\u00f1a los recorridos realizados en las 2 semanas recientes por <strong>Claudia Sheinbaum<\/strong>, <strong>Ad\u00e1n Augusto L\u00f3pez<\/strong>, <strong>Marcelo Ebrard<\/strong>, <strong>Ricardo Monreal<\/strong>, <strong>Manuel Velasco<\/strong> y <strong>Gerardo Fern\u00e1ndez Noro\u00f1a<\/strong>, sino que los declar\u00f3 procedentes.<\/p>\n<p><strong>Claudia Zavala,<\/strong> presidenta de la <strong>Comisi\u00f3n de Quejas y Denuncias <\/strong>del INE, hab\u00eda elaborado un dictamen para decretar medidas cautelares a los 6 aspirantes, pero al final result\u00f3 que los otros dos consejeros, <strong>Rita Bell L\u00f3pez Vences<\/strong> y <strong>Jorge Monta\u00f1o,<\/strong> integrantes de esa comisi\u00f3n votaron en contra.<\/p>\n<p>A la sesi\u00f3n asistieron 3 consejeros m\u00e1s, pero por no pertenecer a la Comisi\u00f3n, s\u00f3lo tuvieron derecho de voz, pero no de voto.<\/p>\n<p>As\u00ed la Consejera presidenta <strong>Claudia Zavala <\/strong>tuvo el apoyo de la consejera <strong>Dania Ravel<\/strong> quien dijo que un an\u00e1lisis de contexto deja en claro que los 6 aspirantes presidenciales de Morena han vertido frases en que hablan de sus aspiraciones presidenciales y de promesas de gobierno.<\/p>\n<p>De esta forma, afirm\u00f3 que la ilegalidad se puede determinar desde un an\u00e1lisis preliminar, por lo cual <strong>s\u00ed proceder\u00edan las medidas cautelares<\/strong>.<\/p>\n<p>El consejero <strong>Arturo Castillo<\/strong> se pronunci\u00f3 <strong>a favor de las nuevas medidas<\/strong> cautelares, pues dijo que los elementos disponibles apuntan a actos anticipados de campa\u00f1a.<\/p>\n<p><em><a href=\"mailto:rvizcainoa@gmail.com\" target=\"_blank\" rel=\"noopener noreferrer\">vizcainoa@gmail.com<\/a><a href=\"mailto:rvizcainoa@gmail.com\" target=\"_blank\" rel=\"noopener noreferrer\"><br \/>\n<\/a><a href=\"http:\/\/endirecto.mx\" target=\"_blank\" rel=\"noopener noreferrer\">www.endirecto.mx<\/a><a href=\"mailto:rvizcainoa@gmail.com\" target=\"_blank\" rel=\"noopener noreferrer\"><br \/>\n<\/a><a href=\"https:\/\/twitter.com\/_rvizcaino\" target=\"_blank\" rel=\"noopener noreferrer\">@_RVizcaino<\/a><a href=\"mailto:rvizcainoa@gmail.com\" target=\"_blank\" rel=\"noopener noreferrer\"><br \/>\n<\/a><a href=\"https:\/\/www.facebook.com\/rvizcainoa\" target=\"_blank\" rel=\"noopener noreferrer\">facebook.com\/rvizcainoa<\/a><\/em><\/p>\n","protected":false},"excerpt":{"rendered":"<p><span style=\"color: #005497;\"><strong>Roberto Vizca\u00edno<\/strong><\/span><\/p>\n","protected":false},"author":3,"featured_media":0,"comment_status":"open","ping_status":"open","sticky":false,"template":"","format":"standard","meta":{"_monsterinsights_skip_tracking":false,"_monsterinsights_sitenote_active":false,"_monsterinsights_sitenote_note":"","_monsterinsights_sitenote_category":0,"footnotes":""},"categories":[136],"tags":[43674,93,94],"class_list":["post-588645","post","type-post","status-publish","format-standard","hentry","category-roberto-vizcaino-opinion","tag-opinion","tag-roberto-vizcaino","tag-tras-la-puerta-del-poder"],"_links":{"self":[{"href":"https:\/\/www.diarioimagen.net\/index.php?rest_route=\/wp\/v2\/posts\/588645","targetHints":{"allow":["GET"]}}],"collection":[{"href":"https:\/\/www.diarioimagen.net\/index.php?rest_route=\/wp\/v2\/posts"}],"about":[{"href":"https:\/\/www.diarioimagen.net\/index.php?rest_route=\/wp\/v2\/types\/post"}],"author":[{"embeddable":true,"href":"https:\/\/www.diarioimagen.net\/index.php?rest_route=\/wp\/v2\/users\/3"}],"replies":[{"embeddable":true,"href":"https:\/\/www.diarioimagen.net\/index.php?rest_route=%2Fwp%2Fv2%2Fcomments&post=588645"}],"version-history":[{"count":0,"href":"https:\/\/www.diarioimagen.net\/index.php?rest_route=\/wp\/v2\/posts\/588645\/revisions"}],"wp:attachment":[{"href":"https:\/\/www.diarioimagen.net\/index.php?rest_route=%2Fwp%2Fv2%2Fmedia&parent=588645"}],"wp:term":[{"taxonomy":"category","embeddable":true,"href":"https:\/\/www.diarioimagen.net\/index.php?rest_route=%2Fwp%2Fv2%2Fcategories&post=588645"},{"taxonomy":"post_tag","embeddable":true,"href":"https:\/\/www.diarioimagen.net\/index.php?rest_route=%2Fwp%2Fv2%2Ftags&post=588645"}],"curies":[{"name":"wp","href":"https:\/\/api.w.org\/{rel}","templated":true}]}}