{"id":588698,"date":"2023-07-03T00:02:59","date_gmt":"2023-07-03T06:02:59","guid":{"rendered":"https:\/\/www.diarioimagen.net\/?p=588698"},"modified":"2023-07-03T23:15:35","modified_gmt":"2023-07-04T05:15:35","slug":"se-perdieron-648-mil-empleos-durante-mayo-encuesta-de-inegi","status":"publish","type":"post","link":"https:\/\/www.diarioimagen.net\/?p=588698","title":{"rendered":"Se perdieron 648 mil empleos durante mayo: encuesta de Inegi"},"content":{"rendered":"<p><strong>\u00a0<\/strong><\/p>\n<ul>\n<li><em><strong>Suman dos meses a la baja<\/strong><\/em><\/li>\n<\/ul>\n<p>&nbsp;<\/p>\n<div id=\"attachment_588794\" style=\"width: 470px\" class=\"wp-caption aligncenter\"><a href=\"https:\/\/www.diarioimagen.net\/?attachment_id=588794\" rel=\"attachment wp-att-588794\"><img loading=\"lazy\" decoding=\"async\" aria-describedby=\"caption-attachment-588794\" class=\"size-full wp-image-588794\" src=\"https:\/\/www.diarioimagen.net\/wp-content\/uploads\/2023\/07\/DESEMPLEO.jpg\" alt=\"\" width=\"460\" height=\"270\" \/><\/a><p id=\"caption-attachment-588794\" class=\"wp-caption-text\">Por segundo mes consecutivo el mercado laboral registr\u00f3 un descenso, pues en mayo se perdieron 648 mil 340 empleos en M\u00e9xico.<\/p><\/div>\n<p>&nbsp;<\/p>\n<p>De acuerdo con datos publicados por el Instituto Nacional de Estad\u00edstica y Geograf\u00eda (Inegi), durante mayo se eliminaron 648 mil 340 empleos en M\u00e9xico, de car\u00e1cter formal como informal, con lo que se ligan dos meses a la baja.<\/p>\n<p>La Encuesta Nacional de Ocupaci\u00f3n y Empleo (ENOE) muestra que en el quinto mes la poblaci\u00f3n econ\u00f3micamente activa ocupada total, que incluye a quienes se encuentran en la informalidad como en la formalidad, sum\u00f3 58 millones 257 mil 775, cifra menor en 648 mil 340 personas a las registradas en el periodo anterior.<\/p>\n<p>La reducci\u00f3n mensual de personas ocupadas se explic\u00f3 porque se perdieron 367 mil 867 plazas para hombres y otras 280 mil 473 para mujeres. Con estos registros, la tasa de desocupaci\u00f3n aument\u00f3 con base en cifras originales de 2.8% en abril a 2.9% de la poblaci\u00f3n econ\u00f3micamente activa en mayo.<\/p>\n<p>Mientras que en el sector informal se perdieron 81.3 mil plazas, en el formal se eliminaron 567 mil puestos, cifra que contrasta con los datos del IMSS, en donde se registr\u00f3 un aumento de 42.6 mil, en este sentido, se puede inferir que se cerraron empleos en otras \u00e1reas, tales como trabajadores federales y estatales, as\u00ed como en el Ej\u00e9rcito.<\/p>\n<p>El sector agropecuario fue el principal responsable de la p\u00e9rdida de empleo con la eliminaci\u00f3n de 521.6 mil plazas, seguido de los servicios donde se eliminaron 329.5 mil. Por el contrario, en la industria se generaron 90.6 mil puestos, adem\u00e1s de otros 112 mil m\u00e1s donde no se especific\u00f3 el sector.<\/p>\n<p>Por actividades espec\u00edficas, d\u00f3nde m\u00e1s se perdieron empleos en mayo, adem\u00e1s de la agricultura, fue en restaurantes y servicio de alojamiento con 318 mil plazas menos; seguida de gobierno y organismos internacionales con la eliminaci\u00f3n de 238.9 mil; servicios sociales, -192.5; as\u00ed como servicios diversos, -160 mil.<\/p>\n<p>En contraste, las actividades donde se abrieron empleos durante el quinto mes del a\u00f1o, fueron: servicios profesionales, financieros y corporativos con la creaci\u00f3n de 360 mil plazas; comercio, 117.6 mil; transportes, comunicaciones, correo y almacenamiento, 102.6 mil; y construcci\u00f3n, 92.1 mil.<\/p>\n","protected":false},"excerpt":{"rendered":"<p>De acuerdo con datos publicados por el Instituto Nacional de Estad\u00edstica y Geograf\u00eda (Inegi), durante mayo se eliminaron 648 mil 340 empleos en M\u00e9xico, de car\u00e1cter formal como informal, con lo que se ligan dos meses a la baja.<\/p>\n","protected":false},"author":3,"featured_media":588794,"comment_status":"open","ping_status":"open","sticky":false,"template":"","format":"standard","meta":{"_monsterinsights_skip_tracking":false,"_monsterinsights_sitenote_active":false,"_monsterinsights_sitenote_note":"","_monsterinsights_sitenote_category":0,"footnotes":""},"categories":[8],"tags":[481,67990,193],"class_list":["post-588698","post","type-post","status-publish","format-standard","has-post-thumbnail","hentry","category-finanzas","tag-empleo","tag-encuesta","tag-inegi"],"_links":{"self":[{"href":"https:\/\/www.diarioimagen.net\/index.php?rest_route=\/wp\/v2\/posts\/588698","targetHints":{"allow":["GET"]}}],"collection":[{"href":"https:\/\/www.diarioimagen.net\/index.php?rest_route=\/wp\/v2\/posts"}],"about":[{"href":"https:\/\/www.diarioimagen.net\/index.php?rest_route=\/wp\/v2\/types\/post"}],"author":[{"embeddable":true,"href":"https:\/\/www.diarioimagen.net\/index.php?rest_route=\/wp\/v2\/users\/3"}],"replies":[{"embeddable":true,"href":"https:\/\/www.diarioimagen.net\/index.php?rest_route=%2Fwp%2Fv2%2Fcomments&post=588698"}],"version-history":[{"count":0,"href":"https:\/\/www.diarioimagen.net\/index.php?rest_route=\/wp\/v2\/posts\/588698\/revisions"}],"wp:featuredmedia":[{"embeddable":true,"href":"https:\/\/www.diarioimagen.net\/index.php?rest_route=\/wp\/v2\/media\/588794"}],"wp:attachment":[{"href":"https:\/\/www.diarioimagen.net\/index.php?rest_route=%2Fwp%2Fv2%2Fmedia&parent=588698"}],"wp:term":[{"taxonomy":"category","embeddable":true,"href":"https:\/\/www.diarioimagen.net\/index.php?rest_route=%2Fwp%2Fv2%2Fcategories&post=588698"},{"taxonomy":"post_tag","embeddable":true,"href":"https:\/\/www.diarioimagen.net\/index.php?rest_route=%2Fwp%2Fv2%2Ftags&post=588698"}],"curies":[{"name":"wp","href":"https:\/\/api.w.org\/{rel}","templated":true}]}}