{"id":588710,"date":"2023-07-03T00:01:30","date_gmt":"2023-07-03T06:01:30","guid":{"rendered":"https:\/\/www.diarioimagen.net\/?p=588710"},"modified":"2023-07-03T03:12:58","modified_gmt":"2023-07-03T09:12:58","slug":"panistas-mexiquenses-refrendan-su-apoyo-a-enrique-vargas-del-villar-para-llegar-al-senado","status":"publish","type":"post","link":"https:\/\/www.diarioimagen.net\/?p=588710","title":{"rendered":"Panistas mexiquenses refrendan su apoyo a Enrique Vargas del Villar para llegar al Senado"},"content":{"rendered":"<p>&nbsp;<\/p>\n<ul>\n<li><em><strong>\u201cAmplia trayectoria y experiencia pol\u00edtica\u201d<\/strong><\/em><\/li>\n<\/ul>\n<p><strong>\u00a0<\/strong><\/p>\n<h6>Arturo Baena<\/h6>\n<p>&nbsp;<\/p>\n<p><a href=\"https:\/\/www.diarioimagen.net\/?attachment_id=588811\" rel=\"attachment wp-att-588811\"><img loading=\"lazy\" decoding=\"async\" class=\"aligncenter size-full wp-image-588811\" src=\"https:\/\/www.diarioimagen.net\/wp-content\/uploads\/2023\/07\/panistas-mexiquenses.jpg\" alt=\"\" width=\"460\" height=\"270\" \/><\/a><\/p>\n<p>&nbsp;<\/p>\n<p><strong>Valle de M\u00e9xico.\u2014<\/strong> Enrique Vargas del Villar, coordinador de los diputados del PAN en el Estado de M\u00e9xico, es un hombre con amplia trayectoria y experiencia pol\u00edtica, quien, sin duda alguna, har\u00e1 un excelente papel en el Senado de la Rep\u00fablica, una vez que obtenga el voto ciudadano en los procesos electorales de 2024.<\/p>\n<p>As\u00ed lo expresaron panistas mexiquenses en voz del regidor Agust\u00edn Belgodere, una vez que Vargas del Villar, confirm\u00f3 que, efectivamente, buscar\u00e1 un esca\u00f1o en el Senado, por lo que pidi\u00f3 a sus simpatizantes acompa\u00f1arlo en su aspiraci\u00f3n pol\u00edtica.<\/p>\n<p>\u201cLes quiero pedir que me ayuden, porque vamos en el 2024 al Senado de la Rep\u00fablica\u201d, expres\u00f3 Vargas del Villar durante la conmemoraci\u00f3n del primer aniversario de la Red Vargas, donde cientos de seguidores le refrendaron su apoyo y voto al tambi\u00e9n dos veces ex alcalde de Huixquilucan. \u201cVamos a ganar en 2024 y vamos a volver a tener a nuestro M\u00e9xico querido, por eso se hizo un gran acuerdo\u201d, destac\u00f3 Vargas del Villar.<\/p>\n<p>Mientras tanto, miembros de Red Vargas destacaron que \u201cEnrique Vargas es un hombre que ha demostrado saber gobernar y trabajar para y por los mexiquenses y no tenemos ninguna duda que desde el Senado de la Rep\u00fablica sabr\u00e1 responder a las demandas ciudadanas\u201d.<\/p>\n","protected":false},"excerpt":{"rendered":"<p>Enrique Vargas del Villar, coordinador de los diputados del PAN en el Estado de M\u00e9xico, es un hombre con amplia trayectoria y experiencia pol\u00edtica, quien, sin duda alguna, har\u00e1 un excelente papel en el Senado de la Rep\u00fablica, una vez que obtenga el voto ciudadano en los procesos electorales de 2024.<\/p>\n","protected":false},"author":3,"featured_media":588811,"comment_status":"open","ping_status":"open","sticky":false,"template":"","format":"standard","meta":{"_monsterinsights_skip_tracking":false,"_monsterinsights_sitenote_active":false,"_monsterinsights_sitenote_note":"","_monsterinsights_sitenote_category":0,"footnotes":""},"categories":[5],"tags":[47218,1409,34],"class_list":["post-588710","post","type-post","status-publish","format-standard","has-post-thumbnail","hentry","category-estado-de-mexico","tag-enrique-vargas-del-villar","tag-senado","tag-valle-de-mexico"],"_links":{"self":[{"href":"https:\/\/www.diarioimagen.net\/index.php?rest_route=\/wp\/v2\/posts\/588710","targetHints":{"allow":["GET"]}}],"collection":[{"href":"https:\/\/www.diarioimagen.net\/index.php?rest_route=\/wp\/v2\/posts"}],"about":[{"href":"https:\/\/www.diarioimagen.net\/index.php?rest_route=\/wp\/v2\/types\/post"}],"author":[{"embeddable":true,"href":"https:\/\/www.diarioimagen.net\/index.php?rest_route=\/wp\/v2\/users\/3"}],"replies":[{"embeddable":true,"href":"https:\/\/www.diarioimagen.net\/index.php?rest_route=%2Fwp%2Fv2%2Fcomments&post=588710"}],"version-history":[{"count":0,"href":"https:\/\/www.diarioimagen.net\/index.php?rest_route=\/wp\/v2\/posts\/588710\/revisions"}],"wp:featuredmedia":[{"embeddable":true,"href":"https:\/\/www.diarioimagen.net\/index.php?rest_route=\/wp\/v2\/media\/588811"}],"wp:attachment":[{"href":"https:\/\/www.diarioimagen.net\/index.php?rest_route=%2Fwp%2Fv2%2Fmedia&parent=588710"}],"wp:term":[{"taxonomy":"category","embeddable":true,"href":"https:\/\/www.diarioimagen.net\/index.php?rest_route=%2Fwp%2Fv2%2Fcategories&post=588710"},{"taxonomy":"post_tag","embeddable":true,"href":"https:\/\/www.diarioimagen.net\/index.php?rest_route=%2Fwp%2Fv2%2Ftags&post=588710"}],"curies":[{"name":"wp","href":"https:\/\/api.w.org\/{rel}","templated":true}]}}