{"id":588712,"date":"2023-07-02T00:02:50","date_gmt":"2023-07-02T06:02:50","guid":{"rendered":"https:\/\/www.diarioimagen.net\/?p=588712"},"modified":"2023-07-03T03:12:16","modified_gmt":"2023-07-03T09:12:16","slug":"inauguran-exposicion-fotografica-destellos-del-paisaje-en-texcoco","status":"publish","type":"post","link":"https:\/\/www.diarioimagen.net\/?p=588712","title":{"rendered":"Inauguran exposici\u00f3n fotogr\u00e1fica \u201cDestellos del paisaje\u201d, en Texcoco"},"content":{"rendered":"<p>&nbsp;<\/p>\n<p><a href=\"https:\/\/www.diarioimagen.net\/?attachment_id=588809\" rel=\"attachment wp-att-588809\"><img loading=\"lazy\" decoding=\"async\" class=\"aligncenter size-full wp-image-588809\" src=\"https:\/\/www.diarioimagen.net\/wp-content\/uploads\/2023\/07\/inauguran-expo.jpg\" alt=\"\" width=\"460\" height=\"270\" \/><\/a><\/p>\n<p>&nbsp;<\/p>\n<p><strong>Texcoco, Estado de M\u00e9xico.\u2014\u00a0 <\/strong>En el Centro Regional de Cultura de esta localidad, \u201cCasa del Constituyente\u201d, se llev\u00f3 a cabo la inauguraci\u00f3n de la exposici\u00f3n fotogr\u00e1fica \u201cDestellos del Paisaje\u201d, de Luis Manuel Osorio Fern\u00e1ndez. En este contexto, el director general de Patrimonio Cultural del Valle de Los Volcanes, Pablo Siles Alc\u00e1ntara, coment\u00f3 que estas actividades tienen el prop\u00f3sito de promover y difundir la obra de artistas pl\u00e1sticos, fot\u00f3grafos, escultores, m\u00fasicos.<\/p>\n<p>Con esta exposici\u00f3n, dijo, se busca dar a conocer la esencia de Texcoco, a trav\u00e9s de la lente de Manuel, quien estuvo acompa\u00f1ado por el jefe de Museos del Valle de Los Volcanes, Jorge Rojas Sol\u00eds, y el director de la \u201cCasa del Constituyente\u201d, Alfredo Pe\u00f1uelas Rivas.<\/p>\n","protected":false},"excerpt":{"rendered":"<p>En el Centro Regional de Cultura de esta localidad, \u201cCasa del Constituyente\u201d, se llev\u00f3 a cabo la inauguraci\u00f3n de la exposici\u00f3n fotogr\u00e1fica \u201cDestellos del Paisaje\u201d, de Luis Manuel Osorio Fern\u00e1ndez. En este contexto, el director general de Patrimonio Cultural del Valle de Los Volcanes, Pablo Siles Alc\u00e1ntara, coment\u00f3 que estas actividades tienen el prop\u00f3sito de promover y difundir la obra de artistas pl\u00e1sticos, fot\u00f3grafos, escultores, m\u00fasicos.<\/p>\n","protected":false},"author":3,"featured_media":588809,"comment_status":"open","ping_status":"open","sticky":false,"template":"","format":"standard","meta":{"_monsterinsights_skip_tracking":false,"_monsterinsights_sitenote_active":false,"_monsterinsights_sitenote_note":"","_monsterinsights_sitenote_category":0,"footnotes":""},"categories":[5],"tags":[98168,540],"class_list":["post-588712","post","type-post","status-publish","format-standard","has-post-thumbnail","hentry","category-estado-de-mexico","tag-destellos-del-paisaje","tag-texcoco"],"_links":{"self":[{"href":"https:\/\/www.diarioimagen.net\/index.php?rest_route=\/wp\/v2\/posts\/588712","targetHints":{"allow":["GET"]}}],"collection":[{"href":"https:\/\/www.diarioimagen.net\/index.php?rest_route=\/wp\/v2\/posts"}],"about":[{"href":"https:\/\/www.diarioimagen.net\/index.php?rest_route=\/wp\/v2\/types\/post"}],"author":[{"embeddable":true,"href":"https:\/\/www.diarioimagen.net\/index.php?rest_route=\/wp\/v2\/users\/3"}],"replies":[{"embeddable":true,"href":"https:\/\/www.diarioimagen.net\/index.php?rest_route=%2Fwp%2Fv2%2Fcomments&post=588712"}],"version-history":[{"count":0,"href":"https:\/\/www.diarioimagen.net\/index.php?rest_route=\/wp\/v2\/posts\/588712\/revisions"}],"wp:featuredmedia":[{"embeddable":true,"href":"https:\/\/www.diarioimagen.net\/index.php?rest_route=\/wp\/v2\/media\/588809"}],"wp:attachment":[{"href":"https:\/\/www.diarioimagen.net\/index.php?rest_route=%2Fwp%2Fv2%2Fmedia&parent=588712"}],"wp:term":[{"taxonomy":"category","embeddable":true,"href":"https:\/\/www.diarioimagen.net\/index.php?rest_route=%2Fwp%2Fv2%2Fcategories&post=588712"},{"taxonomy":"post_tag","embeddable":true,"href":"https:\/\/www.diarioimagen.net\/index.php?rest_route=%2Fwp%2Fv2%2Ftags&post=588712"}],"curies":[{"name":"wp","href":"https:\/\/api.w.org\/{rel}","templated":true}]}}