{"id":588738,"date":"2023-07-03T00:04:53","date_gmt":"2023-07-03T06:04:53","guid":{"rendered":"https:\/\/www.diarioimagen.net\/?p=588738"},"modified":"2023-07-02T20:12:18","modified_gmt":"2023-07-03T02:12:18","slug":"definidos-dos-modelos-de-gobiernos","status":"publish","type":"post","link":"https:\/\/www.diarioimagen.net\/?p=588738","title":{"rendered":"Definidos dos modelos de gobiernos"},"content":{"rendered":"<h2>Desde el portal<\/h2>\n<h5>\u00c1ngel Soriano<\/h5>\n<p>&nbsp;<\/p>\n<p>Durante la celebraci\u00f3n del V aniversario del triunfo de la IV-T, el Presidente se\u00f1al\u00f3 al activista\u00a0Claudio X. Gonz\u00e1lez\u00a0como l\u00edder del bloque opositor \u2014\u201csupremo poder conservador\u201d\u2014, y representar los intereses de los grupos que han mantenido en reh\u00e9n al gobierno para conservar y ampliar sus intereses, basados en ganancias a costa del erario.<\/p>\n<p>No son empresarios que obtienen que obtienen ganancias l\u00edcitas, sino traficantes de influencias que utilizaban mecanismos de presi\u00f3n \u2014como medios de manipulaci\u00f3n, no de informaci\u00f3n\u2014, para acumular ganancias en complicidad con funcionarios p\u00fablicos y ahora pretenden volver por sus fueros.<\/p>\n<p>\u201cEs necesario, por convicci\u00f3n y protecci\u00f3n pol\u00edtica, apoyar a los de abajo, aliarse siempre y sustentarse, respaldarse siempre con el pueblo. Lo m\u00e1s humano y lo m\u00e1s eficaz es mirar siempre, atender siempre, caminar siempre acompa\u00f1ados de la gente\u201d, dijo al reiterar que el grupo conservar siempre ha estado lejos de quienes menos tienen.<\/p>\n<p>Pidi\u00f3 a sus correligionarios vuelvan a aliarse con el pueblo para que la Cuarta Transformaci\u00f3n\u201d pueda continuar.\u00a0 \u201cSi nos preguntan qui\u00e9n es nuestro mejor aliado, \u00bfqu\u00e9 respondemos? \u00a1El pueblo! \u00bfPor qui\u00e9n estamos aqu\u00ed? \u00a1Por el pueblo! \u00bfA qui\u00e9n hay que servirle primero? \u00bfCon qui\u00e9n transformar? \u00bfEn qui\u00e9n confiar? \u00bfQui\u00e9n nos protege? \u00bfQu\u00e9 somos?\u201d, areng\u00f3.<\/p>\n<p style=\"text-align: center;\"><strong>TURBULENCIAS<br \/>\nJara encabeza 25 mil asistentes a la celebraci\u00f3n<\/strong><\/p>\n<p>\u201cOaxaca est\u00e1 presente para celebrar cinco a\u00f1os de transformaci\u00f3n, de trabajo intenso, de luchar contra la desigualdad, la corrupci\u00f3n y los privilegios junto a nuestro presidente Andr\u00e9s Manuel L\u00f3pez Obrador\u201d, indic\u00f3 el gobernador Salom\u00f3n Jara Cruz al encabezar un contingente de 25 mil oaxaque\u00f1os de las ocho regiones de la entidad que acudieron a la celebraci\u00f3n en la Plaza de la Constituci\u00f3n de la CDMX. Acompa\u00f1ado de la presidenta del Sistema DIF Oaxaca, Irma Bola\u00f1os Quijano, el gobernador Salom\u00f3n Jara hizo un llamado a las paisanas y paisanos oaxaque\u00f1os a tener presente y sumarse a esta fiesta de la democracia, al tiempo de reconocer el esfuerzo diario que realizan desde el pa\u00eds vecino en favor de las familias de la entidad\u2026 En tanto, el ex gobernador Alejandro Murat Hinojosa \u2014a quien le han encarcelado cuando menos a 5 de sus ex colaboradores\u2014,\u00a0 se baj\u00f3 de la contienda en la puja por la candidatura presidencial del PRI, una vez que Claudia Ruiz Massieu hizo lo propio, para ir despejando el camino para quienes tienen mayores posibilidades cuando menos para la inscripci\u00f3n, ya no tanto para la competencia en las urnas; Ulises Ruiz Ortiz, por su lado, insiste en presentarse como independiente, lo cual est\u00e1 muy alejado de la realidad\u2026 Durante el festejo de la IV-T en el Z\u00f3calo capitalino, los seis aspirantes a la candidatura presidencial de Morena acudieron como invitados y como parte del mismo movimiento, pero no hicieron ning\u00fan intento por capitalizar la asistencia de miles de compatriotas que acudieron a la Plaza de la Constituci\u00f3n para la m\u00e1xima celebraci\u00f3n\u2026 Ahora s\u00ed, ya posesionado como m\u00e1ximo dirigente del Frente Amplio por M\u00e9xico, el empresario Claudio X Gonz\u00e1lez ha respondido con malestar ante los permanentes se\u00f1alamientos del presidente Andr\u00e9s Manuel L\u00f3pez Obrador de ser un m\u00e1ximo l\u00edder del grupo conservador que se apresta a dar la batalla por retener el poder para sus allegados que durante d\u00e9cadas hicieron del poder p\u00fablico un instrumento para el enriquecimiento faccioso\u2026 Dentro de estos, el m\u00e1ximo representante es el guanajuatense Vicente Fox, de quien existen documentos que prueban de que us\u00f3 el poder con fines de enriquecimiento mediante el uso de las instituciones p\u00fablicas para obtener cuantiosas ganancias privadas, entre otros que se aprestan a dar la batalla por la conservaci\u00f3n de sus intereses en 2024.<\/p>\n<p><u><a href=\"mailto:asorianocarrasco@yahoo.com\" target=\"_blank\" rel=\"noopener noreferrer\"><em>asorianocarrasco@yahoo.com<\/em><\/a><br \/>\n<em><a href=\"https:\/\/revistabrecha.com\" target=\"_blank\" rel=\"noopener noreferrer\">www.revistabrecha.com<\/a><br \/>\n<\/em><\/u><em>facebook oficial <a href=\"https:\/\/es-la.facebook.com\/RevistaBrecha.Oficial\" target=\"_blank\" rel=\"noopener\">@BrechaRevista<\/a><\/em><\/p>\n","protected":false},"excerpt":{"rendered":"<p><span style=\"color: #005497;\"><strong>\u00c1ngel Soriano<\/strong><\/span><\/p>\n","protected":false},"author":3,"featured_media":0,"comment_status":"open","ping_status":"open","sticky":false,"template":"","format":"standard","meta":{"_monsterinsights_skip_tracking":false,"_monsterinsights_sitenote_active":false,"_monsterinsights_sitenote_note":"","_monsterinsights_sitenote_category":0,"footnotes":""},"categories":[135],"tags":[85,86,43674],"class_list":["post-588738","post","type-post","status-publish","format-standard","hentry","category-angel-soriano-opinion","tag-angel-soriano","tag-desde-el-portal","tag-opinion"],"_links":{"self":[{"href":"https:\/\/www.diarioimagen.net\/index.php?rest_route=\/wp\/v2\/posts\/588738","targetHints":{"allow":["GET"]}}],"collection":[{"href":"https:\/\/www.diarioimagen.net\/index.php?rest_route=\/wp\/v2\/posts"}],"about":[{"href":"https:\/\/www.diarioimagen.net\/index.php?rest_route=\/wp\/v2\/types\/post"}],"author":[{"embeddable":true,"href":"https:\/\/www.diarioimagen.net\/index.php?rest_route=\/wp\/v2\/users\/3"}],"replies":[{"embeddable":true,"href":"https:\/\/www.diarioimagen.net\/index.php?rest_route=%2Fwp%2Fv2%2Fcomments&post=588738"}],"version-history":[{"count":0,"href":"https:\/\/www.diarioimagen.net\/index.php?rest_route=\/wp\/v2\/posts\/588738\/revisions"}],"wp:attachment":[{"href":"https:\/\/www.diarioimagen.net\/index.php?rest_route=%2Fwp%2Fv2%2Fmedia&parent=588738"}],"wp:term":[{"taxonomy":"category","embeddable":true,"href":"https:\/\/www.diarioimagen.net\/index.php?rest_route=%2Fwp%2Fv2%2Fcategories&post=588738"},{"taxonomy":"post_tag","embeddable":true,"href":"https:\/\/www.diarioimagen.net\/index.php?rest_route=%2Fwp%2Fv2%2Ftags&post=588738"}],"curies":[{"name":"wp","href":"https:\/\/api.w.org\/{rel}","templated":true}]}}