{"id":588741,"date":"2023-07-03T00:05:50","date_gmt":"2023-07-03T06:05:50","guid":{"rendered":"https:\/\/www.diarioimagen.net\/?p=588741"},"modified":"2023-07-02T20:26:40","modified_gmt":"2023-07-03T02:26:40","slug":"la-constante-burla-presidencial","status":"publish","type":"post","link":"https:\/\/www.diarioimagen.net\/?p=588741","title":{"rendered":"La constante burla presidencial"},"content":{"rendered":"<h2>Perfil de M\u00e9xico<\/h2>\n<h5>Armando R\u00edos Ruiz<\/h5>\n<p>&nbsp;<\/p>\n<p>Muchos mexicanos no podemos perder la capacidad de asombro ante las complacencias reiteradas que el gobierno brinda a los poderosos grupos delictivos que se han multiplicado y fortalecido en el actual sexenio, a lo largo y ancho del territorio nacional, porque cada d\u00eda nos muestran la superioridad alcanzada contra quienes deber\u00edan combatirlos y permanecen expectantes por \u00f3rdenes de un Presidente sordo y ciego, que para colmo, goza del apoyo a sus decisiones de la clase m\u00e1s ignorante del pa\u00eds, que alienta sus errores.<\/p>\n<p>Esa capacidad de asombrarnos no se pierde porque los criminales no se mantienen en un promedio, sino que cada d\u00eda aportan para el espanto y los secuestros, intimidaciones y asesinatos crecen y crecen sin parar, impulsados por el prurito de controlar todo el pa\u00eds e inmersos adem\u00e1s en sus guerras intestinas que s\u00f3lo dejan desolaci\u00f3n y muerte. Pero adem\u00e1s arrasan con inocentes.<\/p>\n<p>Un amigo me dec\u00eda recientemente: \u201cYo creo que el mandatario dice cosas en sus ma\u00f1aneras para burlarse de la poblaci\u00f3n. Es imposible que no se d\u00e9 cuenta de lo que realmente ocurre en materia de delincuencia. Parece un buf\u00f3n que dice chistes de p\u00e9simo gusto y me resisto a pensar que hay qui\u00e9n le crea\u2026\u201d Desafortunadamente hay millones que se tragan las mentiras de su catecismo.<\/p>\n<p>En referencia a los cr\u00edmenes m\u00e1s recientes en diferentes estados de la Rep\u00fablica, tuvo a bien decir en una de sus aburridoras ma\u00f1aneras con el gesto sarc\u00e1stico que lo caracteriza: \u201cqu\u00e9 les dir\u00eda yo (a los criminales) a quienes se tapan la cara. Se encapuchan y hacen estos actos:<\/p>\n<p>\u201cQue tengan cuidado porque en una de esas los voy a acusar con sus mam\u00e1s. Con sus pap\u00e1s. Con sus abuelos. Porque estoy seguro de que sus abuelos, las mam\u00e1s, los papas, no est\u00e1n de acuerdo. Me dejo de llamar Andr\u00e9s Manuel. Estoy seguro que los ven\u2026 que los ver\u00edan como malcriados que no deben andar haciendo eso. Les dar\u00edan hasta un jal\u00f3n de orejas y zapes\u2026\u201d (<em>sic<\/em>).<\/p>\n<p>Efectivamente, chiste de p\u00e9simo gusto. Seguro que hasta los abuelos y los padres murieron de la risa junto con los hijos a quienes, muchos de aquellos, agradecen el esfuerzo y los riesgos que corren todos los d\u00edas para ofrecerles oportunidades de vida digna que jam\u00e1s tuvieron por falta de dinero.<\/p>\n<p>Alg\u00fan empleado pudo haber tenido el suficiente valor para decirle que se escuch\u00f3 muy mal. Porque en otra ma\u00f1anera abord\u00f3 nuevamente el problema para pedir en esta ocasi\u00f3n a los grupos delictivos, que \u201ctomen la iniciativa y abandonen las actividades il\u00edcitas, como lo han pedido las asociaciones de madres buscadoras de desaparecidos que buscan un pacto de paz\u201d.<\/p>\n<p>\u201cQue ellos tomen la iniciativa y que abandonen la actividad il\u00edcita y que no sigan da\u00f1ando, pero nosotros no tenemos contemplado llegar a un acuerdo (con el crimen organizado)\u201d.<\/p>\n<p>Ellos son quienes deben asumir por cuenta propia, un giro a sus vidas, transformadas por la violencia a que invita el constante riesgo de traficar con drogas, pero que deja excelentes ganancias. Es como invitar en la vida normal, a un empresario a que deje su empresa que le genera para bien vivir y hasta riqueza,\u00a0 porque es cansado trabajar.<\/p>\n<p>Dice que no tiene contemplado un acuerdo. Pero tambi\u00e9n millones de mexicanos han advertido que existe desde hace muchos a\u00f1os. Desde antes que llegara a la Presidencia. El observador ha advertido en las visitas a la sierra de Sinaloa y a la madre de El Chapo. En su reconocimiento a los criminales y en otros hechos, una amalgama evidente. No oficial, que hay mucho que agradecer.<\/p>\n<p>\u00bfPor qu\u00e9 la orden a los soldados de aguantar las vejaciones en muchos lugares? \u00bfDe ser amagados por adolescentes armados de palos que los insultan y hasta los han agredido, sin que respondan ya sea hasta por amor propio? \u00bfPor qu\u00e9 sus expresiones de que son personas con derechos y merecen el respeto que ellos no muestran para nadie y que inclusive asesinan hasta por mera diversi\u00f3n?<\/p>\n<p>Por todo esto, continuar\u00e1 la ley de los abrazos. Insisti\u00f3 para variar.<\/p>\n<p><a href=\"mailto:ariosruiz@gmail.com\" target=\"_blank\" rel=\"noopener noreferrer\"><em>ariosruiz@gmail.com<\/em><\/a><\/p>\n","protected":false},"excerpt":{"rendered":"<p><span style=\"color: #005497;\"><strong>Armando R\u00edos Ruiz<\/strong><\/span><\/p>\n","protected":false},"author":3,"featured_media":0,"comment_status":"open","ping_status":"open","sticky":false,"template":"","format":"standard","meta":{"_monsterinsights_skip_tracking":false,"_monsterinsights_sitenote_active":false,"_monsterinsights_sitenote_note":"","_monsterinsights_sitenote_category":0,"footnotes":""},"categories":[88405],"tags":[88407,43674,91193],"class_list":["post-588741","post","type-post","status-publish","format-standard","hentry","category-armando-rios-ruiz","tag-armando-rios-ruiz","tag-opinion","tag-perfil-de-mexico"],"_links":{"self":[{"href":"https:\/\/www.diarioimagen.net\/index.php?rest_route=\/wp\/v2\/posts\/588741","targetHints":{"allow":["GET"]}}],"collection":[{"href":"https:\/\/www.diarioimagen.net\/index.php?rest_route=\/wp\/v2\/posts"}],"about":[{"href":"https:\/\/www.diarioimagen.net\/index.php?rest_route=\/wp\/v2\/types\/post"}],"author":[{"embeddable":true,"href":"https:\/\/www.diarioimagen.net\/index.php?rest_route=\/wp\/v2\/users\/3"}],"replies":[{"embeddable":true,"href":"https:\/\/www.diarioimagen.net\/index.php?rest_route=%2Fwp%2Fv2%2Fcomments&post=588741"}],"version-history":[{"count":0,"href":"https:\/\/www.diarioimagen.net\/index.php?rest_route=\/wp\/v2\/posts\/588741\/revisions"}],"wp:attachment":[{"href":"https:\/\/www.diarioimagen.net\/index.php?rest_route=%2Fwp%2Fv2%2Fmedia&parent=588741"}],"wp:term":[{"taxonomy":"category","embeddable":true,"href":"https:\/\/www.diarioimagen.net\/index.php?rest_route=%2Fwp%2Fv2%2Fcategories&post=588741"},{"taxonomy":"post_tag","embeddable":true,"href":"https:\/\/www.diarioimagen.net\/index.php?rest_route=%2Fwp%2Fv2%2Ftags&post=588741"}],"curies":[{"name":"wp","href":"https:\/\/api.w.org\/{rel}","templated":true}]}}