{"id":588836,"date":"2023-07-04T00:03:37","date_gmt":"2023-07-04T06:03:37","guid":{"rendered":"https:\/\/www.diarioimagen.net\/?p=588836"},"modified":"2023-07-04T00:44:26","modified_gmt":"2023-07-04T06:44:26","slug":"karla-fiesco-regresa-a-colonias-con-el-dia-ciudadano-somos-equipo-somos-futuro","status":"publish","type":"post","link":"https:\/\/www.diarioimagen.net\/?p=588836","title":{"rendered":"Karla Fiesco regresa a colonias con el D\u00eda Ciudadano \u201cSomos Equipo, Somos Futuro\u201d"},"content":{"rendered":"<p>&nbsp;<\/p>\n<ul>\n<li><em><strong>Atenci\u00f3n a demandas en Cuautitl\u00e1n Izcalli<\/strong><\/em><\/li>\n<\/ul>\n<p>&nbsp;<\/p>\n<div id=\"attachment_588914\" style=\"width: 470px\" class=\"wp-caption aligncenter\"><a href=\"https:\/\/www.diarioimagen.net\/?attachment_id=588914\" rel=\"attachment wp-att-588914\"><img loading=\"lazy\" decoding=\"async\" aria-describedby=\"caption-attachment-588914\" class=\"size-full wp-image-588914\" src=\"https:\/\/www.diarioimagen.net\/wp-content\/uploads\/2023\/07\/karla-fiesco.jpg\" alt=\"\" width=\"460\" height=\"270\" \/><\/a><p id=\"caption-attachment-588914\" class=\"wp-caption-text\">La alcaldesa Karla Fiesco Garc\u00eda regres\u00f3 a las colonias con el D\u00eda Ciudadano \u201cSomos Equipo, Somos Futuro\u201d, en esta ocasi\u00f3n acudi\u00f3 a Urbiquinta Montecarlo.<\/p><\/div>\n<p>&nbsp;<\/p>\n<p><strong>Cuautitl\u00e1n Izcalli, Estado de M\u00e9xico.\u2014<\/strong> A fin de reafirmar el compromiso con los izcallenses, la presidenta municipal Karla Fiesco Garc\u00eda regresa a las colonias con el D\u00eda Ciudadano \u201cSomos Equipo, Somos Futuro\u201d, en esta ocasi\u00f3n acudi\u00f3 a Urbiquinta Montecarlo, sumando 50 comunidades con este programa.<\/p>\n<p>La alcaldesa acudi\u00f3 al fraccionamiento a platicar con los vecinos y recorrer las calles para verificar su estado y darles una soluci\u00f3n inmediata. Este ejercicio se realizar\u00e1 un d\u00eda antes de todos los d\u00edas ciudadanos para revisar las colonias y escuchar a los habitantes.<\/p>\n<p>Posteriormente, el viernes pasado la alcaldesa y las diferentes \u00e1reas de la Administraci\u00f3n Municipal atendieron a los izcallenses de dicha comunidad, quienes agradecieron por sus calles iluminadas en donde fueron reparadas y colocadas un total de 224 luminarias tipo vial y punta de poste, adem\u00e1s de que se realiz\u00f3 el desmalezado y riego de \u00e1reas verdes, el perfilado, barrido y papeleo en tres mil metros cuadrados, la recolecci\u00f3n de residuos s\u00f3lidos urbanos, aplicaci\u00f3n de pintura en el parque.<\/p>\n<p>De igual manera, se realiz\u00f3 el bacheo de 774.86 m2 para lo que fue utilizada 80.22 toneladas de mezcla asf\u00e1ltica. Asimismo, Fiesco Garc\u00eda llev\u00f3 a cabo la entrega de un M\u00f3dulo de juegos infantiles para el sano esparcimiento de las ni\u00f1as y ni\u00f1os del fraccionamiento y la donaci\u00f3n tres brazos y tres l\u00e1mparas para para algunas zonas donde no contaban con iluminaci\u00f3n.<\/p>\n<p>\u201cEstamos realizando trabajos alrededor de todo el municipio, a fin de que las familias izcallenses puedan disfrutar de espacios p\u00fablicos seguros, de mejores vialidades, m\u00e1s obras y servicios p\u00fablicos de calidad\u201d, dijo.<\/p>\n<p>A\u00f1adi\u00f3 que seguir\u00e1 trabajando cerca de los ciudadanos para escuchar, atender y resolver sus inquietudes y peticiones, por lo que cada semana recorre las diferentes comunidades del municipio con el objetivo de mejorar la calidad de vida de sus familias.<\/p>\n","protected":false},"excerpt":{"rendered":"<p>A fin de reafirmar el compromiso con los izcallenses, la presidenta municipal Karla Fiesco Garc\u00eda regresa a las colonias con el D\u00eda Ciudadano \u201cSomos Equipo, Somos Futuro\u201d, en esta ocasi\u00f3n acudi\u00f3 a Urbiquinta Montecarlo, sumando 50 comunidades con este programa.<\/p>\n","protected":false},"author":3,"featured_media":588914,"comment_status":"open","ping_status":"open","sticky":false,"template":"","format":"standard","meta":{"_monsterinsights_skip_tracking":false,"_monsterinsights_sitenote_active":false,"_monsterinsights_sitenote_note":"","_monsterinsights_sitenote_category":0,"footnotes":""},"categories":[5],"tags":[98175,93011],"class_list":["post-588836","post","type-post","status-publish","format-standard","has-post-thumbnail","hentry","category-estado-de-mexico","tag-dia-ciudadano","tag-karla-fiesco-garcia"],"_links":{"self":[{"href":"https:\/\/www.diarioimagen.net\/index.php?rest_route=\/wp\/v2\/posts\/588836","targetHints":{"allow":["GET"]}}],"collection":[{"href":"https:\/\/www.diarioimagen.net\/index.php?rest_route=\/wp\/v2\/posts"}],"about":[{"href":"https:\/\/www.diarioimagen.net\/index.php?rest_route=\/wp\/v2\/types\/post"}],"author":[{"embeddable":true,"href":"https:\/\/www.diarioimagen.net\/index.php?rest_route=\/wp\/v2\/users\/3"}],"replies":[{"embeddable":true,"href":"https:\/\/www.diarioimagen.net\/index.php?rest_route=%2Fwp%2Fv2%2Fcomments&post=588836"}],"version-history":[{"count":0,"href":"https:\/\/www.diarioimagen.net\/index.php?rest_route=\/wp\/v2\/posts\/588836\/revisions"}],"wp:featuredmedia":[{"embeddable":true,"href":"https:\/\/www.diarioimagen.net\/index.php?rest_route=\/wp\/v2\/media\/588914"}],"wp:attachment":[{"href":"https:\/\/www.diarioimagen.net\/index.php?rest_route=%2Fwp%2Fv2%2Fmedia&parent=588836"}],"wp:term":[{"taxonomy":"category","embeddable":true,"href":"https:\/\/www.diarioimagen.net\/index.php?rest_route=%2Fwp%2Fv2%2Fcategories&post=588836"},{"taxonomy":"post_tag","embeddable":true,"href":"https:\/\/www.diarioimagen.net\/index.php?rest_route=%2Fwp%2Fv2%2Ftags&post=588836"}],"curies":[{"name":"wp","href":"https:\/\/api.w.org\/{rel}","templated":true}]}}