{"id":588859,"date":"2023-07-04T00:05:10","date_gmt":"2023-07-04T06:05:10","guid":{"rendered":"https:\/\/www.diarioimagen.net\/?p=588859"},"modified":"2023-07-05T01:04:00","modified_gmt":"2023-07-05T07:04:00","slug":"se-bajan-los-junior-de-la-contienda","status":"publish","type":"post","link":"https:\/\/www.diarioimagen.net\/?p=588859","title":{"rendered":"Se bajan los junior de la contienda"},"content":{"rendered":"<h2>Desde el portal<\/h2>\n<h5>\u00c1ngel Soriano<\/h5>\n<p>&nbsp;<\/p>\n<p>Sin m\u00e1s m\u00e9ritos que ser hijos de emblem\u00e1ticos pol\u00edticos del priismo en decadencia, aspirantes a la candidatura presidencial se bajaron de la contienda con diversos pretextos, pero lo real es que no cuentan ni con infraestructura ni simpat\u00edas para semejante empresa, m\u00e1s que el legado de sus padres que destacaron en otra \u00e9poca, ya superada, y hoy es otra realidad.<\/p>\n<p>Hija del destacado pol\u00edtico e intelectual guerrerense Jos\u00e9 Francisco Ruiz Massieu, sacrificado por intereses pol\u00edticos, econ\u00f3micos o familiares, su hija la senadora Claudia Ruiz Massieu hizo el intento por abanderar al decadente tricolor en los comicios de 2024 e incluso lleg\u00f3 a acu\u00f1ar la frase de que una Claudia s\u00ed llegar\u00e1 a la Presidencia, pero Ruiz Massieu, no Sheinbaum Pardo.<\/p>\n<p>La guerrerense, al saber que se requieren de 150 mil firmas para avalar la candidatura al Palacio Nacional, lo pens\u00f3 bien y se retir\u00f3; Enrique de la Madrid, por el hecho de haber sido secretario de Turismo e hijo del ex presidente Miguel de la Madrid, aspira a lo mismo cuando no sabe ni de econom\u00eda. Recorre un mercado y constata lo elevado de los precios, pero los comerciantes son intermediarios, no son productores y el alza obedece al alto costo de producci\u00f3n, no de comercializaci\u00f3n. Sigue en la contienda.<\/p>\n<p>De igual manera, Alejandro Murat Hinojosa, constat\u00f3 que no es lo mismo ser gobernador y tener los reflectores por las obras que en Oaxaca realiza y supervisa el presidente L\u00f3pez Obrador a tener personalidad propia. Sin el cargo y sin la cercan\u00eda del Presidente se dio cuenta que no le alcanza para obtener una candidatura presidencial; se requiere trabajo de a\u00f1os, de d\u00e9cadas, de visi\u00f3n e imaginaci\u00f3n, pero sobre todo, tener convicciones. No son tiempos de elaborar y vender productos de la publicidad o de la herencia pol\u00edtica, se requiere de trabajo y de cercan\u00eda con el pueblo.<\/p>\n<p style=\"text-align: center;\"><strong>TURBULENCIAS<br \/>\nClaudio X. Gonz\u00e1lez augura derrota de la IV-T<\/strong><\/p>\n<p>\u00a0En respuesta al presidente L\u00f3pez Obrador, que lo llam\u00f3 gerente del \u201csupremo grupo conservador\u201d, Claudio X. Gonz\u00e1lez Jr, mecenas del Frente Amplio por M\u00e9xico, dijo que la agresi\u00f3n en su contra es porque se reconoce el fracaso de la actual administraci\u00f3n y porque se prev\u00e9 una derrota de Morena en los comicios del 2024, pero no se habla de las deserciones de pol\u00edticos e intelectuales que hab\u00edan sido convocados para elaborar la estrategia del grupo opositor para llevar a buen puerto el proceso electoral en marcha. Las renuncias han sido porque a los convocados no se les dio su lugar o porque simple y sencillamente no comparten principios ni aspiraciones de grupos y facciones, por encima de los intereses mayoritarios\u2026 Intensa la propaganda de los l\u00edderes\u00a0 parlamentarios en el Senado, Alejandro Armenta Mier y Nacho Mier, de San L\u00e1zaro, en busca de la candidatura de Morena al gobierno de Puebla, en tanto que el gobernador Sergio Salom\u00f3n C\u00e9spedes acept\u00f3 la renuncia de su secretario de Gobierno, Julio Huerta G\u00f3mez, quien buscar\u00e1 la candidatura de Morena al gobierno del estado; su lugar podr\u00eda quedar en manos del subsecretario Ardelio Vargas Fosado, ex comisario de la Polic\u00eda Federal\u2026 La comprendo, dijo el coordinador de Morena en San L\u00e1zaro, Ignacio Mier Velazco, al comentar la actitud de la diputada, In\u00e9s Parra Ju\u00e1rez, que difundi\u00f3 una comida que tuvo en Polanco con el Auditor Superior de la Federaci\u00f3n, David Colmenares P\u00e1ramo, quien depende del Poder Legislativo. Me re\u00fano con todos, pero en el caso del titular de la ASF buscamos un lugar intermedio toda vez que la C\u00e1mara de Diputados est\u00e1 a una hora de las oficinas del auditor, indic\u00f3. In\u00e9s Parra considera que la pol\u00edtica es enfrentamiento y agresi\u00f3n, no di\u00e1logo y entendimiento. Adem\u00e1s la ASF depende del Poder Legislativo.<\/p>\n<p><u><a href=\"mailto:asorianocarrasco@yahoo.com\" target=\"_blank\" rel=\"noopener noreferrer\"><em>asorianocarrasco@yahoo.com<\/em><\/a><br \/>\n<em><a href=\"https:\/\/revistabrecha.com\" target=\"_blank\" rel=\"noopener noreferrer\">www.revistabrecha.com<\/a><br \/>\n<\/em><\/u><em>facebook oficial <a href=\"https:\/\/es-la.facebook.com\/RevistaBrecha.Oficial\" target=\"_blank\" rel=\"noopener\">@BrechaRevista<\/a><\/em><\/p>\n","protected":false},"excerpt":{"rendered":"<p><span style=\"color: #005497;\"><strong>\u00c1ngel Soriano<\/strong><\/span><\/p>\n","protected":false},"author":3,"featured_media":0,"comment_status":"open","ping_status":"open","sticky":false,"template":"","format":"standard","meta":{"_monsterinsights_skip_tracking":false,"_monsterinsights_sitenote_active":false,"_monsterinsights_sitenote_note":"","_monsterinsights_sitenote_category":0,"footnotes":""},"categories":[135],"tags":[85,86,43674],"class_list":["post-588859","post","type-post","status-publish","format-standard","hentry","category-angel-soriano-opinion","tag-angel-soriano","tag-desde-el-portal","tag-opinion"],"_links":{"self":[{"href":"https:\/\/www.diarioimagen.net\/index.php?rest_route=\/wp\/v2\/posts\/588859","targetHints":{"allow":["GET"]}}],"collection":[{"href":"https:\/\/www.diarioimagen.net\/index.php?rest_route=\/wp\/v2\/posts"}],"about":[{"href":"https:\/\/www.diarioimagen.net\/index.php?rest_route=\/wp\/v2\/types\/post"}],"author":[{"embeddable":true,"href":"https:\/\/www.diarioimagen.net\/index.php?rest_route=\/wp\/v2\/users\/3"}],"replies":[{"embeddable":true,"href":"https:\/\/www.diarioimagen.net\/index.php?rest_route=%2Fwp%2Fv2%2Fcomments&post=588859"}],"version-history":[{"count":0,"href":"https:\/\/www.diarioimagen.net\/index.php?rest_route=\/wp\/v2\/posts\/588859\/revisions"}],"wp:attachment":[{"href":"https:\/\/www.diarioimagen.net\/index.php?rest_route=%2Fwp%2Fv2%2Fmedia&parent=588859"}],"wp:term":[{"taxonomy":"category","embeddable":true,"href":"https:\/\/www.diarioimagen.net\/index.php?rest_route=%2Fwp%2Fv2%2Fcategories&post=588859"},{"taxonomy":"post_tag","embeddable":true,"href":"https:\/\/www.diarioimagen.net\/index.php?rest_route=%2Fwp%2Fv2%2Ftags&post=588859"}],"curies":[{"name":"wp","href":"https:\/\/api.w.org\/{rel}","templated":true}]}}