{"id":588862,"date":"2023-07-04T00:08:32","date_gmt":"2023-07-04T06:08:32","guid":{"rendered":"https:\/\/www.diarioimagen.net\/?p=588862"},"modified":"2023-07-03T23:27:45","modified_gmt":"2023-07-04T05:27:45","slug":"xochitl-la-elegida","status":"publish","type":"post","link":"https:\/\/www.diarioimagen.net\/?p=588862","title":{"rendered":"X\u00f3chitl, la elegida"},"content":{"rendered":"<h2>Punto por punto<\/h2>\n<h5>Augusto Corro<\/h5>\n<p>&nbsp;<\/p>\n<p>En la \u201cma\u00f1anera\u201d, el presidente Andr\u00e9s Manuel L\u00f3pez Obrador asegur\u00f3 que X\u00f3chitl G\u00e1lvez ser\u00e1, por dedazo, la candidata de la oposici\u00f3n.<\/p>\n<p>Como se inform\u00f3, en el llamado Frente Amplio por M\u00e9xico se busca al abanderado que lo represente en la contienda presidencial de 2024.<\/p>\n<p>El Frente Amplio por M\u00e9xico sustituye a la alianza Va por M\u00e9xico integrada por PAN, PRI y PRD. A la nueva coalici\u00f3n partidista se suma la sociedad civil.<\/p>\n<p>No fue una sorpresa que el mandatario tabasque\u00f1o diera a conocer a la \u201ccorcholata\u201d opositora, X\u00f3chitl G\u00e1lvez.<\/p>\n<p>La senadora hidalguense ya lleva varios d\u00edas con los reflectores encima, tras autodestaparse como aspirante a la candidatura presidencial.<\/p>\n<p>En la oposici\u00f3n, a\u00fan falta que la hidalguense cumpla con los requisitos que exige el Frente Amplio por M\u00e9xico a quienes quieren participar en las elecciones presidenciales.<\/p>\n<p>Son, precisamente, las exigencias del m\u00e9todo de designaci\u00f3n de candidato las que no les agradaron a todos los aspirantes.<\/p>\n<p>Fue Lilly T\u00e9llez, la senadora sonorense, quien fue la primera en no estar de acuerdo con las reglas de selecci\u00f3n.<\/p>\n<p>No tard\u00f3 en anunciar su renuncia a la candidatura. No parece que la legisladora tenga el apoyo de alg\u00fan partido.<\/p>\n<p>En su Partido Acci\u00f3n Nacional (PAN) no se hizo el trabajo necesario para evitar que la sonorense cancelara sus ambiciones pol\u00edticas.<\/p>\n<p>Lilly T\u00e9llez le dej\u00f3 el campo libre a su adversario Santiago Creel, quien es otro de los precandidatos de la oposici\u00f3n.<\/p>\n<p>Todo hace suponer que X\u00f3chitl G\u00e1lvez lleg\u00f3 a Acci\u00f3n Nacional a calmar las aguas. Lo mismo podr\u00eda ocurrir en las dem\u00e1s organizaciones pol\u00edticas opositoras.<\/p>\n<p>Por otra parte, en la oposici\u00f3n se registran las renuncias de otros aspirantes. La semana pasada se bajaron de la competencia la senadora Claudia Ruiz Massieu, del PRI, y el ex gobernador, Alejandro Murat, tambi\u00e9n priista.<\/p>\n<p>Tambi\u00e9n dijo no al proceso de selecci\u00f3n el empresario Gustavo de Hoyos por parte de la denominada sociedad civil.<\/p>\n<p>Otros que optaron por dejar la competencia son el senador Germ\u00e1n Mart\u00ednez C\u00e1zares y el gobernador de Yucat\u00e1n, Mauricio Vila.<\/p>\n<p>La mayor\u00eda de quienes renunciaron no est\u00e1n de acuerdo con la forma en que se elegir\u00e1 al aspirante presidencial.<\/p>\n<p>Concretamente, el precandidato Gustavo de Hoyos argument\u00f3 que el requisito de entregar 150 mil firmas de apoyo para el registro de las candidaturas deja en desventaja a los ciudadanos como \u00e9l, ante los aspirantes pol\u00edticos.<\/p>\n<p>Cabe se\u00f1alar que en la lista de \u201ccorcholatas\u201d opositoras siguen los siguientes pol\u00edticos:<\/p>\n<p>X\u00f3chitl G\u00e1lvez, 60 a\u00f1os, senadora por el PAN, sin militancia partidista.<\/p>\n<p>Jos\u00e9 \u00c1ngel Gurr\u00eda, 73 a\u00f1os, priista.<\/p>\n<p>Santiago Creel Miranda, de 68 a\u00f1os, presidente de la C\u00e1mara de Diputados, militante panista.<\/p>\n<p>Beatriz Paredes Rangel, 69 a\u00f1os, senadora del PRI.<\/p>\n<p>Silvano Aureoles, 57 a\u00f1os, perredista, ex gobernador de Michoac\u00e1n.<\/p>\n<p>Enrique de la Madrid, 60 a\u00f1os, ex secretario de Turismo (PRI).<\/p>\n<p>Miguel \u00c1ngel Mancera, 57 a\u00f1os, senador del PRD, ex jefe de Gobierno de la CDMX.<\/p>\n<p>Ildefonso Guajardo, 66 a\u00f1os, diputado del PRI, ex secretario de Econom\u00eda.<\/p>\n<p>Gabriel Quadri, 68 a\u00f1os, diputado panista, ya fue candidato presidencial por el partido<\/p>\n<p>Nueva Alianza.<\/p>\n<p>Jorge Luis Preciado, 50 a\u00f1os, ex diputado y ex senador panista.<\/p>\n<p>Como se\u00f1alamos l\u00edneas arriba, en la oposici\u00f3n realmente tendr\u00e1n que empe\u00f1arse en buscar una candidatura competitiva.<\/p>\n<p>\u00bfTiene X\u00f3chitl G\u00e1lvez la estatura pol\u00edtica suficiente para enfrentar al gobierno lopezobradorista y al partido oficial Morena?<\/p>\n<p>\u00bfQu\u00e9 ser\u00e1 de la unidad de las organizaciones opositoras?<\/p>\n<p>La ex candidata Lilly T\u00e9llez ya fue invitada a participar en el movimiento Viva M\u00e9xico de extrema derecha.<\/p>\n<p>Claudio X. Gonz\u00e1lez se da por satisfecho con la candidatura de X\u00f3chitl.<\/p>\n<p>S\u00f3lo faltan las reacciones de los partidos de la oposici\u00f3n al ver que sus aspirantes presidenciales no fueron tomados en cuenta por el empresario Claudio X. Gonz\u00e1lez.<\/p>\n<p>\u00bfUsted qu\u00e9 opina amable lector?<\/p>\n<p><a href=\"mailto:augustocorro2742@gmail.com\" target=\"_blank\" rel=\"noopener\"><em>augustocorro2742@gmail.com<\/em><\/a><\/p>\n","protected":false},"excerpt":{"rendered":"<p><span style=\"color: #005497;\"><strong>Augusto Corro<\/strong><\/span><\/p>\n","protected":false},"author":3,"featured_media":0,"comment_status":"open","ping_status":"open","sticky":false,"template":"","format":"standard","meta":{"_monsterinsights_skip_tracking":false,"_monsterinsights_sitenote_active":false,"_monsterinsights_sitenote_note":"","_monsterinsights_sitenote_category":0,"footnotes":""},"categories":[157],"tags":[43686,43674,11515],"class_list":["post-588862","post","type-post","status-publish","format-standard","hentry","category-augusto-corro","tag-augusto-corro","tag-opinion","tag-punto-por-punto"],"_links":{"self":[{"href":"https:\/\/www.diarioimagen.net\/index.php?rest_route=\/wp\/v2\/posts\/588862","targetHints":{"allow":["GET"]}}],"collection":[{"href":"https:\/\/www.diarioimagen.net\/index.php?rest_route=\/wp\/v2\/posts"}],"about":[{"href":"https:\/\/www.diarioimagen.net\/index.php?rest_route=\/wp\/v2\/types\/post"}],"author":[{"embeddable":true,"href":"https:\/\/www.diarioimagen.net\/index.php?rest_route=\/wp\/v2\/users\/3"}],"replies":[{"embeddable":true,"href":"https:\/\/www.diarioimagen.net\/index.php?rest_route=%2Fwp%2Fv2%2Fcomments&post=588862"}],"version-history":[{"count":0,"href":"https:\/\/www.diarioimagen.net\/index.php?rest_route=\/wp\/v2\/posts\/588862\/revisions"}],"wp:attachment":[{"href":"https:\/\/www.diarioimagen.net\/index.php?rest_route=%2Fwp%2Fv2%2Fmedia&parent=588862"}],"wp:term":[{"taxonomy":"category","embeddable":true,"href":"https:\/\/www.diarioimagen.net\/index.php?rest_route=%2Fwp%2Fv2%2Fcategories&post=588862"},{"taxonomy":"post_tag","embeddable":true,"href":"https:\/\/www.diarioimagen.net\/index.php?rest_route=%2Fwp%2Fv2%2Ftags&post=588862"}],"curies":[{"name":"wp","href":"https:\/\/api.w.org\/{rel}","templated":true}]}}