{"id":588865,"date":"2023-07-04T00:03:35","date_gmt":"2023-07-04T06:03:35","guid":{"rendered":"https:\/\/www.diarioimagen.net\/?p=588865"},"modified":"2023-07-03T23:30:16","modified_gmt":"2023-07-04T05:30:16","slug":"falta-visto-bueno-de-la-ip-a-xochitl","status":"publish","type":"post","link":"https:\/\/www.diarioimagen.net\/?p=588865","title":{"rendered":"Falta visto bueno de la IP a X\u00f3chitl"},"content":{"rendered":"<h2>Espacio Electoral<\/h2>\n<h5>Eleazar Flores<\/h5>\n<p>&nbsp;<\/p>\n<p><strong>OPOSICI\u00d3N-.<\/strong> De entre la lista de IDOS del PRI hay militantes variopintos, pues si bien fueron cuadros reconocidos, otros llegaron por el elevador, como el caso de Claudia Ruiz Massieu, cuyo linaje lo dice todo; pero demostr\u00f3 tama\u00f1os como funcionaria eficiente en el gobierno federal, como en cargos de elecci\u00f3n.<\/p>\n<p>En su momento, Claudia discrep\u00f3 de su jefe Enrique Pe\u00f1a Nieto en la recepci\u00f3n del entonces candidato presidencial republicano Donald Trump, tanto que a los pocos d\u00edas fue sustituida por Luis Videgaray en la Canciller\u00eda.<\/p>\n<p>De entre los dos IDOS priistas m\u00e1s famosos hay algunas similitudes, Miguel \u00c1ngel Osorio Chong y Eruviel \u00c1vila Villegas, ambos gobernadores, el primero de Hidalgo y el segundo, del Estado de M\u00e9xico; los dos entregaron sus cargos a priistas como Francisco Olvera Ruiz y a Alfredo Del Mazo Maza, respectivamente.<\/p>\n<p>Osorio Chong, seguramente \u201cind\u00edgena\u201d chino de Cant\u00f3n u otro lugar,\u00a0 adem\u00e1s fue delegado priista en el Edomex siendo Enrique Pe\u00f1a gobernador, pero su fama trasciende como Secretario de Gobernaci\u00f3n del sexenio pe\u00f1ista, salvo los \u00faltimos meses, por ir en busca de una senadur\u00eda que aun ostenta.<\/p>\n<p>Con todo y la fuerte debilidad del PRI y la \u201cCETEMISTA\u201d (por eternizarse en el cargo) y discutida dirigencia de Alejandro Moreno C\u00e1rdenas al frente partido, \u00e9ste\u00a0 podr\u00eda \u201cSOBREVIVIR\u201d un tiempo m\u00e1s, dependiendo de c\u00f3mo le vaya en el proceso interno para escoger candidato-a presidencial por parte del FRENTE POR M\u00c9XICO, donde ser\u00e1n determinantes las opiniones del PAN, PRD, y sobre todo la SOCIEDAD CIVIL participante, cuyo visto bueno a la hidalguense ser\u00e1 determinante.<\/p>\n<p><strong>X\u00d3CHITL, LA HIDALGUENSE-.<\/strong> Parecida en su personalidad y car\u00e1cter franco y claro, como lo es la cient\u00edfica Julieta Fierro, la hidalguense X\u00f3chitl G\u00e1lvez tambi\u00e9n forma parte de la comunidad cient\u00edfica de la misma UNAM como Julieta; destacando en sus investigaciones sobre SUSTENTABILIDAD, construcci\u00f3n de edificios inteligentes y dem\u00e1s.<\/p>\n<p>Se habla poco de su filantrop\u00eda en apoyo de ni\u00f1ez y comunidades despose\u00eddas preferentemente, de las que X\u00f3chitl proviene y de cuyo origen no niega, por el contrario se siente orgullosa.<\/p>\n<p>Buscando en principio una candidatura a jefa de Gobierno, X\u00f3chitl ampli\u00f3 sus posibilidades cuando le cerr\u00f3 la puerta de Palacio Nacional el presidente Andr\u00e9s Manuel L\u00f3pez Obrador, quien con su car\u00e1cter y \u201cFINO\u201d estilo CHOCARRERO se pitorre\u00f3 de la posible candidata presidencial de X\u00f3chitl G\u00e1lvez Ruiz.<\/p>\n<p>Sabedor de poder HABLAR de la oposici\u00f3n, pero NO ATACARLA, transgrediendo a todas luces el marco electoral vigente por opinar de sus ADVERSARIOS, el presidente L\u00f3pez Obrador desempe\u00f1\u00f3 una vez m\u00e1s su papel de DESTAPADOR, ahora no de \u201ccorcholata\u201d sino de un elemento ajeno a su partido.<\/p>\n<p>En resumen, DOS HIDALGUENSES en el escenario pol\u00edtico nacional, Osorio y X\u00f3chitl.<\/p>\n<p><em><a href=\"mailto:elefa44@gmail.com\" target=\"_blank\" rel=\"noopener noreferrer\">elefa44@gmail.com<\/a><\/em><\/p>\n","protected":false},"excerpt":{"rendered":"<p><span style=\"color: #005497;\"><strong>Eleazar Flores<\/strong><\/span><\/p>\n","protected":false},"author":3,"featured_media":0,"comment_status":"open","ping_status":"open","sticky":false,"template":"","format":"standard","meta":{"_monsterinsights_skip_tracking":false,"_monsterinsights_sitenote_active":false,"_monsterinsights_sitenote_note":"","_monsterinsights_sitenote_category":0,"footnotes":""},"categories":[81743],"tags":[81744,81776,43674],"class_list":["post-588865","post","type-post","status-publish","format-standard","hentry","category-eleazar-flores","tag-eleazar-flores","tag-espacio-electoral","tag-opinion"],"_links":{"self":[{"href":"https:\/\/www.diarioimagen.net\/index.php?rest_route=\/wp\/v2\/posts\/588865","targetHints":{"allow":["GET"]}}],"collection":[{"href":"https:\/\/www.diarioimagen.net\/index.php?rest_route=\/wp\/v2\/posts"}],"about":[{"href":"https:\/\/www.diarioimagen.net\/index.php?rest_route=\/wp\/v2\/types\/post"}],"author":[{"embeddable":true,"href":"https:\/\/www.diarioimagen.net\/index.php?rest_route=\/wp\/v2\/users\/3"}],"replies":[{"embeddable":true,"href":"https:\/\/www.diarioimagen.net\/index.php?rest_route=%2Fwp%2Fv2%2Fcomments&post=588865"}],"version-history":[{"count":0,"href":"https:\/\/www.diarioimagen.net\/index.php?rest_route=\/wp\/v2\/posts\/588865\/revisions"}],"wp:attachment":[{"href":"https:\/\/www.diarioimagen.net\/index.php?rest_route=%2Fwp%2Fv2%2Fmedia&parent=588865"}],"wp:term":[{"taxonomy":"category","embeddable":true,"href":"https:\/\/www.diarioimagen.net\/index.php?rest_route=%2Fwp%2Fv2%2Fcategories&post=588865"},{"taxonomy":"post_tag","embeddable":true,"href":"https:\/\/www.diarioimagen.net\/index.php?rest_route=%2Fwp%2Fv2%2Ftags&post=588865"}],"curies":[{"name":"wp","href":"https:\/\/api.w.org\/{rel}","templated":true}]}}