{"id":588879,"date":"2023-07-04T00:12:39","date_gmt":"2023-07-04T06:12:39","guid":{"rendered":"https:\/\/www.diarioimagen.net\/?p=588879"},"modified":"2023-07-03T23:43:13","modified_gmt":"2023-07-04T05:43:13","slug":"alito-atribuye-salida-de-osorio-y-otros-a-amlo","status":"publish","type":"post","link":"https:\/\/www.diarioimagen.net\/?p=588879","title":{"rendered":"<em>Alito<\/em> atribuye salida de Osorio y otros a AMLO"},"content":{"rendered":"<h2>Tras la puerta del poder<\/h2>\n<h5>Roberto Vizca\u00edno<\/h5>\n<p>&nbsp;<\/p>\n<p>En un duro, pero sobre todo directo, video subido a redes, <strong>Alejandro <em>Alito<\/em> Moreno<\/strong> no les reclama a los 4 senadores tricolores que ayer dejaron su partido, sino que atribuye esta defecci\u00f3n a acciones o dictados de <strong>Andr\u00e9s Manuel L\u00f3pez Obrador<\/strong> para hacerle da\u00f1o al partido en el que \u00e9l milit\u00f3 y as\u00ed debilitar al Frente Amplio por M\u00e9xico.<\/p>\n<p>\u00bfQu\u00e9 informaci\u00f3n tiene el diputado y presidente del PRI que afirma que <strong>AMLO <\/strong>sabe que va a perder en 2024 ante el Frente <em>y eso los lleva a recurrir a las maniobras m\u00e1s bajas y reprobables para debilitar a nuestro partido y quererlo hacer en el frente amplio por M\u00e9xico<\/em>?<\/p>\n<p>Entre pol\u00edticos se imputan, cuelgan muchas cosas. Es f\u00e1cil escucharlos culparse de esto y lo otro. Pero que un dirigente de un partido se lo atribuya al Presidente de su pa\u00eds ya es otra cosa.<\/p>\n<p>La cuesti\u00f3n es que <strong><em>Alito <\/em><\/strong>no les reclama a los senadores <strong>Miguel \u00c1ngel Osorio Chong<\/strong>, <strong>Eruviel \u00c1vila<\/strong>, <strong>Claudia Ruiz Massieu<\/strong> y <strong>Nuvia Mayorga<\/strong> su renuncia al PRI, sino que se va directamente a imputarle ese hecho a <strong>AMLO<\/strong>.<\/p>\n<p>Vale la pena ir a este texto, dicho con vehemencia tropical por el campechano:<\/p>\n<p>\u201cPresidente <strong>L\u00f3pez Obrador<\/strong>, usted habla como si el PRI fuera igual a Morena, pero d\u00e9jeme decirle algo: <strong>Lo mejor del PRI se qued\u00f3 en el PRI y lo peor que estaba en el PRI est\u00e1 de su lado (<\/strong>o sea, \u00bflos que renunciaron pasaron a la n\u00f3mina de econ\u00f3mica o pol\u00edtica de <strong>AMLO?)<\/strong>\u2026<\/p>\n<p>\u201cNo mentir, no robar y no traicionar es letra muerta en su gobierno y en su partido porque usted hoy tiene en algunas embajadas y en su gabinete a personas que antes llam\u00f3 mentirosos, ladrones, corruptos y traidores\u2026 y no lo digo yo, usted y su partido lo han dicho todos los d\u00edas, pero usted milit\u00f3 en el PRI, incluso 3 de sus <strong><em>corcholatas<\/em><\/strong> \u2014<strong>Marcelo Ebrard<\/strong>, <strong>Ad\u00e1n Augusto L\u00f3pez<\/strong> y <strong>Ricardo Monreal<\/strong>\u2014 militaron en el PRI.<\/p>\n<p>\u201cDeje de culpar al PRI de que no le salgan sus caprichos y sus ambiciones personales. Su gran error ha sido politizar la desgracia de los mexicanos, alimentar la pobreza y la desigualdad para impulsar su discurso de odio y divisi\u00f3n. Por eso ya no les creen, por eso el pueblo ya no conf\u00eda en ustedes. Fueron muy h\u00e1biles para ilusionar a la gente, pero han sido mejores para decepcionarla y, lo peor, meterse con lo m\u00e1s valioso que tienen las y los mexicanos: La seguridad de las familias.<\/p>\n<p>\u201cEst\u00e1n desesperados porque van a perder en el 2024. Y eso los lleva a recurrir a las maniobras m\u00e1s bajas y reprobables para debilitar a nuestro partido y quererlo hacer en el Frente Amplio por M\u00e9xico.<\/p>\n<p>\u201cPero vamos a dejarlo claro: <strong><em>Quienes hoy se van del PRI<\/em><\/strong> lo hacen porque saben que en este partido se acabaron los militantes de primera y de segunda, y se acabaron darle espacio a los que chantajean y nunca trabajan por la militancia. El PRI no volver\u00e1 a ser de quienes s\u00f3lo buscan el cargo, se sienten intocables y se resguardan tras un escritorio o un tel\u00e9fono celular sin despeinarse. Nuestro partido es de militantes de a pie, que est\u00e1n bajo la lluvia y bajo el sol, que dan la batalla en el territorio y que lo defienden en lo p\u00fablico y en lo privado. Nuestro partido construye con la ciudadan\u00eda, no finge como sus <em>corcholatas<\/em> contar con su apoyo en campa\u00f1as anticipadas y que solo representan el despilfarro de los recursos p\u00fablicos.<\/p>\n<p>\u201cCelebramos por ello los foros del M\u00e9xico que queremos, que contaron con una amplia participaci\u00f3n social en todo el pa\u00eds. Logramos recuperar grandes propuestas y grandes ideas que ser\u00e1n el centro de nuestra plataforma pol\u00edtica. Seguimos trabajando en nuestra campa\u00f1a nacional de afiliaci\u00f3n con la que estamos sumando cada d\u00eda m\u00e1s voluntades a nuestro proyecto.<\/p>\n<p>\u201cLo dejamos claro: En el PRI y en el Frente Amplio por M\u00e9xico estamos m\u00e1s unidos que nunca, con apremio y sin descanso, con firmeza y decisi\u00f3n defenderemos al pueblo de M\u00e9xico, su libertad y su democracia. En el PRI estamos listos para enfrentarlos, <em>no nos van a doblar y les vamos a ganar en el 2024<\/em> y aqu\u00ed estamos los que queremos un M\u00e9xico distinto, un M\u00e9xico mejor, y que juntos construyamos el mejor M\u00e9xico de todos los tiempos\u201d.<\/p>\n<p style=\"text-align: center;\"><strong>Osorio y compa\u00f1\u00eda, sin futuro<\/strong><\/p>\n<p>Fuera de lo anterior, lo cierto es que los 4 renunciantes al PRI hace rato que ya no estaban en ese partido. Otra cosa es que pues salvo por ah\u00ed una veintena m\u00e1s, no tienen m\u00e1s priistas con ellos. Nada que haga sudar a <em>Alito<\/em>.<\/p>\n<p>Todos ellos saben que no ten\u00edan futuro ni pod\u00edan aspirar a ser reelectos en el Senado. Y fuera de eso pues no hay m\u00e1s a lo que pudieran aspirar.<\/p>\n<p>La \u00fanica que llama la atenci\u00f3n es <strong>Claudia Ruiz Massieu,<\/strong> quien podr\u00eda todav\u00eda girar algo dentro del PRI actual.<\/p>\n<p>El otro odioso hecho para los renunciantes y muchos malquerientes de <em>Alito<\/em>, es que el campechano es quien tiene el poder de la firma de cheques y prerrogativas en ese partido y, para promover candidaturas, va a ser quien d\u00e9 el visto bueno o vete, a quienes quieran ser diputados y senadores pluris o de mayor\u00eda, ya sea por reelecci\u00f3n o por elecci\u00f3n directa en la siguiente legislatura.<\/p>\n<p>Lo mismo para quienes quieran ser alcaldes, diputados locales o incluso gobernadores.<\/p>\n<p>Y va a ser quien firme el registro legal ante el INE del candidato de unidad para la Presidencia de la Rep\u00fablica de <strong><em>Va por M\u00e9xico<\/em><\/strong> y eso les hace perder el sue\u00f1o no s\u00f3lo a <strong>AMLO,<\/strong> sino a quienes odian furiosamente a <em>Alito<\/em>.<\/p>\n<p>El campechano, lo quieran o no, es due\u00f1o del PRI y sus acciones y recursos hasta el 2024. Nada qu\u00e9 hacer. As\u00ed que les recomiendo tomarse un passiflorine y un gran Alka-Seltzer pa\u2019 equilibrar \u00e1nimos y agruras.<\/p>\n<p style=\"text-align: center;\"><strong>Osorio y otros, a su <em>club de barrio<\/em><\/strong><\/p>\n<p>En este contexto, la decisi\u00f3n de los senadores<strong> Miguel Osorio Chong<\/strong>, <strong>Claudia Ruiz Massieu<\/strong>, <strong>Eruviel<\/strong> <strong>\u00c1vila<\/strong> y <strong>Nuvia Mayorga<\/strong> de irse a fundar el movimiento \u201cCongruencia por M\u00e9xico\u201d es como haber bateado en las grandes ligas para terminar jugando en un terregoso bald\u00edo del Bronx.<\/p>\n<p>Vaya, su nuevo club ni siquiera puede ser considerada una asociaci\u00f3n pol\u00edtica porque en tiempos electorales el INE no puede abrirle un espacio legal a algo as\u00ed.<\/p>\n<p>Lo peor de todo es que ellos lo saben. Triste caso.<\/p>\n<p><em><a href=\"mailto:rvizcainoa@gmail.com\" target=\"_blank\" rel=\"noopener noreferrer\">vizcainoa@gmail.com<\/a><a href=\"mailto:rvizcainoa@gmail.com\" target=\"_blank\" rel=\"noopener noreferrer\"><br \/>\n<\/a><a href=\"http:\/\/endirecto.mx\" target=\"_blank\" rel=\"noopener noreferrer\">www.endirecto.mx<\/a><a href=\"mailto:rvizcainoa@gmail.com\" target=\"_blank\" rel=\"noopener noreferrer\"><br \/>\n<\/a><a href=\"https:\/\/twitter.com\/_rvizcaino\" target=\"_blank\" rel=\"noopener noreferrer\">@_RVizcaino<\/a><a href=\"mailto:rvizcainoa@gmail.com\" target=\"_blank\" rel=\"noopener noreferrer\"><br \/>\n<\/a><a href=\"https:\/\/www.facebook.com\/rvizcainoa\" target=\"_blank\" rel=\"noopener noreferrer\">facebook.com\/rvizcainoa<\/a><\/em><\/p>\n","protected":false},"excerpt":{"rendered":"<p><span style=\"color: #005497;\"><strong>Roberto Vizca\u00edno<\/strong><\/span><\/p>\n","protected":false},"author":3,"featured_media":0,"comment_status":"open","ping_status":"open","sticky":false,"template":"","format":"standard","meta":{"_monsterinsights_skip_tracking":false,"_monsterinsights_sitenote_active":false,"_monsterinsights_sitenote_note":"","_monsterinsights_sitenote_category":0,"footnotes":""},"categories":[136],"tags":[43674,93,94],"class_list":["post-588879","post","type-post","status-publish","format-standard","hentry","category-roberto-vizcaino-opinion","tag-opinion","tag-roberto-vizcaino","tag-tras-la-puerta-del-poder"],"_links":{"self":[{"href":"https:\/\/www.diarioimagen.net\/index.php?rest_route=\/wp\/v2\/posts\/588879","targetHints":{"allow":["GET"]}}],"collection":[{"href":"https:\/\/www.diarioimagen.net\/index.php?rest_route=\/wp\/v2\/posts"}],"about":[{"href":"https:\/\/www.diarioimagen.net\/index.php?rest_route=\/wp\/v2\/types\/post"}],"author":[{"embeddable":true,"href":"https:\/\/www.diarioimagen.net\/index.php?rest_route=\/wp\/v2\/users\/3"}],"replies":[{"embeddable":true,"href":"https:\/\/www.diarioimagen.net\/index.php?rest_route=%2Fwp%2Fv2%2Fcomments&post=588879"}],"version-history":[{"count":0,"href":"https:\/\/www.diarioimagen.net\/index.php?rest_route=\/wp\/v2\/posts\/588879\/revisions"}],"wp:attachment":[{"href":"https:\/\/www.diarioimagen.net\/index.php?rest_route=%2Fwp%2Fv2%2Fmedia&parent=588879"}],"wp:term":[{"taxonomy":"category","embeddable":true,"href":"https:\/\/www.diarioimagen.net\/index.php?rest_route=%2Fwp%2Fv2%2Fcategories&post=588879"},{"taxonomy":"post_tag","embeddable":true,"href":"https:\/\/www.diarioimagen.net\/index.php?rest_route=%2Fwp%2Fv2%2Ftags&post=588879"}],"curies":[{"name":"wp","href":"https:\/\/api.w.org\/{rel}","templated":true}]}}