{"id":588885,"date":"2023-07-04T00:06:22","date_gmt":"2023-07-04T06:06:22","guid":{"rendered":"https:\/\/www.diarioimagen.net\/?p=588885"},"modified":"2023-07-03T23:45:02","modified_gmt":"2023-07-04T05:45:02","slug":"cada-vez-son-menos","status":"publish","type":"post","link":"https:\/\/www.diarioimagen.net\/?p=588885","title":{"rendered":"Cada vez son menos"},"content":{"rendered":"<h2>Aunque pese<\/h2>\n<h5>Salvador Mart\u00ednez Garc\u00eda<\/h5>\n<p>&nbsp;<\/p>\n<p>El llamado Frente Amplio por M\u00e9xico, que agrupa al PAN, PRI y PRD, junto con algunas organizaciones civiles, que la semana pasada despert\u00f3 inter\u00e9s de los opositores al r\u00e9gimen obradorista con la presentaci\u00f3n de una veintena de aspirantes a la Presidencia de la Rep\u00fablica, r\u00e1pidamente empez\u00f3 a desinflarse.<\/p>\n<p>Casi de inmediato, a la formaci\u00f3n del nuevo Frente, algunas y algunos de los que hab\u00edan levantado la mano para abanderar sus causas en el proceso electoral presidencial del pr\u00f3ximo a\u00f1o, empezaron a bajarse por considerar el proceso poco equitativo, dudoso e incierto, adem\u00e1s de costoso, aunque esto \u00faltimo no lo han se\u00f1alado.<\/p>\n<p>Lilly T\u00e9llez fue la primera en desistirse de sus anhelos presidencialistas y luego se sumaron Alejandro Murat, Mauricio Vila, Germ\u00e1n Mart\u00ednez, Claudia Ruiz Massieu y Gustavo de Hoyos, \u00e9ste \u00faltimo llam\u00f3 mucho la atenci\u00f3n, pues, se supon\u00eda que era el m\u00e1s empe\u00f1oso representante empresarial que quer\u00eda terminar con el lopezobradorismo.<\/p>\n<p>As\u00ed, se va desvaneciendo el Frente Amplio Opositor, porque curiosamente de los que han declinado en sus suspiros por la silla presidencial, ninguno ha manifestado su decisi\u00f3n clara y contundente de seguir apoyando al organismo reci\u00e9n surgido, ni tampoco ninguno se atrevi\u00f3 a pronunciarse en favor de alguno de los todav\u00eda pretensos precandidatos.<\/p>\n<p>Obviamente, esperar\u00e1n a que surja el candidato para entonces s\u00ed buscar negociar con \u00e9l o ella posiciones para s\u00ed mismos, porque realmente ni grupos tienen o representan.<\/p>\n<p>El vac\u00edo que empezaron a sufrir los opositores lo han querido llenar con la figura de X\u00f3chitl G\u00e1lvez, quien ha logrado concentrar simpat\u00edas de algunos sectores, pero falta trecho por caminar para saber si los partidos, especialmente el PAN, la respaldan o la dejan morir sola.<\/p>\n<p>No puede omitirse que el proceso preelectoral ser\u00e1, adem\u00e1s de ama\u00f1ado, costoso, pues tienen que juntar 150 mil firmas para entrar a la competencia inicial. Complicadas las cosas.<\/p>\n<p style=\"text-align: center;\"><strong>Susurros<\/strong><\/p>\n<p>El s\u00e1bado anterior, Andr\u00e9s Manuel L\u00f3pez Obrador llen\u00f3 de nuevo el Z\u00f3calo, ahora en lo que llam\u00f3 el informe por el quinto aniversario de su triunfo en las urnas en 2018.<\/p>\n<p>Confirm\u00f3 no s\u00f3lo su popularidad, sino que tambi\u00e9n ratific\u00f3 su pol\u00edtica de \u201capoyar a los de abajo, aliarse siempre, sostenerse y respaldarse con el pueblo\u201d.<\/p>\n<p>Fue la primera ocasi\u00f3n en que, en una concentraci\u00f3n en el Z\u00f3calo, participan como oradoras otras personas; fueron dos mujeres, Luisa Mar\u00eda Alcalde, la flamante nueva secretaria de Gobernaci\u00f3n, y la gobernadora electa del Estado de M\u00e9xico, Delfina G\u00f3mez, quienes se sumaron a las loas de la 4T.<\/p>\n<p>No pudieron faltar las cr\u00edticas a la oposici\u00f3n que, aunque d\u00e9bil, ah\u00ed est\u00e1 y ruido har\u00e1 durante los pr\u00f3ximos meses.<\/p>\n<p><a href=\"mailto:salvadormartinez@visionmx.com\" target=\"_blank\" rel=\"noopener\"><em>salvadormartinez@visionmx.com<\/em><\/a><br \/>\n<em>Twitter: <a href=\"https:\/\/twitter.com\/salvador_mtz\" target=\"_blank\" rel=\"noopener\">@salvador_mtz<\/a><\/em><\/p>\n","protected":false},"excerpt":{"rendered":"<p><span style=\"color: #005497;\"><strong>Salvador Mart\u00ednez Garc\u00eda<\/strong><\/span><\/p>\n","protected":false},"author":3,"featured_media":0,"comment_status":"open","ping_status":"open","sticky":false,"template":"","format":"standard","meta":{"_monsterinsights_skip_tracking":false,"_monsterinsights_sitenote_active":false,"_monsterinsights_sitenote_note":"","_monsterinsights_sitenote_category":0,"footnotes":""},"categories":[96743],"tags":[96744,43674,96745],"class_list":["post-588885","post","type-post","status-publish","format-standard","hentry","category-salvador-martinez-garcia","tag-aunque-pese","tag-opinion","tag-salvador-martinez-garcia"],"_links":{"self":[{"href":"https:\/\/www.diarioimagen.net\/index.php?rest_route=\/wp\/v2\/posts\/588885","targetHints":{"allow":["GET"]}}],"collection":[{"href":"https:\/\/www.diarioimagen.net\/index.php?rest_route=\/wp\/v2\/posts"}],"about":[{"href":"https:\/\/www.diarioimagen.net\/index.php?rest_route=\/wp\/v2\/types\/post"}],"author":[{"embeddable":true,"href":"https:\/\/www.diarioimagen.net\/index.php?rest_route=\/wp\/v2\/users\/3"}],"replies":[{"embeddable":true,"href":"https:\/\/www.diarioimagen.net\/index.php?rest_route=%2Fwp%2Fv2%2Fcomments&post=588885"}],"version-history":[{"count":0,"href":"https:\/\/www.diarioimagen.net\/index.php?rest_route=\/wp\/v2\/posts\/588885\/revisions"}],"wp:attachment":[{"href":"https:\/\/www.diarioimagen.net\/index.php?rest_route=%2Fwp%2Fv2%2Fmedia&parent=588885"}],"wp:term":[{"taxonomy":"category","embeddable":true,"href":"https:\/\/www.diarioimagen.net\/index.php?rest_route=%2Fwp%2Fv2%2Fcategories&post=588885"},{"taxonomy":"post_tag","embeddable":true,"href":"https:\/\/www.diarioimagen.net\/index.php?rest_route=%2Fwp%2Fv2%2Ftags&post=588885"}],"curies":[{"name":"wp","href":"https:\/\/api.w.org\/{rel}","templated":true}]}}