{"id":588887,"date":"2023-07-04T00:13:54","date_gmt":"2023-07-04T06:13:54","guid":{"rendered":"https:\/\/www.diarioimagen.net\/?p=588887"},"modified":"2023-07-04T01:06:08","modified_gmt":"2023-07-04T07:06:08","slug":"una-hora-para-cinco-anos","status":"publish","type":"post","link":"https:\/\/www.diarioimagen.net\/?p=588887","title":{"rendered":"Una hora para cinco a\u00f1os"},"content":{"rendered":"<h2>Se comenta s\u00f3lo con\u2026<\/h2>\n<h5>Carlos Ramos Padilla*<\/h5>\n<p>&nbsp;<\/p>\n<p>Tarde en la que en una hora con 15 minutos el Presidente intent\u00f3 convencer de manera triunfalista el cumplimiento de cinco a\u00f1os de ganar las elecciones. Un fest\u00edn en su sala de juntas preferida: el Z\u00f3calo.<\/p>\n<p>La gente de un lado, vallas que separaban al tabasque\u00f1o de los dem\u00e1s y los aspirantes morenistas viendo de lejos en primera fila, el espect\u00e1culo era y es de AMLO. Habl\u00f3 de lo que quiso, no de lo que interesa al pa\u00eds, ni lo que le conviene a la Naci\u00f3n.<\/p>\n<p>Son sus logros, sus avances y todo bajo la permanente percepci\u00f3n de que est\u00e1 sujeto a un pestilente pasado que lo persigue y lo da\u00f1a, un pasado del que fue parte \u00e9l y algunos miembros de su c\u00edrculo m\u00e1s cercano que le acompa\u00f1an a gobernar.<\/p>\n<p>No present\u00f3 novedades ni sorpresas en sus planteamientos, incluso en sus acusaciones.<\/p>\n<p>Eso s\u00ed, dej\u00f3 ver su gran preocupaci\u00f3n por el fortalecimiento de la oposici\u00f3n en la contienda, ya le arrebataron la agenda nacional, \u201cnada, ni nadie podr\u00e1 vencernos\u201d, asegur\u00f3.<\/p>\n<p>Un mensaje reiterativo, repetitivo de las ma\u00f1aneras, los mismos temas, con lo mismo de siempre, aunque con faltantes muy graves como la situaci\u00f3n de la pol\u00edtica exterior o la serie de graves atentados en todo el pa\u00eds sin respuesta ni soluci\u00f3n, incluyendo el ataque a Ciro G\u00f3mez Leyva o el mortal acto contra Hip\u00f3lito Mora.<\/p>\n<p>Mencion\u00f3 una econom\u00eda pujante sin referirse a la inflaci\u00f3n y a los registros que marcan un sexenio de menor crecimiento en la historia reciente, adem\u00e1s de que la pobreza ha aumentado y los precios de los combustibles son los m\u00e1s caros y con una obra fara\u00f3nica: Dos Bocas que contin\u00faa sin terminarse.<\/p>\n<p>De Segalmex no habl\u00f3 y menos de la crisis evidente en la soberan\u00eda alimentaria. La producci\u00f3n de trigo, ma\u00edz, y sorgo ha ca\u00eddo a niveles de alerta. Tampoco mencion\u00f3 al Insabi y el fracaso del abasto de alimentos, menos de los costos y compromisos para adquirir las vacunas contra la Covid.<\/p>\n<p>El gran hueco informativo descans\u00f3 en materia de seguridad. No es aceptable que el grado de criminalidad y violencia en estos cinco a\u00f1os sean responsabilidad s\u00f3lo de dos personajes: Felipe Calder\u00f3n y Garc\u00eda Luna.<\/p>\n<p>Las sanciones internacionales contra la idea, m\u00e1s no pol\u00edtica, de \u201cabrazos, no balazos\u201d han dejado a nuestro pa\u00eds en la incertidumbre, en la difusi\u00f3n de alertas para que viajeros no nos visiten.<\/p>\n<p>La defensa de dictadores y el asilo a perseguidos en el mundo nos colocan en una d\u00e9bil posici\u00f3n de negociaci\u00f3n frente al resto del mundo, incluso con el nombramiento f\u00e1cil de pol\u00edticos inexpertos que asumen embajadas.<\/p>\n<p>S\u00ed presumi\u00f3 los que significar\u00eda una verg\u00fcenza: las remesas que recibe el pa\u00eds y que llegar\u00e1 a los 60 mil millones de pesos, y aunque manifieste lo contrario, el costo de la deuda se ha multiplicado notablemente. Quiz\u00e1 lo \u00fanico, digamos, diferente fue el anuncio de un incremento a las pensiones de los adultos mayores, pero ojo, esto evidentemente tiene un reflejo en el marco electoral. Una gira por cinco a\u00f1os y lo fundamental del pa\u00eds se qued\u00f3 archivado, ah\u00ed donde quiz\u00e1s est\u00e9n \u201clos otros datos\u201d.<\/p>\n<p><a href=\"https:\/\/twitter.com\/cramospadilla?ref_src=twsrc%5Egoogle%7Ctwcamp%5Eserp%7Ctwgr%5Eauthor\" target=\"_blank\" rel=\"noopener\"><em>@cramospadilla<\/em><\/a><\/p>\n<blockquote><p><em>* Conductor del programa <strong>Va en serio<\/strong>, Mexiquense TV Canal 34.2, IZZI Canal 135 y Mexiquense Radio.<\/em><\/p><\/blockquote>\n","protected":false},"excerpt":{"rendered":"<p><span style=\"color: #005497;\"><strong>Carlos Ramos Padilla<\/strong><\/span><\/p>\n","protected":false},"author":3,"featured_media":0,"comment_status":"open","ping_status":"open","sticky":false,"template":"","format":"standard","meta":{"_monsterinsights_skip_tracking":false,"_monsterinsights_sitenote_active":false,"_monsterinsights_sitenote_note":"","_monsterinsights_sitenote_category":0,"footnotes":""},"categories":[97109],"tags":[97108,43674,97107],"class_list":["post-588887","post","type-post","status-publish","format-standard","hentry","category-carlos-ramos-padilla","tag-carlos-ramos-padilla","tag-opinion","tag-se-comenta-solo-con"],"_links":{"self":[{"href":"https:\/\/www.diarioimagen.net\/index.php?rest_route=\/wp\/v2\/posts\/588887","targetHints":{"allow":["GET"]}}],"collection":[{"href":"https:\/\/www.diarioimagen.net\/index.php?rest_route=\/wp\/v2\/posts"}],"about":[{"href":"https:\/\/www.diarioimagen.net\/index.php?rest_route=\/wp\/v2\/types\/post"}],"author":[{"embeddable":true,"href":"https:\/\/www.diarioimagen.net\/index.php?rest_route=\/wp\/v2\/users\/3"}],"replies":[{"embeddable":true,"href":"https:\/\/www.diarioimagen.net\/index.php?rest_route=%2Fwp%2Fv2%2Fcomments&post=588887"}],"version-history":[{"count":0,"href":"https:\/\/www.diarioimagen.net\/index.php?rest_route=\/wp\/v2\/posts\/588887\/revisions"}],"wp:attachment":[{"href":"https:\/\/www.diarioimagen.net\/index.php?rest_route=%2Fwp%2Fv2%2Fmedia&parent=588887"}],"wp:term":[{"taxonomy":"category","embeddable":true,"href":"https:\/\/www.diarioimagen.net\/index.php?rest_route=%2Fwp%2Fv2%2Fcategories&post=588887"},{"taxonomy":"post_tag","embeddable":true,"href":"https:\/\/www.diarioimagen.net\/index.php?rest_route=%2Fwp%2Fv2%2Ftags&post=588887"}],"curies":[{"name":"wp","href":"https:\/\/api.w.org\/{rel}","templated":true}]}}