{"id":588890,"date":"2023-07-04T00:07:37","date_gmt":"2023-07-04T06:07:37","guid":{"rendered":"https:\/\/www.diarioimagen.net\/?p=588890"},"modified":"2023-07-04T00:05:34","modified_gmt":"2023-07-04T06:05:34","slug":"xochitl-galvez-tiene-como-jefe-de-campana-al-presidente-amlo","status":"publish","type":"post","link":"https:\/\/www.diarioimagen.net\/?p=588890","title":{"rendered":"X\u00f3chitl G\u00e1lvez tiene como jefe de campa\u00f1a al presidente AMLO"},"content":{"rendered":"<h2>Clase Pol\u00edtica<\/h2>\n<h5>Miguel \u00c1ngel Rivera<\/h5>\n<p>&nbsp;<\/p>\n<p>Despu\u00e9s de la festiva celebraci\u00f3n del quinto aniversario de su victoria electoral, el presidente Andr\u00e9s Manuel L\u00f3pez Obrador parece decidido a dedicarse de tiempo completo a la tarea de coordinador de campa\u00f1a, no s\u00f3lo de la oficialista Cuarta Transformaci\u00f3n, sino que inclusive trata de convertirse en factor decisivo acerca de qui\u00e9n ser\u00e1 el abanderado de la oposici\u00f3n para las elecciones de 2024.<\/p>\n<p>En cumplimiento de una de las m\u00faltiples promesas que hace en sus conferencias ma\u00f1aneras, el pol\u00edtico tabasque\u00f1o ofreci\u00f3 dar a conocer el nombre de qui\u00e9n ser\u00e1 el candidato(a) de la oposici\u00f3n. Por supuesto, se desechan de entrada las sospechas de que ese anuncio ser\u00eda producto de espionaje, pues eso, al decir de L\u00f3pez Obrador, no ocurre en su administraci\u00f3n.<\/p>\n<p>En todo caso, ese conocimiento se debe atribuir a la natural sagacidad del primer mandatario que, s\u00f3lo por conocer el comportamiento de los que considera jefes del bloque opositor que trata de derrumbar a la llamada Cuarta Transformaci\u00f3n e invalidar todo lo que se considera logros de este movimiento alimentado sobre todo por tr\u00e1nsfugas del PRI y del PRD.<\/p>\n<p>L\u00f3pez Obrador anunci\u00f3 ayer que esa candidata de unidad en las filas de la oposici\u00f3n es la senadora X\u00f3chitl G\u00e1lvez, quien fuera postulada para ese cargo de representaci\u00f3n popular por el PAN, aunque no milita en el partido. De hecho, es la segunda ocasi\u00f3n que el partido azul le confiere su confianza, pues antes la respald\u00f3 para ser jefa de la delegaci\u00f3n Miguel Hidalgo.<\/p>\n<p>Con anterioridad, G\u00e1lvez fue reclutada por el ex presidente Vicente Fox Quesada, quien tambi\u00e9n fue postulado por el PAN, aunque posteriormente ha tenido desacuerdos que lo alejan o reconciliaciones que lo acercan a la partido fundado por uno de los llamados siete sabios y ex rector de la UNAM, Manuel G\u00f3mez Mor\u00edn.<\/p>\n<p>An\u00e9cdotas aparte, el hecho es que L\u00f3pez Obrador, tal vez por los informes secretos que recibe cotidianamente, pero el hecho es que eligi\u00f3 como potencial rival de la llamada Cuarta Transformaci\u00f3n a la combativa senadora panista, quien en principio se consideraba aspirante al gobierno de la Ciudad de M\u00e9xico, pero ante la respuesta positiva que recibi\u00f3 en medios pol\u00edticos y entre la sociedad civil, expresada en mensajes en las redes sociales, decidi\u00f3 dar el salto para declararse aspirante a la Presidencia de la Rep\u00fablica.<\/p>\n<p>Aparte de sus propias calificaciones, se puede decir que la precandidatura de G\u00e1lvez se debe en gran medida a quien se supone es el principal interesado a detenerlas, el jefe de la llamada Cuarta Transformaci\u00f3n, quien casi sin ocultarlo trata de allanarle el camino a su \u201ccorcholata\u201d favorita, la ex jefa de Gobierno de la capital del pa\u00eds, Claudia Sheinbaum Pardo.<\/p>\n<p>Resulta dif\u00edcil suponer que L\u00f3pez Obrador no est\u00e9 informado que X\u00f3chitl G\u00e1lvez es, tal vez, la m\u00e1s dura contendiente a las que puede enfrentarse su favorita.<\/p>\n<p>Adem\u00e1s de su origen ind\u00edgena, el comportamiento expont\u00e1neo de la senadora hidalguense contrasta definitivamente con la rigidez y la frialdad del comportamiento de la ex jefa de Gobierno, que se acent\u00faan en la medida en que trata de imitar al cien por ciento a su l\u00edder y gu\u00eda. Un viejo dicho popular sostiene que nunca las segundas partes fueron buenas.<\/p>\n<p style=\"text-align: center;\"><strong>X\u00f3chitl har\u00eda bien en nombrar jefe de campa\u00f1a<br \/>\nal jefe de la llamada Cuarta Transformaci\u00f3n<\/strong><\/p>\n<p>Aparte del supuesto \u201cdestape\u201d de G\u00e1lvez como candidata de la oposici\u00f3n, el jefe del Ejecutivo parece empe\u00f1ado en llevarla a los m\u00e1s altos niveles de popularidad.<\/p>\n<p>Por ejemplo, est\u00e1 el sainete desatado por la afirmaci\u00f3n de L\u00f3pez Obrador en el sentido de que G\u00e1lvez es uno de los pol\u00edticos de oposici\u00f3n a los que acusa, sin fundamento, de amenazar con desaparecer los programas sociales que tantos votos le han generado a su movimiento al que con bastante exageraci\u00f3n intenta comparar con la Independencia, la Reforma y la Revoluci\u00f3n.<\/p>\n<p>La senadora panista desminti\u00f3 al primer mandatario y no se conform\u00f3 con ello, sino que reclam\u00f3 su derecho de r\u00e9plica, que le concede la facultad de contestar en el mismo espacio y con la misma extensi\u00f3n a las declaraciones que considera difamatorias y sin fundamento.<\/p>\n<p>El derecho de r\u00e9plica se fundamenta Ley Reglamentaria del Art\u00edculo 6o., p\u00e1rrafo primero, de la Constituci\u00f3n, promulgada el 30 de mayo de 2018, en gran medida debido a las presiones de legisladores ahora incorporados a la llamada Cuarta Transformaci\u00f3n y, claro, con la simpat\u00eda de L\u00f3pez Obrador, quien se ha quedado permanentemente de cr\u00edticas de los medios de comunicaci\u00f3n y de no tener oportunidad de responder.<\/p>\n<p>Todav\u00eda, el pasado 6 de diciembre de 2022, al comentar la demanda de G\u00e1lvez para que se le que \u201csi me obligaran a garantizar el derecho de r\u00e9plica, lo voy a hacer; si la autoridad competente me lo exige, cumplir\u00eda yo con eso sin ning\u00fan problema, pero que haga su tr\u00e1mite\u201d.<\/p>\n<p>Muy a su pesar, un juez federal concedi\u00f3 a G\u00e1lvez un amparo para tener el derecho a presentarse en la ma\u00f1anera, pero el titular del Ejecutivo ha dado \u00f3rdenes de que no le permita el paso, pero esa negativa ha operado en su contra y en beneficio de la senadora panista, cuya popularidad ha crecido al grado de convertirla en precandidata presidencial.<\/p>\n<p>En el mismo sentido operan los m\u00e1s recientes comentarios de AMLO al exhibir a G\u00e1lvez como la verdadera candidata de la oposici\u00f3n, agrupada en el frente Va por M\u00e9xico, ahora como Frente Amplio por M\u00e9xico, en construcci\u00f3n, pues para evitar acusaciones de que viola las leyes, el bloque opositor, integrado por los partidos PAN, PRI y PRD, as\u00ed como por un centenar de organizaciones de la sociedad civil no est\u00e1 en proceso de elegir candidato presidencial, sino responsable de integrar ese Frente Amplio por M\u00e9xico.<\/p>\n<p>Por eso, las secretarias generales del PAN, PRI y PRD exigieron al presidente L\u00f3pez Obrador no entrometerse en los procesos internos de la oposici\u00f3n, al tiempo de denunciar el uso de las instituciones del Estado para espionaje de los aspirantes.<\/p>\n<p>La secretaria general del PRD, Adriana D\u00edaz Contreras, denunci\u00f3 que el Ejecutivo federal est\u00e1 usando las instituciones de inteligencia del Estado para cometer el delito de espionaje.<\/p>\n<p>Advirti\u00f3 que en los pr\u00f3ximos meses el gobierno federal har\u00e1 uso de los recursos del Estado, los programas sociales y su ej\u00e9rcito con tal de mantenerse en el poder. \u201cQue se serene porque su autoritarismo no abona a la vida democr\u00e1tica del pa\u00eds\u201d, advirti\u00f3.<\/p>\n<p>La secretaria general del PAN, Cecilia Patr\u00f3n Laviada, destac\u00f3 que la construcci\u00f3n del Frente Amplio por M\u00e9xico inici\u00f3 ya, \u201cnada la va a detener porque m\u00e1s que los partidos, son de los ciudadanos\u201d. La panista critic\u00f3 que el Presidente de M\u00e9xico siga polarizando al pa\u00eds; \u201chan querido vender una historia de buenos y malos, han querido condenar a los que piensan distinto, pero no es as\u00ed, todos somos mexicanos\u201d, se\u00f1al\u00f3.<\/p>\n<p>La priista Carolina Viggiano Austria, se\u00f1al\u00f3: \u201cEl gobierno de un s\u00f3lo hombre es el que hoy representa el oficialismo, ese oficialismo que hoy quiere meterse tambi\u00e9n en la vida de los partidos pol\u00edticos\u201d.\u00a0 Por eso, dijo, \u201cdesde aqu\u00ed le exigimos al Presidente de la Rep\u00fablica actuar como Jefe de Estado mexicano, no como jefe de su partido; no puede seguir hablando de su proceso y del proceso de los dem\u00e1s partidos, tiene que hablar de los problemas que aquejan a M\u00e9xico\u201d.<\/p>\n<p style=\"text-align: center;\"><strong>Uso de moderna tecnolog\u00eda para evitar<br \/>\nfraudes en la compra-venta de inmuebles<\/strong><\/p>\n<p>Para continuar el impulso a la venta de inmuebles en un marco de legalidad y transparencia y evitar riesgos en la compra de bienes inmuebles, la Asociaci\u00f3n Mexicana de Profesionales Inmobiliarios A.C. (AMPI) anunci\u00f3 la incorporaci\u00f3n de tecnolog\u00edas innovadoras como la Inteligencia Artificial (IA) y los Sistemas de Listado M\u00faltiple (MLS, por sus siglas en ingl\u00e9s) en la actividad de sus miembros.<\/p>\n<p>La IA y el MLS han revolucionado la forma en que los profesionales inmobiliarios operan y brindan servicios a sus clientes en el mercado actual.<\/p>\n<p>Estas herramientas tecnol\u00f3gicas permiten a los profesionales inmobiliarios afiliados a AMPI potenciar la eficiencia, la precisi\u00f3n y la agilidad en la gesti\u00f3n de propiedades y transacciones inmobiliarias.<\/p>\n<p>AMPI ha realizado un fuerte trabajo en estrecha colaboraci\u00f3n con expertos en tecnolog\u00eda y l\u00edderes de la industria para garantizar que sus miembros est\u00e9n actualizados y equipados con las herramientas m\u00e1s avanzadas y los conocimientos necesarios para ofrecer un servicio inmobiliario de primera calidad.<\/p>\n<p><em><a href=\"mailto:riparcangel@hotmail.com\" target=\"_blank\" rel=\"noopener noreferrer\">riparcangel@hotmail.com<\/a><\/em><\/p>\n","protected":false},"excerpt":{"rendered":"<p><span style=\"color: #005497;\"><strong>Miguel \u00c1ngel Rivera<\/strong><\/span><\/p>\n","protected":false},"author":3,"featured_media":0,"comment_status":"open","ping_status":"open","sticky":false,"template":"","format":"standard","meta":{"_monsterinsights_skip_tracking":false,"_monsterinsights_sitenote_active":false,"_monsterinsights_sitenote_note":"","_monsterinsights_sitenote_category":0,"footnotes":""},"categories":[84119],"tags":[84120,84121,43674],"class_list":["post-588890","post","type-post","status-publish","format-standard","hentry","category-miguel-angel-rivera","tag-clase-politica","tag-miguel-angel-rivera","tag-opinion"],"_links":{"self":[{"href":"https:\/\/www.diarioimagen.net\/index.php?rest_route=\/wp\/v2\/posts\/588890","targetHints":{"allow":["GET"]}}],"collection":[{"href":"https:\/\/www.diarioimagen.net\/index.php?rest_route=\/wp\/v2\/posts"}],"about":[{"href":"https:\/\/www.diarioimagen.net\/index.php?rest_route=\/wp\/v2\/types\/post"}],"author":[{"embeddable":true,"href":"https:\/\/www.diarioimagen.net\/index.php?rest_route=\/wp\/v2\/users\/3"}],"replies":[{"embeddable":true,"href":"https:\/\/www.diarioimagen.net\/index.php?rest_route=%2Fwp%2Fv2%2Fcomments&post=588890"}],"version-history":[{"count":0,"href":"https:\/\/www.diarioimagen.net\/index.php?rest_route=\/wp\/v2\/posts\/588890\/revisions"}],"wp:attachment":[{"href":"https:\/\/www.diarioimagen.net\/index.php?rest_route=%2Fwp%2Fv2%2Fmedia&parent=588890"}],"wp:term":[{"taxonomy":"category","embeddable":true,"href":"https:\/\/www.diarioimagen.net\/index.php?rest_route=%2Fwp%2Fv2%2Fcategories&post=588890"},{"taxonomy":"post_tag","embeddable":true,"href":"https:\/\/www.diarioimagen.net\/index.php?rest_route=%2Fwp%2Fv2%2Ftags&post=588890"}],"curies":[{"name":"wp","href":"https:\/\/api.w.org\/{rel}","templated":true}]}}