{"id":588892,"date":"2023-07-04T00:06:36","date_gmt":"2023-07-04T06:06:36","guid":{"rendered":"https:\/\/www.diarioimagen.net\/?p=588892"},"modified":"2023-07-04T00:07:43","modified_gmt":"2023-07-04T06:07:43","slug":"cronica-de-una-muerte-anunciada","status":"publish","type":"post","link":"https:\/\/www.diarioimagen.net\/?p=588892","title":{"rendered":"Cr\u00f3nica de una muerte anunciada"},"content":{"rendered":"<h2>Los Pozos de Carlos Pozos<\/h2>\n<h5>Carlos Pozos<br \/>\n[ <em>Lord Mol\u00e9cula<\/em> ]<\/h5>\n<p><strong>\u00a0<\/strong><\/p>\n<ul>\n<li><strong><em>* RIP de las \u201cma\u00f1aneras\u201d<\/em><\/strong><\/li>\n<\/ul>\n<p>&nbsp;<\/p>\n<p><strong>\u00a1\u00c1nimo!<\/strong> es la primera palabra con la que nos recibe, por lo general de lunes a viernes, el <strong>presidente de todos los mexicanos, Andr\u00e9s Manuel L\u00f3pez Obrador<\/strong>, en el Sal\u00f3n Tesorer\u00eda de Palacio Nacional. Y como lo prometi\u00f3 en campa\u00f1a, hizo realidad el ejercicio de comunicaci\u00f3n circular con los reporteros de a pie \u2014los que nunca hab\u00edamos tenido la oportunidad de preguntarle a un Presidente de M\u00e9xico en turno\u2014. Y fue desde ese ahora lejano 3 de diciembre de 2018, fecha en la que \u00e9l conduce las conferencias, que en su gran mayor\u00eda han cambiado. Han cambiado los nombres y el n\u00famero de asistentes; han cambiado los tiempos de respuestas; y ha cambiado la seguridad en torno al <strong>Jefe de la Naci\u00f3n<\/strong>. Y destacar que no se han interrumpido y por ello, en pocas ocasiones, ha dejado en manos de los miembros de su gabinete (los ex secretarios de Gobernaci\u00f3n, <strong>Olga S\u00e1nchez Cordero <\/strong>y <strong>Ad\u00e1n Augusto L\u00f3pez<\/strong>) la honrosa y dif\u00edcil conducci\u00f3n de las \u201cma\u00f1aneras\u201d, que se aproximan a su fin con el sello del originario de Tepetit\u00e1n, Tabasco.<\/p>\n<p>El Sal\u00f3n Guillermo Prieto, nombrado as\u00ed en 1997, (o bien, Sal\u00f3n Tesorer\u00eda) el m\u00e1s grande e iluminado de Palacio Nacional, sin duda es uno de los m\u00e1s elegantes, que nos ha recibido a los periodistas; nos abre sus puertas de hierro forjado, con un piso de mosaico italianos, adem\u00e1s nos han acompa\u00f1ado la sobriedad dorada de sus cabezas de leones en bronces, y la luz del amanecer que se filtra a trav\u00e9s del block de vidrio de un majestuoso tragaluz.<\/p>\n<p>As\u00ed es el escenario \u2014que al menos el autor de esta columna va a extra\u00f1ar\u2014 en donde por lo regular se dan las conferencias matutinas del presidente <strong>Andr\u00e9s Manuel L\u00f3pez Obrador<\/strong>, que han comenzado a ser diferentes, porque se acerca el final de la primera administraci\u00f3n de la 4T, al faltar un a\u00f1o y tres meses tan s\u00f3lo; pero tambi\u00e9n porque adem\u00e1s se vivir\u00e1, en junio de 2024, el primer proceso electoral de un movimiento pol\u00edtico de izquierda con un nuevo discurso, en d\u00f3nde \u00e9ste no va permitir perder el poder ganado luego de varios fraudes a <strong>Morena<\/strong>.<\/p>\n<p>Este tecleador tuvo la fortuna de recibir de manos del <strong>Presidente de M\u00e9xico<\/strong> \u2014y firmada de pu\u00f1o y letra\u2014 su tesis para titularse como Licenciado en Ciencia Pol\u00edtica, elaborada en el a\u00f1o de 1987, con el t\u00edtulo <em>Proceso de la formaci\u00f3n del Estado Nacional en M\u00e9xico<\/em>. Y se advierte en ella que seguramente escuch\u00f3 de sus profesores y ley\u00f3 lo que <strong>Vladimir Ilich Ulianov, Lenin,<\/strong> pol\u00edtico, pensador y escritor revolucionario ruso en el a\u00f1o de 1920, expuso<strong>: <\/strong><em>\u201cLo que es la esencia misma, el alma viva del Marxismo<strong>: el an\u00e1lisis concreto de una situaci\u00f3n concreta<\/strong><\/em><strong>\u201d.<\/strong><\/p>\n<p>\u00a1Lo que se ve no se juzga!, y el <strong>Presidente de todos los mexicanos<\/strong>, sin duda no acert\u00f3 en el an\u00e1lisis de la situaci\u00f3n concreta de nuestro querido M\u00e9xico, luego de lo que dejaron el <strong>PRI<\/strong> y el <strong>PAN<\/strong> con sus respectivos Presidentes en turno. La cat\u00e1strofe rebas\u00f3 el an\u00e1lisis, fue mucho mayor el robo y un gran andamiaje que no se puede resolver en tan s\u00f3lo seis a\u00f1os.<\/p>\n<p>Pero se han sentado en cinco a\u00f1os las bases de la Cuarta Transformaci\u00f3n pac\u00edfica y la 4T no s\u00f3lo debe ser en funci\u00f3n de la coyuntura actual. El proceso va m\u00e1s all\u00e1 de un sexenio, porque un pa\u00eds requiere de ra\u00edz y radicalmente del trabajo diario de una concientizaci\u00f3n pol\u00edtica, por lo menos de dos generaciones de mexicanos.<\/p>\n<p>Adelantando su despedida, <strong>el primer mandatario de la naci\u00f3n, Andr\u00e9s Manuel L\u00f3pez Obrador<\/strong>, aclara a los periodistas de a pie: \u201cYo qu\u00e9 me voy a pelear con los periodistas, qu\u00e9 me voy a pelear con los camar\u00f3grafos, con los fot\u00f3grafos, si son trabajadores de los medios; el asunto est\u00e1 arriba, los <em>machuchones<\/em>, esos son los que tienen un <em>staff<\/em>, un estado mayor, donde est\u00e1n los jefes de informaci\u00f3n que manejan el departamento de corte y confecci\u00f3n, el otro departamento de la fabricaci\u00f3n de mentiras; entonces, est\u00e1n bien armados\u201d.<\/p>\n<p>Explica que los que acudimos al Sal\u00f3n Tesorer\u00eda salen a buscar la informaci\u00f3n, \u201cson gente buena y, la mayor\u00eda, profesional; llevan sus notas y ah\u00ed es donde viene el corte, \u00bfno? A veces hasta se atreven a agregarle cosas a sus notas o la nota dice una cosa y la cabeza o el encabezado otra, porque el que cabecea en el peri\u00f3dico o el que est\u00e1 en la radio subraya, destaca la nota en contra. Pero no son los periodistas, nosotros lo tenemos muy claro eso desde hace tiempo, el asunto est\u00e1 arriba.<\/p>\n<p>Y los de arriba dicen: \u201cNo, es que no podemos meternos, porque son libres\u201d, como si no hubiese un acuerdo; hasta a los famosos los tienen ah\u00ed para golpear y obtener prebendas. Entonces, les dan una libertad relativa, pero tambi\u00e9n hay l\u00ednea en contra de quienes no est\u00e1n en su esquema, en su proyecto.<\/p>\n<p>Recomend\u00f3 a las audiencias: \u201cCreo que donde hay m\u00e1s ambiente monol\u00edtico as\u00ed, es en el <em>Reforma<\/em>, en estos peri\u00f3dicos o esos medios muy de derecha; pero por lo general hay medios en donde, s\u00ed, la l\u00ednea viene de arriba, pero los periodistas tienen un pensamiento distinto, venden su trabajo, no su consciencia. Pero el <em>Reforma<\/em>, pues vean, todos los articulistas del <em>Reforma<\/em>, no hay uno que no sea conservador, uno, Ah\u00ed est\u00e1n todos.<\/p>\n<p>Hoy, siguen esas empresas mercantiles de comunicaci\u00f3n en el Sal\u00f3n Tesorer\u00eda, generando <strong>(in)comunicaci\u00f3n<\/strong> o bien <strong>(des)informaci\u00f3n<\/strong> sociales \u2014en manos de empresarios con su doble moral\u2014 con la falsa oposici\u00f3n=oligarqu\u00eda, contando con los mismos charlatanes, opin\u00f3logos(as), apologistas y propagandistas de siempre del r\u00e9gimen autoritario y represivo del neoliberalismo.<\/p>\n<p>As\u00ed, se acerca el final de la administraci\u00f3n de la Cuarta Transformaci\u00f3n, que ha gobernado sin el apoyo de los medios de manipulaci\u00f3n que tienen el control de todos los peri\u00f3dicos, canales de televisi\u00f3n y emisoras de radio.<\/p>\n<p>Dice el refr\u00e1n que nadie sabe lo que tiene, hasta que lo pierde. Y en un a\u00f1o y tres meses \u2014cuando ya no haya \u201cma\u00f1aneras\u201d de lunes a viernes\u2014 se le extra\u00f1ar\u00e1. Pero dentro de los grandes logros que dejar\u00e1, est\u00e1 el haber contribuido con su apoyo a las \u201cbenditas redes sociales\u201d, esas que con su trabajo muestran la otra cara de moneda de informar desde un punto de vista alternativo, progresista y social, que ah\u00ed est\u00e1 en manos de verdaderos periodistas de oficio y de profesi\u00f3n.<\/p>\n<p>Con m\u00e1s de 42 a\u00f1os de trabajo period\u00edstico, he sido testigo de coyunturas que vivo, que van, que vienen. Por eso debemos ser cuidadosos de no caer en el coyunturalismo y el inmediatismo.<\/p>\n<p>A manera de conclusi\u00f3n, estimo que las \u201cma\u00f1aneras\u201d generaron ya un despertar pol\u00edtico de las y los mexicanos con conciencia, principalmente en las clases menos favorecidas de nuestro pa\u00eds. Y cada d\u00eda de lunes a viernes, cuando veamos la televisi\u00f3n oficial, o en las benditas redes sociales por donde se transmiten, cuando llegue el 1 de octubre del a\u00f1o 2024, cumpli\u00e9ndose as\u00ed <strong>2 mil 131 d\u00edas de la 4T<\/strong>, ser\u00e1 la \u00faltima \u201cma\u00f1anera\u201d. La pregunta es para ustedes: \u00bfConsideran que estamos viendo la cr\u00f3nica de la muerte anunciada de \u201clas ma\u00f1aneras\u201d? Como siempre, ustedes tienen la mejor respuesta\u2026 Amigos, hasta aqu\u00ed con Los Pozos de Carlos Pozos. Y si desean que le haga su pregunta al Presidente de M\u00e9xico en la conferencia de prensa \u201cma\u00f1anera\u201d, por favor h\u00e1ganmela llegar al correo: <em>lordmolecularedacci\u00f3n@gmail.com<\/em>; v\u00eda Twitter a: <em>@lordmoleculaoficial<\/em>, o bien, visiten nuestro portal <em>https:\/\/www.lordmoleculaoficial.com\/<\/em> as\u00ed como tambi\u00e9n pueden ver mi <em>Canal Lord Mol\u00e9cula Oficial<\/em>.<\/p>\n","protected":false},"excerpt":{"rendered":"<p><span style=\"color: #005497;\"><strong>Carlos Pozos<\/strong><\/span><\/p>\n","protected":false},"author":3,"featured_media":0,"comment_status":"open","ping_status":"open","sticky":false,"template":"","format":"standard","meta":{"_monsterinsights_skip_tracking":false,"_monsterinsights_sitenote_active":false,"_monsterinsights_sitenote_note":"","_monsterinsights_sitenote_category":0,"footnotes":""},"categories":[97814],"tags":[97816,97815,43674],"class_list":["post-588892","post","type-post","status-publish","format-standard","hentry","category-carlos-pozos","tag-carlos-pozos","tag-los-pozos-de-carlos-pozos","tag-opinion"],"_links":{"self":[{"href":"https:\/\/www.diarioimagen.net\/index.php?rest_route=\/wp\/v2\/posts\/588892","targetHints":{"allow":["GET"]}}],"collection":[{"href":"https:\/\/www.diarioimagen.net\/index.php?rest_route=\/wp\/v2\/posts"}],"about":[{"href":"https:\/\/www.diarioimagen.net\/index.php?rest_route=\/wp\/v2\/types\/post"}],"author":[{"embeddable":true,"href":"https:\/\/www.diarioimagen.net\/index.php?rest_route=\/wp\/v2\/users\/3"}],"replies":[{"embeddable":true,"href":"https:\/\/www.diarioimagen.net\/index.php?rest_route=%2Fwp%2Fv2%2Fcomments&post=588892"}],"version-history":[{"count":0,"href":"https:\/\/www.diarioimagen.net\/index.php?rest_route=\/wp\/v2\/posts\/588892\/revisions"}],"wp:attachment":[{"href":"https:\/\/www.diarioimagen.net\/index.php?rest_route=%2Fwp%2Fv2%2Fmedia&parent=588892"}],"wp:term":[{"taxonomy":"category","embeddable":true,"href":"https:\/\/www.diarioimagen.net\/index.php?rest_route=%2Fwp%2Fv2%2Fcategories&post=588892"},{"taxonomy":"post_tag","embeddable":true,"href":"https:\/\/www.diarioimagen.net\/index.php?rest_route=%2Fwp%2Fv2%2Ftags&post=588892"}],"curies":[{"name":"wp","href":"https:\/\/api.w.org\/{rel}","templated":true}]}}