{"id":588951,"date":"2023-07-05T00:02:41","date_gmt":"2023-07-05T06:02:41","guid":{"rendered":"https:\/\/www.diarioimagen.net\/?p=588951"},"modified":"2023-07-05T02:06:04","modified_gmt":"2023-07-05T08:06:04","slug":"morena-no-esta-ocupado-en-dar-la-bienvenida-a-prianistas-afirma-isaac-montoya","status":"publish","type":"post","link":"https:\/\/www.diarioimagen.net\/?p=588951","title":{"rendered":"Morena no est\u00e1 ocupado en dar la bienvenida a \u201cprianistas\u201d, afirma Isaac Montoya"},"content":{"rendered":"<p>&nbsp;<\/p>\n<p><a href=\"https:\/\/www.diarioimagen.net\/?attachment_id=589041\" rel=\"attachment wp-att-589041\"><img loading=\"lazy\" decoding=\"async\" class=\"aligncenter size-full wp-image-589041\" src=\"https:\/\/www.diarioimagen.net\/wp-content\/uploads\/2023\/07\/morena-no-esta.jpg\" alt=\"\" width=\"460\" height=\"270\" \/><\/a><\/p>\n<p>&nbsp;<\/p>\n<p><strong>Naucalpan, Estado de M\u00e9xico.\u2014 <\/strong>Nuestro movimiento no arropa ni est\u00e1 ocupado en dar la bienvenida a prianistas, Morena viene del pueblo y desde abajo, hay quienes por cuestiones de c\u00e1lculo se quieren subir al veh\u00edculo que est\u00e1 en el camino ganador, desde luego que ello se vuelve un atractivo para aquellos que, en lugar de trabajar por la pol\u00edtica, han vivido de ella.<\/p>\n<p>Se\u00f1al\u00f3 lo anterior el diputado morenista, Isaac Montoya M\u00e1rquez, al tiempo de puntualizar que \u201cson bienvenidos todos aquellos que comprendan que Morena tiene su historia, su m\u00edstica y origen, deben de entender y respetar a los cuadros que se la jugaron a contracorriente, cuando muy pocos cre\u00edan en el proyecto obradorsista y aquellos que quieran venir a imponer condiciones se van a topar con pared\u201d.<em><strong> (Arturo Baena)<\/strong><\/em><\/p>\n","protected":false},"excerpt":{"rendered":"<p>Nuestro movimiento no arropa ni est\u00e1 ocupado en dar la bienvenida a prianistas, Morena viene del pueblo y desde abajo, hay quienes por cuestiones de c\u00e1lculo se quieren subir al veh\u00edculo que est\u00e1 en el camino ganador, desde luego que ello se vuelve un atractivo para aquellos que, en lugar de trabajar por la pol\u00edtica, han vivido de ella.<\/p>\n","protected":false},"author":3,"featured_media":589041,"comment_status":"open","ping_status":"open","sticky":false,"template":"","format":"standard","meta":{"_monsterinsights_skip_tracking":false,"_monsterinsights_sitenote_active":false,"_monsterinsights_sitenote_note":"","_monsterinsights_sitenote_category":0,"footnotes":""},"categories":[5],"tags":[95149,77235],"class_list":["post-588951","post","type-post","status-publish","format-standard","has-post-thumbnail","hentry","category-estado-de-mexico","tag-isaac-montoya-marquez","tag-morenista"],"_links":{"self":[{"href":"https:\/\/www.diarioimagen.net\/index.php?rest_route=\/wp\/v2\/posts\/588951","targetHints":{"allow":["GET"]}}],"collection":[{"href":"https:\/\/www.diarioimagen.net\/index.php?rest_route=\/wp\/v2\/posts"}],"about":[{"href":"https:\/\/www.diarioimagen.net\/index.php?rest_route=\/wp\/v2\/types\/post"}],"author":[{"embeddable":true,"href":"https:\/\/www.diarioimagen.net\/index.php?rest_route=\/wp\/v2\/users\/3"}],"replies":[{"embeddable":true,"href":"https:\/\/www.diarioimagen.net\/index.php?rest_route=%2Fwp%2Fv2%2Fcomments&post=588951"}],"version-history":[{"count":0,"href":"https:\/\/www.diarioimagen.net\/index.php?rest_route=\/wp\/v2\/posts\/588951\/revisions"}],"wp:featuredmedia":[{"embeddable":true,"href":"https:\/\/www.diarioimagen.net\/index.php?rest_route=\/wp\/v2\/media\/589041"}],"wp:attachment":[{"href":"https:\/\/www.diarioimagen.net\/index.php?rest_route=%2Fwp%2Fv2%2Fmedia&parent=588951"}],"wp:term":[{"taxonomy":"category","embeddable":true,"href":"https:\/\/www.diarioimagen.net\/index.php?rest_route=%2Fwp%2Fv2%2Fcategories&post=588951"},{"taxonomy":"post_tag","embeddable":true,"href":"https:\/\/www.diarioimagen.net\/index.php?rest_route=%2Fwp%2Fv2%2Ftags&post=588951"}],"curies":[{"name":"wp","href":"https:\/\/api.w.org\/{rel}","templated":true}]}}