{"id":588958,"date":"2023-07-05T00:02:43","date_gmt":"2023-07-05T06:02:43","guid":{"rendered":"https:\/\/www.diarioimagen.net\/?p=588958"},"modified":"2023-07-10T00:23:18","modified_gmt":"2023-07-10T06:23:18","slug":"en-playa-del-carmen-tulum-y-cancun-venden-la-gasolina-mas-cara-del-pais","status":"publish","type":"post","link":"https:\/\/www.diarioimagen.net\/?p=588958","title":{"rendered":"En Playa del Carmen, Tulum y Canc\u00fan venden la gasolina m\u00e1s cara del pa\u00eds"},"content":{"rendered":"<p>&nbsp;<\/p>\n<h2 style=\"text-align: center;\">Seg\u00fan la Procuradur\u00eda del Consumidor<\/h2>\n<p>&nbsp;<\/p>\n<ul>\n<li><strong><em>La premium y el di\u00e9sel, sin incentivo fiscal por la baja en precios internacionales del petr\u00f3leo<\/em><\/strong><\/li>\n<\/ul>\n<p><strong>\u00a0<\/strong><\/p>\n<div id=\"attachment_589024\" style=\"width: 470px\" class=\"wp-caption aligncenter\"><a href=\"https:\/\/www.diarioimagen.net\/?attachment_id=589024\" rel=\"attachment wp-att-589024\"><img loading=\"lazy\" decoding=\"async\" aria-describedby=\"caption-attachment-589024\" class=\"size-full wp-image-589024\" src=\"https:\/\/www.diarioimagen.net\/wp-content\/uploads\/2023\/07\/GAS.jpg\" alt=\"\" width=\"460\" height=\"270\" \/><\/a><p id=\"caption-attachment-589024\" class=\"wp-caption-text\">De acuerdo con la Profeco, Playa del Carmen, Tulum y Canc\u00fan registraron los precios m\u00e1s caros en las gasolinas en M\u00e9xico.<\/p><\/div>\n<p>&nbsp;<\/p>\n<p>De acuerdo con la Procuradur\u00eda Federal del Consumidor (Profeco), Playa del Carmen, Tulum y Canc\u00fan registraron los precios m\u00e1s caros en las gasolinas en M\u00e9xico.<\/p>\n<p>As\u00ed lo confirm\u00f3 el titular de la dependencia Ricardo Sheffield, durante la conferencia de prensa matutina del presidente Andr\u00e9s Manuel L\u00f3pez Obrador, donde dio a conocer que el costo del barril de petr\u00f3leo en M\u00e9xico tuvo un precio de 63.96 d\u00f3lares, varios pesos menos que el corte anterior. \u00a0Sobre la baja a cero del incentivo fiscal en la gasolina premium y di\u00e9sel, asegur\u00f3 que se debe a que en las \u00faltimas semanas los precios internacionales del petr\u00f3leo han disminuido.<\/p>\n<p>El titular de la Profeco se\u00f1al\u00f3 a Playa del Carmen por destacar con los precios m\u00e1s caros de la gasolina regular. En este municipio la empresa La Gas est\u00e1 cobrando a cada cliente 23.92 pesos promedio, es decir, que son 3.44 pesos de ganancia para la gasolinera.<\/p>\n<p>Por otro lado, en Tulum, destac\u00f3 Gulf con los precios m\u00e1s altos de la gasolina Premium. Por este combustible el cliente paga 25.16 por litro, obteniendo una ganancia de 1.69 pesos, para la despachadora.\u00a0 \u00a0Finalmente, en Benito Ju\u00e1rez (Canc\u00fan), la empresa Pemex destac\u00f3 con los precios m\u00e1s altos de la gasolina di\u00e9sel, pues el cliente paga 25.13 por litro, con una ganancia de 1.43 pesos para la despachadora.<\/p>\n","protected":false},"excerpt":{"rendered":"<p>De acuerdo con la Procuradur\u00eda Federal del Consumidor (Profeco), Playa del Carmen, Tulum y Canc\u00fan registraron los precios m\u00e1s caros en las gasolinas en M\u00e9xico.<\/p>\n","protected":false},"author":3,"featured_media":589024,"comment_status":"open","ping_status":"open","sticky":false,"template":"","format":"standard","meta":{"_monsterinsights_skip_tracking":false,"_monsterinsights_sitenote_active":false,"_monsterinsights_sitenote_note":"","_monsterinsights_sitenote_category":0,"footnotes":""},"categories":[8],"tags":[817,25465,198,2771],"class_list":["post-588958","post","type-post","status-publish","format-standard","has-post-thumbnail","hentry","category-finanzas","tag-cancun","tag-cara","tag-gasolina","tag-playa-del-carmen"],"_links":{"self":[{"href":"https:\/\/www.diarioimagen.net\/index.php?rest_route=\/wp\/v2\/posts\/588958","targetHints":{"allow":["GET"]}}],"collection":[{"href":"https:\/\/www.diarioimagen.net\/index.php?rest_route=\/wp\/v2\/posts"}],"about":[{"href":"https:\/\/www.diarioimagen.net\/index.php?rest_route=\/wp\/v2\/types\/post"}],"author":[{"embeddable":true,"href":"https:\/\/www.diarioimagen.net\/index.php?rest_route=\/wp\/v2\/users\/3"}],"replies":[{"embeddable":true,"href":"https:\/\/www.diarioimagen.net\/index.php?rest_route=%2Fwp%2Fv2%2Fcomments&post=588958"}],"version-history":[{"count":0,"href":"https:\/\/www.diarioimagen.net\/index.php?rest_route=\/wp\/v2\/posts\/588958\/revisions"}],"wp:featuredmedia":[{"embeddable":true,"href":"https:\/\/www.diarioimagen.net\/index.php?rest_route=\/wp\/v2\/media\/589024"}],"wp:attachment":[{"href":"https:\/\/www.diarioimagen.net\/index.php?rest_route=%2Fwp%2Fv2%2Fmedia&parent=588958"}],"wp:term":[{"taxonomy":"category","embeddable":true,"href":"https:\/\/www.diarioimagen.net\/index.php?rest_route=%2Fwp%2Fv2%2Fcategories&post=588958"},{"taxonomy":"post_tag","embeddable":true,"href":"https:\/\/www.diarioimagen.net\/index.php?rest_route=%2Fwp%2Fv2%2Ftags&post=588958"}],"curies":[{"name":"wp","href":"https:\/\/api.w.org\/{rel}","templated":true}]}}