{"id":588974,"date":"2023-07-05T00:13:40","date_gmt":"2023-07-05T06:13:40","guid":{"rendered":"https:\/\/www.diarioimagen.net\/?p=588974"},"modified":"2023-07-04T23:53:53","modified_gmt":"2023-07-05T05:53:53","slug":"a-que-viene-juan-ramon","status":"publish","type":"post","link":"https:\/\/www.diarioimagen.net\/?p=588974","title":{"rendered":"A qu\u00e9 viene Juan Ram\u00f3n"},"content":{"rendered":"<h2>Se comenta s\u00f3lo con\u2026<\/h2>\n<h5>Carlos Ramos Padilla*<\/h5>\n<p>&nbsp;<\/p>\n<p>Multimencionado, el ex rector Juan Ram\u00f3n de la Fuente en este sexenio. Entr\u00f3 varias veces al mercado de las especulaciones y afirmaban vendr\u00eda a resolver el desabasto de medicamentos y el fracaso del Insabi como titular de Salud, tambi\u00e9n se manej\u00f3 que llegar\u00eda a Relaciones Exteriores, vamos hasta se propuso su ingreso a la SEP a la renuncia de Delfina G\u00f3mez. Pues en ninguna cartera del gabinete se sum\u00f3 y se mantuvo en Nueva York.<\/p>\n<p>Juan Ram\u00f3n de la Fuente est\u00e1 por concluir su tarea como representante de M\u00e9xico ante la ONU y se\u00f1al\u00f3: \u201cEste ciclo que hemos tenido oportunidad de desarrollar y participar con mucho entusiasmo est\u00e1 por concluir\u201d.<\/p>\n<p>Despu\u00e9s de cuatro a\u00f1os al frente de la representaci\u00f3n de M\u00e9xico en la ONU, De la Fuente, dijo que a m\u00e1s tardar en septiembre ya debe haber otro representante y apunt\u00f3: \u201cCreo que para la pr\u00f3xima Asamblea General que empieza en la tercera semana de septiembre ya deber\u00e1 de haber una nueva representaci\u00f3n de M\u00e9xico aqu\u00ed en Nueva York\u201d.<\/p>\n<p>El controvertido universitario asegur\u00f3 que se reincorporar\u00e1 a dar clases en la Universidad Nacional Aut\u00f3noma de M\u00e9xico. \u201cYo, al concluir esta tarea que me encomend\u00f3 el Presidente voy a regresar a la Universidad, solicitar\u00e9 mi alta como profesor, estos son los planes que tengo por ahora\u201d.<\/p>\n<p>Pero para hablar de Juan Ram\u00f3n hay que remontarnos a la historia. Como rector fue un personaje altamente medi\u00e1tico, carism\u00e1tico y con espl\u00e9ndido ejercicio de las relaciones p\u00fablicas. Su siempre mancuerna, el ex rector Jos\u00e9 Narro le acompa\u00f1\u00f3 en la administraci\u00f3n de las crisis m\u00e1s severas al interior de la UNAM, teniendo \u00e9xito en sus gestiones y coloc\u00e1ndose Narro como el estratega, digamos la materia gris.<\/p>\n<p>Juan Ram\u00f3n es gente ligada al poder dentro del poder, incluso como m\u00e9dico psiquiatra prest\u00f3 su atenci\u00f3n profesional en Nilda Patricia, la esposa de Ernesto Zedillo como Presidente, as\u00ed lo consign\u00f3 Rafael Loret de Mola en su art\u00edculo \u201cContra la Pared\u201d (octubre 2015), escribi\u00f3: \u201cLleg\u00f3 a la Secretar\u00eda de Salud, con Ernesto Zedillo en la Presidencia, por recomendaci\u00f3n de su padre quien era, a su vez, el psiquiatra de cabecera de Nilda Patricia Velasco la \u201cprimera dama\u201d. Tambi\u00e9n as\u00ed lo public\u00f3 Juan Carlos Romero en <em>Letras Libres<\/em> (mayo 2013): \u201cNilda Patricia Velasco, esposa del presidente Ernesto Zedillo, recib\u00eda ayuda psiqui\u00e1trica y que Juan Ram\u00f3n de la Fuente hab\u00eda recibido la Secretar\u00eda de Salud como agradecimiento porque su padre hab\u00eda sido m\u00e9dico de la primera dama\u201d, haciendo referencia a un serio problema de alcoholismo.<\/p>\n<p>Juan Ram\u00f3n supo ganarse la simpat\u00eda de los j\u00f3venes. En su \u00faltima visita al estadio de CU como rector, en plena explanada del recinto los muchachos le gritaban \u201cJuan Ram\u00f3n para Presidente\u201d si no mal recuerdo una goleada de Pumas al Veracruz 8-0 (noviembre 2007) dirigidos por Antonio Mohamed. Se comentaba entonces: Juan Ram\u00f3n 8 a\u00f1os en rector\u00eda, Pumas lo despide con goleada de 8. De la Fuente era capaz de sugerir a Hugo S\u00e1nchez, en sus mejores momentos, \u201cno hables tanto, nadie aguanta una declaraci\u00f3n diaria\u201d o a Ren\u00e9 Drucker: \u201cb\u00e1jale a tu soberbia\u201d.<\/p>\n<p>En el marco de conferencias en la Fundaci\u00f3n Elena Poniatowska, Juan Ram\u00f3n se present\u00f3 a dar una charla sobre el Movimiento Estudiantil de 1968 y en la cual fue increpado por ex integrantes del Consejo General de Huelga de 1999-2000.<\/p>\n<p>En alguna ocasi\u00f3n, en casa de sus padres, en el Pedregal, al concluir una entrevista para mi programa Va en Serio de Mexiquense TV, charlamos largo tiempo. Me hizo dos confesiones interesantes, me record\u00f3 que los candidatos a la Presidencia lo hab\u00edan visitado en Rector\u00eda. Me se\u00f1al\u00f3 que fue Calder\u00f3n y no AMLO, quien mas asisti\u00f3, aunque reconoci\u00f3 que el tabasque\u00f1o hizo h\u00e1bilmente p\u00fablicos sus encuentros y por ello lo ligaban a \u00e9l.<\/p>\n<p>Pero estaba inc\u00f3modo, insatisfecho, debido a que en una entrevista nocturna de televisi\u00f3n con L\u00f3pez-D\u00f3riga, sin m\u00e1s ni m\u00e1s, AMLO lo propuso como su probable secretario de Gobernaci\u00f3n haciendo grotescamente a un lado a Marcelo Ebrard, quien ya hab\u00eda recibido la propuesta. Me coment\u00f3 que lo despert\u00f3 su vocero N\u00e9stor Mart\u00ednez Cristo para informarle lo ocurrido y le pidi\u00f3 entonces operar una estrategia para evitar, al d\u00eda siguiente, una entrevista callejera al t\u00e9rmino de un evento al que acudir\u00eda.<\/p>\n<p>Estaba molesto, no hab\u00eda hablado con AMLO de ese tema y me asegur\u00f3 que \u00e9l no estar\u00eda dispuesto a sumarse al proyecto pol\u00edtico de AMLO, sin embargo en 2018 fue designado por el presidente AMLO como representante de M\u00e9xico ante la ONU.<\/p>\n<p>Juan Ram\u00f3n fue duramente criticado por no defender a la UNAM cuando L\u00f3pez Obrador declar\u00f3 que la instituci\u00f3n se empez\u00f3 a derechizar cuando los organismos financieros internacionales pidieron aplicar el modelo neoliberal e impusieron lo que llamaron reformas estructurales. Desde antes, que empezaron a querer cobrar colegiaturas. Imag\u00ednense ese pensamiento de d\u00f3nde surgi\u00f3, de la pol\u00edtica neoliberal, enfatiz\u00f3 incluyendo al periodo de De la Fuente. El silencio del ex rector en defensa de la UNAM fue muy mal calificado.<\/p>\n<p>De la Fuente asumi\u00f3 entonces un cargo diplom\u00e1tico, siendo en rango inferior incluso (iron\u00eda) que Marcelo Ebrard. Ahora anticipa su regreso a la UNAM \u201ca dar clases\u201d, pero no es casual el acomodo de calendario cuando se viene el cambio en Rector\u00eda.<\/p>\n<p>De la Fuente ha sido suministro de informaci\u00f3n de la 4T sobre lo que ocurre al interior de la casa de estudios. Recibe informaci\u00f3n confiable y confidencial desde la propia Rector\u00eda, m\u00e1s no del rector. Es un enlace estrat\u00e9gico de AMLO. Los movimientos para la sucesi\u00f3n de Graue ya son visibles y ahora est\u00e1 Rosaura Mart\u00ednez Ruiz (hija del \u201cPino\u201d y Rosaura Ruiz, quien tambi\u00e9n dej\u00f3 un cargo con Sheinbaum en el gobierno de la CDMX para tambi\u00e9n incorporarse a la UNAM).<\/p>\n<p>Llama la atenci\u00f3n la actividad de Imanol Ordorika, gente muy ligada a la izquierda dentro del Consejo Estudiantil Universitario, el cual fue dirigido y controlado por una \u00e9lite integrada por tres consejeros universitarios y su c\u00edrculo cercano, en el cual se encontraba Claudia Sheinbaum.<\/p>\n<p>Los consejeros eran Imanol Ordorika, Antonio Santos y Carlos Imaz. Este grupo control\u00f3 el curso del movimiento, se atribu\u00eda la interlocuci\u00f3n directa al ser los representantes \u00fanicos, ya que no hab\u00eda rotatividad de los delegados en las asambleas, pero hoy, Ordorika habla de que la UNAM presenta una cultura autoritaria y poco democr\u00e1tica, siguiendo la l\u00ednea de pensamiento de AMLO. Muchos presuponen que el d\u00fao De la Fuente-Narro opera para favorecer la continuidad de los m\u00e9dicos en Rector\u00eda. S\u00ed pesan los acomodos y presiones de estos dos ex rectores. Por ello crecen las sospechas del regreso aparentemente casual de De La Fuente.<\/p>\n<p>Un sujeto altamente pol\u00edtico, activo e inquieto como De La Fuente no es de los que programan su vida s\u00f3lo en las aulas y leyendo el peri\u00f3dico. Le gusta estar en la pol\u00edtica, hacer pol\u00edtica, medir su fuerza, aprovechar sus relaciones y esperar tiempos para actuar. Ha sido cuidadoso en no declarar sobre el caso de la ministra Yasm\u00edn Esquivel y los misiles contra la UNAM, as\u00ed como del escandaloso fracaso educativo del sexenio, y eso lo coloca contra la pared. \u00c9l particip\u00f3, lo reconoce y presume, en las negociaciones y acuerdos con AMLO para impedir que el proceso electoral desestabilizara a la UNAM y lo logr\u00f3. El pacto directo fue con AMLO.<\/p>\n<p>Pero De La Fuente sabe que hoy m\u00e1s que nunca la casa de estudios se encuentra vulnerable ante los constantes ataques desde Palacio Nacional y est\u00e1 consciente de que las agresiones contra el rector Enrique Graue son injustas, programadas, ofensivas y aun as\u00ed tambi\u00e9n ha guardado c\u00f3mplice silencio.<\/p>\n<p>Veo entonces la interrogante, \u00bfa qu\u00e9 viene Juan Ram\u00f3n de la Fuente? A dar clases y asistir en la platea del estadio a los partidos de los Pumas? \u00bfO viene a festejar su cumplea\u00f1os el 5 de septiembre? \u00bfDif\u00edcil de creer no?<\/p>\n<p>Lo \u00fanico evidente es que decidi\u00f3 servir en un gobierno que va contra sus convicciones, formaci\u00f3n familiar (de empuje, de talento, de aspiraci\u00f3n, de evitar mentiras, enga\u00f1os, estafas, de trabajar para el pa\u00eds sin abusar de los vulnerables, de crear ciencia) rectitud profesional y \u00e9tica universitaria. Alg\u00fan d\u00eda dar\u00e1 explicaciones.<\/p>\n<p><a href=\"https:\/\/twitter.com\/cramospadilla?ref_src=twsrc%5Egoogle%7Ctwcamp%5Eserp%7Ctwgr%5Eauthor\" target=\"_blank\" rel=\"noopener\"><em>@cramospadilla<\/em><\/a><\/p>\n<blockquote><p><em>* Conductor del programa <strong>Va en serio<\/strong>, Mexiquense TV Canal 34.2, IZZI Canal 135 y Mexiquense Radio.<\/em><\/p><\/blockquote>\n","protected":false},"excerpt":{"rendered":"<p><span style=\"color: #005497;\"><strong>Carlos Ramos Padilla<\/strong><\/span><\/p>\n","protected":false},"author":3,"featured_media":0,"comment_status":"open","ping_status":"open","sticky":false,"template":"","format":"standard","meta":{"_monsterinsights_skip_tracking":false,"_monsterinsights_sitenote_active":false,"_monsterinsights_sitenote_note":"","_monsterinsights_sitenote_category":0,"footnotes":""},"categories":[97109],"tags":[97108,43674,97107],"class_list":["post-588974","post","type-post","status-publish","format-standard","hentry","category-carlos-ramos-padilla","tag-carlos-ramos-padilla","tag-opinion","tag-se-comenta-solo-con"],"_links":{"self":[{"href":"https:\/\/www.diarioimagen.net\/index.php?rest_route=\/wp\/v2\/posts\/588974","targetHints":{"allow":["GET"]}}],"collection":[{"href":"https:\/\/www.diarioimagen.net\/index.php?rest_route=\/wp\/v2\/posts"}],"about":[{"href":"https:\/\/www.diarioimagen.net\/index.php?rest_route=\/wp\/v2\/types\/post"}],"author":[{"embeddable":true,"href":"https:\/\/www.diarioimagen.net\/index.php?rest_route=\/wp\/v2\/users\/3"}],"replies":[{"embeddable":true,"href":"https:\/\/www.diarioimagen.net\/index.php?rest_route=%2Fwp%2Fv2%2Fcomments&post=588974"}],"version-history":[{"count":0,"href":"https:\/\/www.diarioimagen.net\/index.php?rest_route=\/wp\/v2\/posts\/588974\/revisions"}],"wp:attachment":[{"href":"https:\/\/www.diarioimagen.net\/index.php?rest_route=%2Fwp%2Fv2%2Fmedia&parent=588974"}],"wp:term":[{"taxonomy":"category","embeddable":true,"href":"https:\/\/www.diarioimagen.net\/index.php?rest_route=%2Fwp%2Fv2%2Fcategories&post=588974"},{"taxonomy":"post_tag","embeddable":true,"href":"https:\/\/www.diarioimagen.net\/index.php?rest_route=%2Fwp%2Fv2%2Ftags&post=588974"}],"curies":[{"name":"wp","href":"https:\/\/api.w.org\/{rel}","templated":true}]}}