{"id":588989,"date":"2023-07-05T00:08:21","date_gmt":"2023-07-05T06:08:21","guid":{"rendered":"https:\/\/www.diarioimagen.net\/?p=588989"},"modified":"2023-07-05T00:50:59","modified_gmt":"2023-07-05T06:50:59","slug":"el-pri-y-sus-crisis","status":"publish","type":"post","link":"https:\/\/www.diarioimagen.net\/?p=588989","title":{"rendered":"El PRI y sus crisis"},"content":{"rendered":"<h2>Punto por punto<\/h2>\n<h5>Augusto Corro<\/h5>\n<p>&nbsp;<\/p>\n<p>Se agudiza la crisis pol\u00edtica en el interior del Partido Revolucionario Institucional (PRI) con la renuncia de cuatro senadores a la organizaci\u00f3n tricolor.<\/p>\n<p>Los legisladores que decidieron dejar el PRI son: Miguel \u00c1ngel Osorio Chong, Nuvia Mayorga, Claudia Ruiz Massieu y Eruviel \u00c1vila.<\/p>\n<p>Tambi\u00e9n renunciaron alrededor de 300 dirigentes locales y federales de todo el pa\u00eds. El siguiente paso es la fundaci\u00f3n del grupo Congruencia por M\u00e9xico.<\/p>\n<p>Entre los senadores que renunciaron al PRI, Miguel \u00c1ngel Osorio Chong acus\u00f3 al dirigente del partido, Alejandro \u201cAlito\u201d Moreno, de destruir el instituto pol\u00edtico y llevarlo al precipicio.<\/p>\n<p>Aclar\u00f3 el legislador que en el Senado no se sumar\u00e1n ni a la bancada de Movimiento Ciudadano (MC) ni al Grupo Plural.<\/p>\n<p>Dijo tambi\u00e9n que emprender\u00e1n reuniones en todo el territorio nacional para acercarse con todos los ciudadanos que les han manifestado su apoyo.<\/p>\n<p>\u201cNo se equivoquen, ni nos retiramos de la pol\u00edtica, ni nos hacemos a un lado. Hay mucho m\u00e1s que hacer en este pa\u00eds\u201d, manifest\u00f3 Osorio Chong.<\/p>\n<p>Como se sabe, el ex secretario de Gobernaci\u00f3n en el sexenio de Enrique Pe\u00f1a Nieto es un enemigo declarado de \u201cAlito\u201d.<\/p>\n<p>Al comparecer ante los medios de comunicaci\u00f3n, el senador Osorio Chong acus\u00f3 al dirigente priista, Alejandro Moreno, no s\u00f3lo de perder 11 gubernaturas, sino de \u201cdestruir\u201d y \u201chacer pedazos\u201d al instituto pol\u00edtico.<\/p>\n<p>\u201cHoy ese PRI lo perdimos, est\u00e1 extraviado, ausente, perdi\u00f3 la ruta y con una dirigencia soberbia que solo se preocupa por construir incondicionales y alejarse totalmente de la militancia y de la sociedad\u201d, se\u00f1al\u00f3 el senador.<\/p>\n<p>\u201cS\u00ed, Alejandro Moreno en poco tiempo desvi\u00f3 a nuestro gran instituto pol\u00edtico, mir\u00f3 s\u00f3lo para sus propios intereses, su ambici\u00f3n y para su protecci\u00f3n de todo lo que p\u00fablicamente es se\u00f1alado y acusado. Lo destruy\u00f3 todo\u201d, afirm\u00f3 Osorio Chong.<\/p>\n<p>Por su parte, el dirigente del PRI asever\u00f3 que los militantes que abandonan el partido es que ya se dieron cuenta de que no habr\u00e1 priistas de primera y de segunda, ni los que chantajean o se sienten intocables.<\/p>\n<p>\u201cAlito\u201d se\u00f1al\u00f3 tambi\u00e9n que el PRI no volver\u00e1 a ser de quienes s\u00f3lo buscan el cargo, se sienten intocables y se resguardan tras un escritorio o un tel\u00e9fono celular sin despeinarse.<\/p>\n<p>El dirigente tricolor puntualiz\u00f3 al presidente L\u00f3pez Obrador que lo peor que ten\u00eda el PRI se lo llev\u00f3 Morena, incluy\u00e9ndolo a \u00e9l que milit\u00f3 en el tricolor, y a tres de sus corcholatas.<\/p>\n<p>El Partido Revolucionario Institucional (PRI) pasa por tiempos dif\u00edciles que aceleran su desaparici\u00f3n como organizaci\u00f3n pol\u00edtica.\u00a0 Tras m\u00e1s de setenta a\u00f1os como instituci\u00f3n en el poder, ahora gobierna en unos cuantos estados.<\/p>\n<p>El Revolucionario Institucional empez\u00f3 a perder fuerza desde antes de 2000, cuando cedi\u00f3 el gobierno de la Rep\u00fablica a los panistas encabezados por Vicente Fox.<\/p>\n<p>En sexenios anteriores la condici\u00f3n autoritaria de los priistas les permit\u00eda manejar a su antojo los resultados de las elecciones.<\/p>\n<p>Empez\u00f3 a desdibujarse la imagen ganadora de los priistas. A Fox le sucedi\u00f3 en el poder el tambi\u00e9n panista Felipe Calder\u00f3n.<\/p>\n<p>En 2012, el priista Enrique Pe\u00f1a Nieto logr\u00f3 recuperar la Presidencia de la Rep\u00fablica, pero en el 2018 la volvi\u00f3 a perder.<\/p>\n<p>A partir del triunfo de Andr\u00e9s Manuel L\u00f3pez Obrador los partidos pol\u00edticos opositores optaron por una actividad pol\u00edtica pasiva.<\/p>\n<p>S\u00f3lo se ve a las instituciones opositoras en temporada de elecciones, con resultados muy pobres.<\/p>\n<p>Sin embargo, la lucha interna en los partidos contin\u00faa sin importarles su debilitamiento. Por ejemplo, en el PRI las pugnas internas tienen al partido en la lona y en v\u00edas de extinci\u00f3n.<\/p>\n<p>\u00bfUsted qu\u00e9 opina amable lector?<\/p>\n<p><a href=\"mailto:augustocorro2742@gmail.com\" target=\"_blank\" rel=\"noopener\"><em>augustocorro2742@gmail.com<\/em><\/a><\/p>\n","protected":false},"excerpt":{"rendered":"<p><span style=\"color: #005497;\"><strong>Augusto Corro<\/strong><\/span><\/p>\n","protected":false},"author":3,"featured_media":0,"comment_status":"open","ping_status":"open","sticky":false,"template":"","format":"standard","meta":{"_monsterinsights_skip_tracking":false,"_monsterinsights_sitenote_active":false,"_monsterinsights_sitenote_note":"","_monsterinsights_sitenote_category":0,"footnotes":""},"categories":[157],"tags":[43686,43674,11515],"class_list":["post-588989","post","type-post","status-publish","format-standard","hentry","category-augusto-corro","tag-augusto-corro","tag-opinion","tag-punto-por-punto"],"_links":{"self":[{"href":"https:\/\/www.diarioimagen.net\/index.php?rest_route=\/wp\/v2\/posts\/588989","targetHints":{"allow":["GET"]}}],"collection":[{"href":"https:\/\/www.diarioimagen.net\/index.php?rest_route=\/wp\/v2\/posts"}],"about":[{"href":"https:\/\/www.diarioimagen.net\/index.php?rest_route=\/wp\/v2\/types\/post"}],"author":[{"embeddable":true,"href":"https:\/\/www.diarioimagen.net\/index.php?rest_route=\/wp\/v2\/users\/3"}],"replies":[{"embeddable":true,"href":"https:\/\/www.diarioimagen.net\/index.php?rest_route=%2Fwp%2Fv2%2Fcomments&post=588989"}],"version-history":[{"count":0,"href":"https:\/\/www.diarioimagen.net\/index.php?rest_route=\/wp\/v2\/posts\/588989\/revisions"}],"wp:attachment":[{"href":"https:\/\/www.diarioimagen.net\/index.php?rest_route=%2Fwp%2Fv2%2Fmedia&parent=588989"}],"wp:term":[{"taxonomy":"category","embeddable":true,"href":"https:\/\/www.diarioimagen.net\/index.php?rest_route=%2Fwp%2Fv2%2Fcategories&post=588989"},{"taxonomy":"post_tag","embeddable":true,"href":"https:\/\/www.diarioimagen.net\/index.php?rest_route=%2Fwp%2Fv2%2Ftags&post=588989"}],"curies":[{"name":"wp","href":"https:\/\/api.w.org\/{rel}","templated":true}]}}